{"id":134848,"date":"2026-01-11T18:50:07","date_gmt":"2026-01-11T18:50:07","guid":{"rendered":"https:\/\/www.europesays.com\/no\/134848\/"},"modified":"2026-01-11T18:50:07","modified_gmt":"2026-01-11T18:50:07","slug":"krevende-terreng-nrk-vestland","status":"publish","type":"post","link":"https:\/\/www.europesays.com\/no\/134848\/","title":{"rendered":"\u2013 Krevende terreng \u2013 NRK Vestland"},"content":{"rendered":"<p>\u2013 Vi arbeider med \u00e5 skaffe oss et overblikk, men vi ser at brannen n\u00e5 truer bebyggelse.<\/p>\n<p>Det sier vaktkommand\u00f8r Stian Kvam til NRK klokken 18.51.<\/p>\n<p><strong>Klokken 18.58 melder politiets operasjonsleder Tore Andre Brakstad at de er i gang med \u00e5 evakuere beboere p\u00e5 nordsiden av Han\u00f8yvegen p\u00e5 Ask\u00f8y.<\/strong><\/p>\n<p>Politiets operasjonsleder beskriver terrenget som krevende.<\/p>\n<p><strong>Det er sendt ut gult farevarsel for kraftig vind p\u00e5 Vestlandet. If\u00f8lge Yr er det vindkast p\u00e5 opp mot 19 meter sekunder p\u00e5 Ask\u00f8y s\u00f8ndag kveld.<\/strong><\/p>\n<p>Over 25 telefoner til brannvesenet<\/p>\n<p>N\u00f8detatene ble varslet om brannen klokken 18.34.<\/p>\n<p>Flere personer ringte inn etter \u00e5 ha sett brann og r\u00f8yk i terrenget.<\/p>\n<p>Klokken 18.41 var brannvesenet p\u00e5 plass.<\/p>\n<p><strong>\u2013 Vi hadde over 25 telefoner som varslet om brannen, og det fra omr\u00e5der langt ifra. S\u00e5 denne brannen er sv\u00e6rt synlig, sier brannvesenets Stian Kvam.<\/strong><\/p>\n<p>\u2013 Langvarig og krevende<\/p>\n<p>Vaktkommand\u00f8r Stian Kvam sier til NRK klokken 19.20 at det n\u00e5 er satt inn brannb\u00e5t, som sammen med mannskap fra tre stasjoner skal bekjempe brannen.<\/p>\n<p>\u2013 Helikopter flyr ikke i m\u00f8rket, s\u00e5 per n\u00e5 er det ikke aktuelt \u00e5 be om, sier Kvam.<\/p>\n<p>Han forteller at v\u00e6rforholdene gj\u00f8r brannvesenets jobb betydelig verre.<\/p>\n<p><strong>\u2013 Det brenner over et stort omr\u00e5de. Vinden gj\u00f8r at brannen <\/strong>\u00ab<strong>hopper<\/strong>\u00bb<strong> fra tre til tre og gj\u00f8r det vanskelig for oss. Arbeidet med \u00e5 f\u00e5 slukket brannen vil bli b\u00e5de krevende og langvarig. <\/strong><\/p>\n<p>Publisert<\/p>\n<p>11.01.2026, kl. 18.59<\/p>\n<p>Oppdatert<\/p>\n<p>11.01.2026, kl. 19.42<\/p>\n","protected":false},"excerpt":{"rendered":"\u2013 Vi arbeider med \u00e5 skaffe oss et overblikk, men vi ser at brannen n\u00e5 truer bebyggelse. Det&hellip;\n","protected":false},"author":2,"featured_media":134849,"comment_status":"","ping_status":"","sticky":false,"template":"","format":"standard","meta":{"footnotes":""},"categories":[5],"tags":[20,21,24,25,15,19,22,23,17,18,13,30,28,29,14,16,26,27],"class_list":{"0":"post-134848","1":"post","2":"type-post","3":"status-publish","4":"format-standard","5":"has-post-thumbnail","7":"category-overskrifter","8":"tag-breaking-news","9":"tag-breakingnews","10":"tag-featured-news","11":"tag-featurednews","12":"tag-headlines","13":"tag-hovedoppslag","14":"tag-latest-news","15":"tag-latestnews","16":"tag-main-news","17":"tag-mainnews","18":"tag-news","19":"tag-no","20":"tag-norge","21":"tag-norway","22":"tag-nyheter","23":"tag-overskrifter","24":"tag-top-stories","25":"tag-topstories"},"share_on_mastodon":{"url":"https:\/\/pubeurope.com\/@no\/115877971580786257","error":""},"_links":{"self":[{"href":"https:\/\/www.europesays.com\/no\/wp-json\/wp\/v2\/posts\/134848","targetHints":{"allow":["GET"]}}],"collection":[{"href":"https:\/\/www.europesays.com\/no\/wp-json\/wp\/v2\/posts"}],"about":[{"href":"https:\/\/www.europesays.com\/no\/wp-json\/wp\/v2\/types\/post"}],"author":[{"embeddable":true,"href":"https:\/\/www.europesays.com\/no\/wp-json\/wp\/v2\/users\/2"}],"replies":[{"embeddable":true,"href":"https:\/\/www.europesays.com\/no\/wp-json\/wp\/v2\/comments?post=134848"}],"version-history":[{"count":0,"href":"https:\/\/www.europesays.com\/no\/wp-json\/wp\/v2\/posts\/134848\/revisions"}],"wp:featuredmedia":[{"embeddable":true,"href":"https:\/\/www.europesays.com\/no\/wp-json\/wp\/v2\/media\/134849"}],"wp:attachment":[{"href":"https:\/\/www.europesays.com\/no\/wp-json\/wp\/v2\/media?parent=134848"}],"wp:term":[{"taxonomy":"category","embeddable":true,"href":"https:\/\/www.europesays.com\/no\/wp-json\/wp\/v2\/categories?post=134848"},{"taxonomy":"post_tag","embeddable":true,"href":"https:\/\/www.europesays.com\/no\/wp-json\/wp\/v2\/tags?post=134848"}],"curies":[{"name":"wp","href":"https:\/\/api.w.org\/{rel}","templated":true}]}}