{"id":134851,"date":"2026-01-11T18:58:33","date_gmt":"2026-01-11T18:58:33","guid":{"rendered":"https:\/\/www.europesays.com\/no\/134851\/"},"modified":"2026-01-11T18:58:33","modified_gmt":"2026-01-11T18:58:33","slug":"bjorn-magnussen-tok-em-bronse-pa-500-meter-tross-feilskjaer","status":"publish","type":"post","link":"https:\/\/www.europesays.com\/no\/134851\/","title":{"rendered":"Bj\u00f8rn Magnussen tok EM-bronse p\u00e5 500 meter tross feilskj\u00e6r"},"content":{"rendered":"\n<p class=\"_lead_o9xde_2 _lead_xtcu6_50 layout-component text-serif-m layout-normal text-serif-l layout-component layout-wide layout-padded _wide_17hqh_1 layout-padded\">Tross et feilskj\u00e6r i f\u00f8rste sving gikk Bj\u00f8rn Magnussen inn til 35,12 og tok bronse p\u00e5 500 meter i sk\u00f8yte-EM, bak to polske hjemmel\u00f8pere.<\/p>\n<p><img alt=\"Bj\u00f8rn Magnussen tok bronse p\u00e5 500 meter i sk\u00f8yte-EM.  Foto: Geir Olsen \/ NTB\" class=\"_image_qp4xg_65 layout-component layout-wide\" data-fullscreen- data-track-element-type=\"Article image fullscreen\" data-track-name=\"ImageFullscreen\" fetchpriority=\"high\" decoding=\"sync\" loading=\"eager\" height=\"5464\" itemprop=\"image\"  src=\"https:\/\/www.europesays.com\/no\/wp-content\/uploads\/2026\/01\/85eef4c4-b211-45cc-870f-ae52e5c7208d.jpeg\"  style=\"object-position:0% 0%\" width=\"8192\"\/>Bj\u00f8rn Magnussen tok bronse p\u00e5 500 meter i sk\u00f8yte-EM.  Foto: Geir Olsen \/ NTB<\/p>\n<ul aria-hidden=\"true\" class=\"_images_ntbth_112\">\n<li><a class=\"_link_ntbth_117\" href=\"https:\/\/www.vg.no\/forfatter\/ntb\" style=\"z-index:1\" title=\"NTB\" rel=\"nofollow noopener\" target=\"_blank\"><img alt=\"Bilde av NTB\" class=\"_image_ntbth_93\" fetchpriority=\"low\" loading=\"lazy\" decoding=\"async\" itemprop=\"image\"  src=\"https:\/\/www.europesays.com\/no\/wp-content\/uploads\/2026\/01\/1768157913_507_c33980b0-5d07-4027-84a1-813f90a7c8d6.png\"  width=\"480\"\/><\/a><\/li>\n<\/ul>\n<p> Oppdatert s\u00f8ndag 11. januar kl. 16:30     <\/p>\n<p class=\"_paragraph_o9xde_4 _paragraph_xtcu6_10 layout-component text-serif-m layout-normal text-serif-m layout-padded\">Damian Zurek vant p\u00e5 34,52, med Marek Kania p\u00e5 s\u00f8lvplass med 34,82.<\/p>\n<p class=\"_paragraph_o9xde_4 _paragraph_xtcu6_10 layout-component text-serif-m layout-normal text-serif-m layout-padded\">\u2013 Det var en god \u00e5pning og en begredelig f\u00f8rste sving. Jeg trodde kanskje ikke det skulle holde, men det viser at jeg har et bra niv\u00e5 inne. Jeg er forn\u00f8yd n\u00e5r jeg gj\u00f8r et d\u00e5rlig l\u00f8p og fortsatt er i topp tre, sa Magnussen til Viaplay.<\/p>\n<p class=\"_paragraph_o9xde_4 _paragraph_xtcu6_10 layout-component text-serif-m layout-normal text-serif-m layout-padded\">Magnussen gikk i nest siste par med Zurek og innledet knallsterkt med 9,68, som var bestetid. Han fikk ikke til den f\u00f8rste svingen og var sjansel\u00f8s mot lagkameraten.<\/p>\n<p>Forn\u00f8yd med medaljen<\/p>\n<p class=\"_paragraph_o9xde_4 _paragraph_xtcu6_10 layout-component text-serif-m layout-normal text-serif-m layout-padded\">\u2013 Jeg fikk et feilskj\u00e6r inn i svingen, ble h\u00f8y og fikk ikke noe tr\u00f8kk. Det ville v\u00e6rt vanskelig \u00e5 sl\u00e5 Zurek uansett, men jeg skulle iallfall v\u00e6rt i n\u00e6rheten om jeg fikk til den f\u00f8rste svingen, sa nordmannen.<\/p>\n<p class=\"_paragraph_o9xde_4 _paragraph_xtcu6_10 layout-component text-serif-m layout-normal text-serif-m layout-padded\">\u2013 Men jeg er forn\u00f8yd med min f\u00f8rste individuelle mesterskapsmedalje.<\/p>\n<p class=\"_paragraph_o9xde_4 _paragraph_xtcu6_10 layout-component text-serif-m layout-normal text-serif-m layout-padded\">Sprinttrener H\u00e5vard Lorentzen var like klar p\u00e5 at den f\u00f8rste svingen \u00f8dela mye.<\/p>\n<p>\u2013 Alt annet enn god<\/p>\n<p class=\"_paragraph_o9xde_4 _paragraph_xtcu6_10 layout-component text-serif-m layout-normal text-serif-m layout-padded\">\u2013 Bj\u00f8rn gikk 400 gode meter, men f\u00f8rste sving var alt annet enn god. Hvis du ikke bygger fart der, blir det vanskelig, sa han.<\/p>\n<p class=\"_paragraph_o9xde_4 _paragraph_xtcu6_10 layout-component text-serif-m layout-normal text-serif-m layout-padded\">I siste par ble tiden hans utfordret av Marten Liiv og Stefan Westenbroek, men nederlenderen falt, og estlenderen m\u00e5tte n\u00f8ye seg med femteplass.<\/p>\n<p class=\"_paragraph_o9xde_4 _paragraph_xtcu6_10 layout-component text-serif-m layout-normal text-serif-m layout-padded\">Henrik Fagerli Rukke ble nummer 10 og Siver Brattgjerd 11. L\u00f8rdag tok de tre nordmennene bronse sammen i lagsprint.<\/p>\n","protected":false},"excerpt":{"rendered":"Tross et feilskj\u00e6r i f\u00f8rste sving gikk Bj\u00f8rn Magnussen inn til 35,12 og tok bronse p\u00e5 500 meter&hellip;\n","protected":false},"author":2,"featured_media":134852,"comment_status":"","ping_status":"","sticky":false,"template":"","format":"standard","meta":{"footnotes":""},"categories":[12],"tags":[20,21,24,25,15,22,23,13,30,28,29,14,16,26,27,42,43,44,45],"class_list":{"0":"post-134851","1":"post","2":"type-post","3":"status-publish","4":"format-standard","5":"has-post-thumbnail","7":"category-verden","8":"tag-breaking-news","9":"tag-breakingnews","10":"tag-featured-news","11":"tag-featurednews","12":"tag-headlines","13":"tag-latest-news","14":"tag-latestnews","15":"tag-news","16":"tag-no","17":"tag-norge","18":"tag-norway","19":"tag-nyheter","20":"tag-overskrifter","21":"tag-top-stories","22":"tag-topstories","23":"tag-verden","24":"tag-world","25":"tag-world-news","26":"tag-worldnews"},"share_on_mastodon":{"url":"https:\/\/pubeurope.com\/@no\/115878002923145126","error":""},"_links":{"self":[{"href":"https:\/\/www.europesays.com\/no\/wp-json\/wp\/v2\/posts\/134851","targetHints":{"allow":["GET"]}}],"collection":[{"href":"https:\/\/www.europesays.com\/no\/wp-json\/wp\/v2\/posts"}],"about":[{"href":"https:\/\/www.europesays.com\/no\/wp-json\/wp\/v2\/types\/post"}],"author":[{"embeddable":true,"href":"https:\/\/www.europesays.com\/no\/wp-json\/wp\/v2\/users\/2"}],"replies":[{"embeddable":true,"href":"https:\/\/www.europesays.com\/no\/wp-json\/wp\/v2\/comments?post=134851"}],"version-history":[{"count":0,"href":"https:\/\/www.europesays.com\/no\/wp-json\/wp\/v2\/posts\/134851\/revisions"}],"wp:featuredmedia":[{"embeddable":true,"href":"https:\/\/www.europesays.com\/no\/wp-json\/wp\/v2\/media\/134852"}],"wp:attachment":[{"href":"https:\/\/www.europesays.com\/no\/wp-json\/wp\/v2\/media?parent=134851"}],"wp:term":[{"taxonomy":"category","embeddable":true,"href":"https:\/\/www.europesays.com\/no\/wp-json\/wp\/v2\/categories?post=134851"},{"taxonomy":"post_tag","embeddable":true,"href":"https:\/\/www.europesays.com\/no\/wp-json\/wp\/v2\/tags?post=134851"}],"curies":[{"name":"wp","href":"https:\/\/api.w.org\/{rel}","templated":true}]}}