{"id":134859,"date":"2026-01-11T19:06:11","date_gmt":"2026-01-11T19:06:11","guid":{"rendered":"https:\/\/www.europesays.com\/no\/134859\/"},"modified":"2026-01-11T19:06:11","modified_gmt":"2026-01-11T19:06:11","slug":"fikk-griseblod-pa-doren","status":"publish","type":"post","link":"https:\/\/www.europesays.com\/no\/134859\/","title":{"rendered":"\u2013 Fikk griseblod p\u00e5 d\u00f8ren"},"content":{"rendered":"\n<p class=\"_lead_o9xde_2 _lead_xtcu6_50 layout-component text-serif-m layout-normal text-serif-l layout-component layout-wide layout-padded _wide_17hqh_1 layout-padded\">Den tidligere toppbloggeren (34) snakker ut i svensk avis om de tunge \u00e5rene.<\/p>\n<p><img alt=\"EKS-BLOGGER: Alexandra \u00abKissie\u00bb Nilsson p\u00e5 en kinopremiere i Stockholm i 2020. Foto: Fredrik Sandberg\/TT \/ TT Nyhetsbyr\u00e5n \/ NTB\" class=\"_image_qp4xg_65 layout-component layout-wide\" data-fullscreen- data-track-element-type=\"Article image fullscreen\" data-track-name=\"ImageFullscreen\" fetchpriority=\"high\" decoding=\"sync\" loading=\"eager\" height=\"1792\" itemprop=\"image\"  src=\"https:\/\/www.europesays.com\/no\/wp-content\/uploads\/2026\/01\/1c3270a5-b6d0-493a-9b08-a9f66843a600.jpeg\"  style=\"object-position:0% 0%\" width=\"2444\"\/>EKS-BLOGGER: Alexandra \u00abKissie\u00bb Nilsson p\u00e5 en kinopremiere i Stockholm i 2020. Foto: Fredrik Sandberg\/TT \/ TT Nyhetsbyr\u00e5n \/ NTB<\/p>\n<ul aria-hidden=\"true\" class=\"_images_ntbth_112\">\n<li><a class=\"_link_ntbth_117\" href=\"https:\/\/www.vg.no\/forfatter\/catherine-gonsholt-ighanian\" style=\"z-index:1\" title=\"Catherine Gonsholt Ighanian\" rel=\"nofollow noopener\" target=\"_blank\"><img alt=\"Bilde av Catherine Gonsholt Ighanian\" class=\"_image_ntbth_93\" fetchpriority=\"low\" loading=\"lazy\" decoding=\"async\" itemprop=\"image\"  src=\"https:\/\/www.europesays.com\/no\/wp-content\/uploads\/2026\/01\/1768158370_794_72dca32d-ee6f-474c-a50e-72a9bb49f38a.jpeg\"  width=\"480\"\/><\/a><\/li>\n<\/ul>\n<p> Oppdatert s\u00f8ndag 11. januar kl. 19:45    <\/p>\n<ul class=\"_list_o9xde_3 _list_64s2r_85 _unordered_o9xde_106 text-sans-m\">\n<li class=\"_item_o9xde_30\">Tidligere toppblogger Alexandra \u00abKissie\u00bb Nilsson \u00e5pner opp om de vanskelige \u00e5rene i bransjen.<\/li>\n<li class=\"_item_o9xde_30\">Startet bloggen som 14-\u00e5ring, men den store oppmerksomheten tok p\u00e5.<\/li>\n<li class=\"_item_o9xde_30\">Hatmeldinger og trusler f\u00f8rte til at hun sluttet \u00e5 blogge i 2020.<\/li>\n<li class=\"_item_o9xde_30\">N\u00e5 nyter hun livet med kj\u00e6resten.<\/li>\n<\/ul>\n<p>Vis mer <\/p>\n<p class=\"_paragraph_o9xde_4 _paragraph_xtcu6_10 layout-component text-serif-m layout-normal text-serif-m layout-padded\">Alexandra \u00abKissie\u00bb Nilsson ble omtalt som Sverige svar p\u00e5 Sophie Elise. <\/p>\n<p class=\"_paragraph_o9xde_4 _paragraph_xtcu6_10 layout-component text-serif-m layout-normal text-serif-m layout-padded\">Hun var bare 14 \u00e5r da hun i 2007 startet i bransjen, som var n\u00e6r ved \u00e5 knekke henne.<\/p>\n<p class=\"_paragraph_o9xde_4 _paragraph_xtcu6_10 layout-component text-serif-m layout-normal text-serif-m layout-padded\">\u2013 P\u00e5 bloggen var jeg den personen jeg \u00f8nsket \u00e5 v\u00e6re, mens jeg p\u00e5 skolen bare var ensom, sjenert og feig, sier Nilsson i et ferskt intervju med <a href=\"https:\/\/www.aftonbladet.se\/nojesbladet\/a\/k0RJJQ\/alexandra-nilsson-intervju\" class=\"_link_o9xde_39\" rel=\"nofollow noopener\" target=\"_blank\">Aftonbladet<\/a>.<\/p>\n<p class=\"_paragraph_o9xde_4 _paragraph_xtcu6_10 layout-component text-serif-m layout-normal text-serif-m layout-padded\"><a href=\"https:\/\/www.vg.no\/rampelys\/i\/1Eyoe\/svensk-blogger-risikerer-millionbot\" data-track-element-type=\"Link\" data-track-id=\"link:1Eyoe\" class=\"_link_o9xde_39\" rel=\"nofollow noopener\" target=\"_blank\">Bloggen vokste lynraskt<\/a>. Med n\u00e6rmere 600.000 lesere i uken p\u00e5 det meste, var oppmerksomheten stor. Kissie, som hun kalte seg, skrev \u00e5pent om usunne slankekurer, festing og plastiske operasjoner.<\/p>\n<p>\u2013 Var ekstrem<\/p>\n<p class=\"_paragraph_o9xde_4 _paragraph_xtcu6_10 layout-component text-serif-m layout-normal text-serif-m layout-padded\">Og i starten pyntet hun gjerne p\u00e5 virkeligheten for at ting skulle fremst\u00e5 finere enn de var.<\/p>\n<p class=\"_paragraph_o9xde_4 _paragraph_xtcu6_10 layout-component text-serif-m layout-normal text-serif-m layout-padded\">Men folk begynte \u00e5 stille sp\u00f8rsm\u00e5l ved om alt var ekte.<\/p>\n<p class=\"_paragraph_o9xde_4 _paragraph_xtcu6_10 layout-component text-serif-m layout-normal text-serif-m layout-padded\">\u2013 Det var ganske uskyldig helt til folk begynte \u00e5 sp\u00f8rre om jeg var dum i hodet, sier Nilsson til avisen.<\/p>\n<p class=\"_paragraph_o9xde_4 _paragraph_xtcu6_10 layout-component text-serif-m layout-normal text-serif-m layout-padded\">Nilsson skrev krasse svar tilbake og fikk enda mer hat.<\/p>\n<p class=\"_paragraph_o9xde_4 _paragraph_xtcu6_10 layout-component text-serif-m layout-normal text-serif-m layout-padded\">\u2013 Jeg var jo veldig ekstrem i m\u00e5ten jeg s\u00e5 ut og hva jeg sa, mimrer hun \u2013 og forteller at hun skal ha blitt truet p\u00e5 livet og hadde \u00abstalkere\u00bb.<\/p>\n<p class=\"_paragraph_o9xde_4 _paragraph_xtcu6_10 layout-component text-serif-m layout-normal text-serif-m layout-padded\">\u2013 \u00c9n gang fikk jeg griseblod p\u00e5 d\u00f8ren, og det sto \u00abd\u00f8, borgerhore\u00bb.<\/p>\n<p><img alt=\"Alexandra Nilsson p\u00e5 en TV-tilstelning i Stockholm i 2018.  Foto: Stina Stjernkvist\/TT \/ TT Nyhetsbyr\u00e5n \/ NTB\" class=\"_image_qp4xg_65 layout-component layout-normal\" data-fullscreen- data-track-element-type=\"Article image fullscreen\" data-track-name=\"ImageFullscreen\" decoding=\"async\" loading=\"lazy\" height=\"1189\" itemprop=\"image\"  src=\"https:\/\/www.europesays.com\/no\/wp-content\/uploads\/2026\/01\/4016b97e-9669-4b1a-95e4-8bc538e20cdb.png\"  style=\"object-position:0% 0%\" width=\"1474\"\/>Alexandra Nilsson p\u00e5 en TV-tilstelning i Stockholm i 2018.  Foto: Stina Stjernkvist\/TT \/ TT Nyhetsbyr\u00e5n \/ NTB<\/p>\n<p class=\"_paragraph_o9xde_4 _paragraph_xtcu6_10 layout-component text-serif-m layout-normal text-serif-m layout-padded\">Da hun gikk p\u00e5 videreg\u00e5ende skole, skal oppmerksomheten ha blitt s\u00e5 stor at hun distraherte de andre elevene bare ved sin tilstedev\u00e6relse. Det endte med at hun sluttet p\u00e5 skolen og begynte med egenstudier i stedet.<\/p>\n<p class=\"_paragraph_o9xde_4 _paragraph_xtcu6_10 layout-component text-serif-m layout-normal text-serif-m layout-padded\">I 2020 <a href=\"https:\/\/www.vg.no\/rampelys\/i\/mRAqdL\/graatkvalt-kissie-mitt-siste-blogginnlegg\" data-track-element-type=\"Link\" data-track-id=\"link:mRAqdL\" class=\"_link_o9xde_39\" rel=\"nofollow noopener\" target=\"_blank\">sa det br\u00e5stopp<\/a>. Hun orket ikke mer.<\/p>\n<p class=\"_paragraph_o9xde_4 _paragraph_xtcu6_10 layout-component text-serif-m layout-normal text-serif-m layout-padded\">\u2013 Akkurat n\u00e5 f\u00f8ler jeg at bloggen har tatt fra meg alt i stedet for \u00e5 ha gitt meg alt, sa hun gr\u00e5tende i en video p\u00e5 YouTube.<\/p>\n<p class=\"_paragraph_o9xde_4 _paragraph_xtcu6_10 layout-component text-serif-m layout-normal text-serif-m layout-padded\">Og p\u00e5 <a href=\"https:\/\/www.vg.no\/rampelys\/i\/mRAqdL\/graatkvalt-kissie-mitt-siste-blogginnlegg\" data-track-element-type=\"Link\" data-track-id=\"link:mRAqdL\" class=\"_link_o9xde_39\" rel=\"nofollow noopener\" target=\"_blank\">bloggen skrev hun<\/a>:<\/p>\n<p class=\"_paragraph_o9xde_4 _paragraph_xtcu6_10 layout-component text-serif-m layout-normal text-serif-m layout-padded\">\u00abI bunn og grunn har dette aldri v\u00e6rt meg. Jeg skapte et monster som vokste s\u00e5 stort at jeg til slutt mistet kontrollen over det. Monsteret tok over for meg \u2013 helt og fullt\u00bb.<\/p>\n<p class=\"_paragraph_o9xde_4 _paragraph_xtcu6_10 layout-component text-serif-m layout-normal text-serif-m layout-padded\">\u2013 Det er det beste jeg har gjort, sier hun i dag.<\/p>\n<p class=\"_paragraph_o9xde_4 _paragraph_xtcu6_10 layout-component text-serif-m layout-normal text-serif-m layout-padded\"><strong class=\"_strong_o9xde_25\">I 2015 skapte Nilsson overskrifter med dette stuntet \u2013 se VGTV:<\/strong><\/p>\n<p class=\"_paragraph_o9xde_4 _paragraph_xtcu6_10 layout-component text-serif-m layout-normal text-serif-m layout-padded\">Nilsson har tidligere uttalt at hun angrer p\u00e5 bloggingen. Det gj\u00f8r hun ikke lenger. I stedet ser hun frem til \u00e5 ha en \u00abj\u00e6vlig god historie\u00bb \u00e5 fortelle n\u00e5r hun ligger p\u00e5 det siste.<\/p>\n<p class=\"_paragraph_o9xde_4 _paragraph_xtcu6_10 layout-component text-serif-m layout-normal text-serif-m layout-padded\">N\u00e5 er hun \u00abbare\u00bb influencer \u2013 med n\u00e6r 300.000 f\u00f8lgere p\u00e5 Instagram.<\/p>\n<p class=\"_paragraph_o9xde_4 _paragraph_xtcu6_10 layout-component text-serif-m layout-normal text-serif-m layout-padded\">Nilsson har siden 2017 v\u00e6rt sammen med Andreas Hellmers (43), som hun m\u00f8tte gjennom Tinder. han skal ha bedt henne ut p\u00e5 kaffe og oppfordret henne til \u00e5 gj\u00f8re alle hans fordommer til skamme.<\/p>\n<p class=\"_paragraph_o9xde_4 _paragraph_xtcu6_10 layout-component text-serif-m layout-normal text-serif-m layout-padded\">Da ble Nilsson provosert og avviste ham \u2013 hvorp\u00e5 han sendte en video og sa unnskyld.<\/p>\n<p class=\"_paragraph_o9xde_4 _paragraph_xtcu6_10 layout-component text-serif-m layout-normal text-serif-m layout-padded\">\u2013 Andreas er verdens fineste, sier hun til Aftonbladet.<\/p>\n<p class=\"_paragraph_o9xde_4 _paragraph_xtcu6_10 layout-component text-serif-m layout-normal text-serif-m layout-padded\">Barn vil hun ikke ha, det har hun presisert flere ganger.<\/p>\n<p class=\"_paragraph_o9xde_4 _paragraph_xtcu6_10 layout-component text-serif-m layout-normal text-serif-m layout-padded\">\u2013 Jeg ser ikke for meg at jeg hadde fikset det, sier 34-\u00e5ringen \u2013 som har v\u00e6rrt \u00e5 se i flere realityserier de siste \u00e5rene.<\/p>\n<p class=\"_paragraph_o9xde_4 _paragraph_xtcu6_10 layout-component text-serif-m layout-normal text-serif-m layout-padded\">Nilsson deler ikke s\u00e5 mye om kj\u00e6resten i sosiale kanaler, men la ut denne videoen i 2024, etter at de to hadde skaffet seg kattunge:<\/p>\n<p>Les ogs\u00e5<\/p>\n","protected":false},"excerpt":{"rendered":"Den tidligere toppbloggeren (34) snakker ut i svensk avis om de tunge \u00e5rene. EKS-BLOGGER: Alexandra \u00abKissie\u00bb Nilsson p\u00e5&hellip;\n","protected":false},"author":2,"featured_media":134860,"comment_status":"","ping_status":"","sticky":false,"template":"","format":"standard","meta":{"footnotes":""},"categories":[12],"tags":[12366,20,21,24,25,15,829,22,23,13,30,28,29,14,16,26,27,42,43,44,45],"class_list":{"0":"post-134859","1":"post","2":"type-post","3":"status-publish","4":"format-standard","5":"has-post-thumbnail","7":"category-verden","8":"tag-blogg","9":"tag-breaking-news","10":"tag-breakingnews","11":"tag-featured-news","12":"tag-featurednews","13":"tag-headlines","14":"tag-influencer","15":"tag-latest-news","16":"tag-latestnews","17":"tag-news","18":"tag-no","19":"tag-norge","20":"tag-norway","21":"tag-nyheter","22":"tag-overskrifter","23":"tag-top-stories","24":"tag-topstories","25":"tag-verden","26":"tag-world","27":"tag-world-news","28":"tag-worldnews"},"share_on_mastodon":{"url":"https:\/\/pubeurope.com\/@no\/115878034437846814","error":""},"_links":{"self":[{"href":"https:\/\/www.europesays.com\/no\/wp-json\/wp\/v2\/posts\/134859","targetHints":{"allow":["GET"]}}],"collection":[{"href":"https:\/\/www.europesays.com\/no\/wp-json\/wp\/v2\/posts"}],"about":[{"href":"https:\/\/www.europesays.com\/no\/wp-json\/wp\/v2\/types\/post"}],"author":[{"embeddable":true,"href":"https:\/\/www.europesays.com\/no\/wp-json\/wp\/v2\/users\/2"}],"replies":[{"embeddable":true,"href":"https:\/\/www.europesays.com\/no\/wp-json\/wp\/v2\/comments?post=134859"}],"version-history":[{"count":0,"href":"https:\/\/www.europesays.com\/no\/wp-json\/wp\/v2\/posts\/134859\/revisions"}],"wp:featuredmedia":[{"embeddable":true,"href":"https:\/\/www.europesays.com\/no\/wp-json\/wp\/v2\/media\/134860"}],"wp:attachment":[{"href":"https:\/\/www.europesays.com\/no\/wp-json\/wp\/v2\/media?parent=134859"}],"wp:term":[{"taxonomy":"category","embeddable":true,"href":"https:\/\/www.europesays.com\/no\/wp-json\/wp\/v2\/categories?post=134859"},{"taxonomy":"post_tag","embeddable":true,"href":"https:\/\/www.europesays.com\/no\/wp-json\/wp\/v2\/tags?post=134859"}],"curies":[{"name":"wp","href":"https:\/\/api.w.org\/{rel}","templated":true}]}}