{"id":134861,"date":"2026-01-11T19:07:10","date_gmt":"2026-01-11T19:07:10","guid":{"rendered":"https:\/\/www.europesays.com\/no\/134861\/"},"modified":"2026-01-11T19:07:10","modified_gmt":"2026-01-11T19:07:10","slug":"sarpsborg-kommune-kobbernett-na-starter-arbeidet-med-a-fjerne-gammelt-kobbernett-i-sarpsborg","status":"publish","type":"post","link":"https:\/\/www.europesays.com\/no\/134861\/","title":{"rendered":"Sarpsborg kommune, Kobbernett | N\u00e5 starter arbeidet med \u00e5 fjerne gammelt kobbernett i Sarpsborg"},"content":{"rendered":"\n<p>Kobbernettet er historie, og p\u00e5 oppdrag fra Telenor Norge skal Linjeproff AS n\u00e5 fjerne gamle stolper og kabelstrekk i utvalgte omr\u00e5der i Sarpsborg kommune.<\/p>\n<p>Vil p\u00e5g\u00e5 utover v\u00e5ren<\/p>\n<p>Denne vinteren og v\u00e5ren vil det p\u00e5g\u00e5 arbeid flere steder i Sarpsborg knyttet til fjerning av gammelt kobbernett. Arbeidet starter fra midten av januar og vil p\u00e5g\u00e5 utover v\u00e5ren 2026, opplyser <a href=\"https:\/\/sarpsborg.com\/aktuelt\/fjerner-gammelt-kobbernett-i-sarpsborg\/\" rel=\"Follow nofollow noopener\" target=\"_blank\">Sarpsborg kommune p\u00e5 sine nettsider<\/a>.<\/p>\n<p>If\u00f8lge Sarpsborg kommune har de f\u00e5tt opplyst at arbeidet i hovedsak vil foreg\u00e5 langs hovedveier og eksisterende linjestrekk i omr\u00e5der som:<\/p>\n<ul>\n<li>Borgenhaugen<\/li>\n<li>Gre\u00e5ker<\/li>\n<li>Skjeberg<\/li>\n<li>Tune<\/li>\n<li>Lande<\/li>\n<li>P\u00e6ddekummen<\/li>\n<li>Tunejordet<\/li>\n<li>Uller\u00f8y<\/li>\n<li>Varteig<\/li>\n<\/ul>\n<p>Det vil ogs\u00e5 blir arbeidet enkelte andre steder i kommunen.<\/p>\n<p>\u2013 I forbindelse med arbeidet vil det v\u00e6re n\u00f8dvendig \u00e5 bruke motorkj\u00f8ret\u00f8y til transport av mannskap og utstyr. Dette inkluderer bruk av ATV og belteg\u00e5ende kj\u00f8ret\u00f8y langs eksisterende tele- og el-linjer. Innbyggere kan i perioder oppleve \u00f8kt aktivitet og ferdsel i n\u00e6romr\u00e5dene der arbeidet p\u00e5g\u00e5r. Noe av arbeidet vil ogs\u00e5 foreg\u00e5 p\u00e5 privat grunn. Dette kan inneb\u00e6re nedtaking av kabler fra husvegger og fjerning av stolper i n\u00e6rheten av boliger. Grunneiere varsles if\u00f8lge Linjeproff p\u00e5 sms f\u00f8r arbeidet starter, opplyser Sarpsborg kommune.<\/p>\n<p>Inneholder milj\u00f8gifter<\/p>\n<p>Kommunen minner ogs\u00e5 om at privat utstyr som antenner, utelys eller lignende som er montert i stolpene ikke er tillatt og m\u00e5 fjernes f\u00f8r arbeidet starter.<\/p>\n<p>Det opplyses videre at stolpene ikke kan overtas etter at de er fjernet. Dette skyldes at de inneholder milj\u00f8gifter og skal h\u00e5ndteres og destrueres i henhold til gjeldende regelverk.<\/p>\n<p>\u2013 Det er kun stolper og kabelstrekk som er frigitt for fjerning som inng\u00e5r i arbeidet. Stolper som har str\u00f8mf\u00f8rende kabler tilh\u00f8rer str\u00f8mselskapet og r\u00f8res ikke. I traseer der det finnes, eller er planlagt, fiberkabler, er det kun Telenors gamle kobberkabler som fjernes, opplyser Sarpsborg kommune, som ellers kan opplyse at fjerningen av kobbernettet skjer over flere \u00e5r og f\u00f8lger blant annet vedtak fra Nasjonal kommunikasjonsmyndighet (Nkom).<\/p>\n<p>I tillegg til Sarpsborg skal det i \u00d8stfold utf\u00f8res lignende arbeid i Aremark, Halden, Hvaler, Marker, Moss, Rakkestad, R\u00e5de, Skiptvet og V\u00e5ler.<\/p>\n","protected":false},"excerpt":{"rendered":"Kobbernettet er historie, og p\u00e5 oppdrag fra Telenor Norge skal Linjeproff AS n\u00e5 fjerne gamle stolper og kabelstrekk&hellip;\n","protected":false},"author":2,"featured_media":134862,"comment_status":"","ping_status":"","sticky":false,"template":"","format":"standard","meta":{"footnotes":""},"categories":[10],"tags":[36,15503,20,21,24,25,10929,15,15502,22,23,13,30,28,29,14,16,6615,14903,1510,1418,26,27,15505,15504],"class_list":{"0":"post-134861","1":"post","2":"type-post","3":"status-publish","4":"format-standard","5":"has-post-thumbnail","7":"category-norge","8":"tag-art","9":"tag-borgenhaugen","10":"tag-breaking-news","11":"tag-breakingnews","12":"tag-featured-news","13":"tag-featurednews","14":"tag-greaker","15":"tag-headlines","16":"tag-kobbernett","17":"tag-latest-news","18":"tag-latestnews","19":"tag-news","20":"tag-no","21":"tag-norge","22":"tag-norway","23":"tag-nyheter","24":"tag-overskrifter","25":"tag-sarpsborg-kommune","26":"tag-skjeberg","27":"tag-story","28":"tag-telenor","29":"tag-top-stories","30":"tag-topstories","31":"tag-ulleroy","32":"tag-varteig"},"share_on_mastodon":{"url":"https:\/\/pubeurope.com\/@no\/115878038354045663","error":""},"_links":{"self":[{"href":"https:\/\/www.europesays.com\/no\/wp-json\/wp\/v2\/posts\/134861","targetHints":{"allow":["GET"]}}],"collection":[{"href":"https:\/\/www.europesays.com\/no\/wp-json\/wp\/v2\/posts"}],"about":[{"href":"https:\/\/www.europesays.com\/no\/wp-json\/wp\/v2\/types\/post"}],"author":[{"embeddable":true,"href":"https:\/\/www.europesays.com\/no\/wp-json\/wp\/v2\/users\/2"}],"replies":[{"embeddable":true,"href":"https:\/\/www.europesays.com\/no\/wp-json\/wp\/v2\/comments?post=134861"}],"version-history":[{"count":0,"href":"https:\/\/www.europesays.com\/no\/wp-json\/wp\/v2\/posts\/134861\/revisions"}],"wp:featuredmedia":[{"embeddable":true,"href":"https:\/\/www.europesays.com\/no\/wp-json\/wp\/v2\/media\/134862"}],"wp:attachment":[{"href":"https:\/\/www.europesays.com\/no\/wp-json\/wp\/v2\/media?parent=134861"}],"wp:term":[{"taxonomy":"category","embeddable":true,"href":"https:\/\/www.europesays.com\/no\/wp-json\/wp\/v2\/categories?post=134861"},{"taxonomy":"post_tag","embeddable":true,"href":"https:\/\/www.europesays.com\/no\/wp-json\/wp\/v2\/tags?post=134861"}],"curies":[{"name":"wp","href":"https:\/\/api.w.org\/{rel}","templated":true}]}}