{"id":134867,"date":"2026-01-11T19:15:19","date_gmt":"2026-01-11T19:15:19","guid":{"rendered":"https:\/\/www.europesays.com\/no\/134867\/"},"modified":"2026-01-11T19:15:19","modified_gmt":"2026-01-11T19:15:19","slug":"dode-nytt-sjokk","status":"publish","type":"post","link":"https:\/\/www.europesays.com\/no\/134867\/","title":{"rendered":"D\u00f8de: Nytt sjokk"},"content":{"rendered":"<p>    Over ti \u00e5r etter tragedien som tok livet av Formel 1-f\u00f8reren Jules Bianchi, er familien hans rammet av en ny hendelse. N\u00e5 ber faren om hjelp.<\/p>\n<p>\n    TRAGEDIE: Jules Bianchi ankom Japans Grand Prix p\u00e5 Suzuka-banen 5. oktober 2014. Kort tid seinere var han involvert i en fryktelig ulykke som kostet ham livet. Foto: Isifa \/ REX \/ NTB\n  <\/p>\n<p>Familien til den avd\u00f8de franske f\u00f8reren Jules Bianchi har blitt utsatt for et innbrudd som har etterlatt dem i sjokk.<\/p>\n<p>Det forteller faren Philippe Bianchi, som sier at flere go-karter med stor personlig betydning er blitt stj\u00e5let fra familiens eiendom.<\/p>\n<p>    <a itemprop=\"url\" href=\"https:\/\/www.dagbladet.no\/sport\/forst-da-far-vi-svar\/84039325\" rel=\"nofollow noopener\" target=\"_blank\"><\/p>\n<p>        <img loading=\"lazy\" decoding=\"async\" src=\"https:\/\/www.europesays.com\/no\/wp-content\/uploads\/2026\/01\/84039332.webp.webp\" width=\"980\" height=\"441\" title=\"- F\u00f8rst da f\u00e5r vi svar\" alt=\"\" class=\"lazyload\" style=\"--aspect-ratio-image: 2.22; \"\/><\/p>\n<p>        &#8211; F\u00f8rst da f\u00e5r vi svar<\/p>\n<p>    <\/a><\/p>\n<p>If\u00f8lge faren dreier det seg om totalt ni gokart-chassiser, alle tilknyttet prosjektet JB17 Forever, som ble opprettet for \u00e5 hedre s\u00f8nnens minne.<\/p>\n<p class=\"font-weight-bold m-font-weight-bold\" data-lab-font_weight=\"font-weight-bold\">Blant det som er borte, er ogs\u00e5 den siste go-karten Jules Bianchi kj\u00f8rte f\u00f8r han tok steget videre i bilsporten.<\/p>\n<p>\u00abI natt ble vi frastj\u00e5let ni JB17 Forever-chassiser. Enda verre: De tok Jules&#8217; siste go-kart\u00bb, skriver Philippe Bianchi i en melding p\u00e5 <a href=\"https:\/\/www.facebook.com\/philippe.bianchi.3\/posts\/pfbid02fhXYixd45mXyDDetYpwArD3NbDVcCyo37o563TBia9Ev9xCmLhJsNcY1DCuoXemyl\" target=\"_blank\" rel=\"nofollow noopener\">Facebook<\/a>.<\/p>\n<p>        <img loading=\"lazy\" decoding=\"async\" src=\"https:\/\/www.europesays.com\/no\/wp-content\/uploads\/2026\/01\/84082681.webp.webp\" width=\"980\" height=\"559\" title=\"S\u00d8RGET: Formel 1-f\u00f8rerne Jean-Eric Vergne (nr. 4 fra h\u00f8yre) og Felipe Massa (midten), venner og familie samles rundt kisten til den avd\u00f8de Marussia-f\u00f8reren Jules Bianchi under begravelsen i Sainte Reparate-katedralen i Nice, Frankrike, 21. juli 2015. Bianchi, 25, d\u00f8de p\u00e5 sykehus i Nice ni m\u00e5neder etter ulykken p\u00e5 Suzuka i Japan, uten \u00e5 ha gjenvunnet bevisstheten. Foto: Reuters \/ Jean-Pierre Amet \/ NTB\" alt=\"\" class=\"\" style=\"--aspect-ratio-image: 1.75; \"\/><\/p>\n<p>\n        S\u00d8RGET: Formel 1-f\u00f8rerne Jean-Eric Vergne (nr. 4 fra h\u00f8yre) og Felipe Massa (midten), venner og familie samles rundt kisten til den avd\u00f8de Marussia-f\u00f8reren Jules Bianchi under begravelsen i Sainte Reparate-katedralen i Nice, Frankrike, 21. juli 2015. Bianchi, 25, d\u00f8de p\u00e5 sykehus i Nice ni m\u00e5neder etter ulykken p\u00e5 Suzuka i Japan, uten \u00e5 ha gjenvunnet bevisstheten. Foto: Reuters \/ Jean-Pierre Amet \/ NTB\n    <\/p>\n<p>Han understreker at det ikke f\u00f8rst og fremst handler om \u00f8konomisk verdi, men om tapet av gjenstander med stor affeksjonsverdi for familien.<\/p>\n<p>\u00abDisse gokartene kan ikke brukes eller selges. De tilh\u00f8rer Jules\u00bb, skriver han videre.<\/p>\n<p>Bianchi var regnet som et av de st\u00f8rste talentene i moderne Formel 1-historie. Han ble alvorlig skadd under Japans Grand Prix i 2014, og d\u00f8de i juli 2015.<\/p>\n<p>        <img loading=\"lazy\" decoding=\"async\" src=\"https:\/\/www.europesays.com\/no\/wp-content\/uploads\/2026\/01\/84082671.webp.webp\" width=\"667\" height=\"434\" title=\"FORFERDELIG ULYKKE: Jules Bianchi fikk akutt medisinsk behandling etter ulykken under Japans Grand Prix p\u00e5 Suzuka-banen 5. oktober 2014. Foto: Isifa \/ REX \/ NTB\" alt=\"\" class=\"\" style=\"--aspect-ratio-image: 1.54; \"\/><\/p>\n<p>\n        FORFERDELIG ULYKKE: Jules Bianchi fikk akutt medisinsk behandling etter ulykken under Japans Grand Prix p\u00e5 Suzuka-banen 5. oktober 2014. Foto: Isifa \/ REX \/ NTB\n    <\/p>\n<p> Franskmannen v\u00e5knet aldri opp fra koma etter ulykken p\u00e5 Suzuka-banen, der han krasjet med en bergingstraktor i 126 kilometer i timen. <\/p>\n<p>Han ble bare 25 \u00e5r gammel.<\/p>\n<p>Bianchi\u00a0begynte sin Formel-1 karriere i 2011 som testf\u00f8rer for Ferrari. I 2013 debuterte han i l\u00f8p for det russiske Marussia-teamet i Australia og endte p\u00e5 15. plass.<\/p>\n<p>Familien h\u00e5per n\u00e5 at offentlig oppmerksomhet kan bidra til at utstyret blir funnet og returnert.<\/p>\n<p>\u00abHvis noen har sett noe eller har informasjon, ber vi dem ta kontakt\u00bb, avslutter faren.<\/p>\n<p>Etter d\u00f8dsfallet bestemte Det internasjonale bilsportforbundet (FIA) \u00e5 frede nummer 17, nummeret\u00a0Bianchi\u00a0kj\u00f8rte med. <\/p>\n<p>    <a itemprop=\"url\" href=\"https:\/\/www.dagbladet.no\/sport\/ble-vitne-til-dodsfall-stort-sjokk\/82593496\" rel=\"nofollow noopener\" target=\"_blank\"><\/p>\n<p>        <img loading=\"lazy\" decoding=\"async\" src=\"https:\/\/www.europesays.com\/no\/wp-content\/uploads\/2026\/01\/82603881.webp.webp\" width=\"147\" height=\"98\" title=\"Ble vitne til d\u00f8dsfall: - Stort sjokk\" alt=\"\" class=\"lazyload\" style=\"--aspect-ratio-image: 1.50; \"\/><\/p>\n<p>        Ble vitne til d\u00f8dsfall: &#8211; Stort sjokk<\/p>\n<p>    <\/a><\/p>\n","protected":false},"excerpt":{"rendered":"Over ti \u00e5r etter tragedien som tok livet av Formel 1-f\u00f8reren Jules Bianchi, er familien hans rammet av&hellip;\n","protected":false},"author":2,"featured_media":134868,"comment_status":"","ping_status":"","sticky":false,"template":"","format":"standard","meta":{"footnotes":""},"categories":[10],"tags":[20,21,24,25,2026,92,15,15506,22,23,1120,13,30,28,29,14,16,83,26,27],"class_list":{"0":"post-134867","1":"post","2":"type-post","3":"status-publish","4":"format-standard","5":"has-post-thumbnail","7":"category-norge","8":"tag-breaking-news","9":"tag-breakingnews","10":"tag-featured-news","11":"tag-featurednews","12":"tag-formel-1","13":"tag-fotball","14":"tag-headlines","15":"tag-jules-bianchi","16":"tag-latest-news","17":"tag-latestnews","18":"tag-motorsport","19":"tag-news","20":"tag-no","21":"tag-norge","22":"tag-norway","23":"tag-nyheter","24":"tag-overskrifter","25":"tag-sport","26":"tag-top-stories","27":"tag-topstories"},"share_on_mastodon":{"url":"https:\/\/pubeurope.com\/@no\/115878069868194018","error":""},"_links":{"self":[{"href":"https:\/\/www.europesays.com\/no\/wp-json\/wp\/v2\/posts\/134867","targetHints":{"allow":["GET"]}}],"collection":[{"href":"https:\/\/www.europesays.com\/no\/wp-json\/wp\/v2\/posts"}],"about":[{"href":"https:\/\/www.europesays.com\/no\/wp-json\/wp\/v2\/types\/post"}],"author":[{"embeddable":true,"href":"https:\/\/www.europesays.com\/no\/wp-json\/wp\/v2\/users\/2"}],"replies":[{"embeddable":true,"href":"https:\/\/www.europesays.com\/no\/wp-json\/wp\/v2\/comments?post=134867"}],"version-history":[{"count":0,"href":"https:\/\/www.europesays.com\/no\/wp-json\/wp\/v2\/posts\/134867\/revisions"}],"wp:featuredmedia":[{"embeddable":true,"href":"https:\/\/www.europesays.com\/no\/wp-json\/wp\/v2\/media\/134868"}],"wp:attachment":[{"href":"https:\/\/www.europesays.com\/no\/wp-json\/wp\/v2\/media?parent=134867"}],"wp:term":[{"taxonomy":"category","embeddable":true,"href":"https:\/\/www.europesays.com\/no\/wp-json\/wp\/v2\/categories?post=134867"},{"taxonomy":"post_tag","embeddable":true,"href":"https:\/\/www.europesays.com\/no\/wp-json\/wp\/v2\/tags?post=134867"}],"curies":[{"name":"wp","href":"https:\/\/api.w.org\/{rel}","templated":true}]}}