{"id":134877,"date":"2026-01-11T19:30:40","date_gmt":"2026-01-11T19:30:40","guid":{"rendered":"https:\/\/www.europesays.com\/no\/134877\/"},"modified":"2026-01-11T19:30:40","modified_gmt":"2026-01-11T19:30:40","slug":"donald-trump-new-york-times","status":"publish","type":"post","link":"https:\/\/www.europesays.com\/no\/134877\/","title":{"rendered":"Donald Trump, New York Times"},"content":{"rendered":"\n<p>I dag, fredag 9. januar, offentliggjorde <a href=\"https:\/\/www.nytimes.com\/2026\/01\/08\/us\/politics\/trump-interview-power-morality.html\" rel=\"Follow nofollow noopener\" target=\"_blank\">New York Times<\/a> et langt intervju med president Donald Trump. I intervjuet sier Trump at han ikke f\u00f8ler seg begrenset verken av internasjonal lov eller normer.<\/p>\n<p>P\u00e5 sp\u00f8rsm\u00e5l om han ser begrensninger i bruk av amerikansk milit\u00e6rmakt svarer han:<\/p>\n<p>\u2013 Ja, det er \u00e9n ting. Min egen moral. Mitt eget sinn. Det er det eneste som kan stoppe meg.<\/p>\n<p>S\u00e5 tilf\u00f8yer Trump:<\/p>\n<p>\u2013 Jeg trenger ikke internasjonal lov. Jeg \u00f8nsker ikke \u00e5 skade folk.<\/p>\n<p>Trump har aldri v\u00e6rt tydeligere p\u00e5 at det ene og alene er nasjonal styrke som er avgj\u00f8rende n\u00e5r nasjoners interesser kolliderer. Intervjuet kommer til \u00e5 sl\u00e5 ned som en bombe, og bli referert i dagene og ukene som kommer. M\u00e5tte Gud v\u00e6re p\u00e5 v\u00e5re side!<\/p>\n<p>            Hans Geelmuyden<\/p>\n<p>Hans Geelmuyden er norsk samfunnsdebattant, journalist, skribent, kommentator og tidligere sjefredakt\u00f8r i Morgenbladet. Han er sivil\u00f8konom fra NHH, og har bygget, ledet, eid og solgt Geelmuyden Kiese Gruppen. 16. januar 2025 startet han et enmanns r\u00e5dgivningsselskap som heter St. Hans.<\/p>\n<p>  Trump er uskyldig i sammenbruddet<\/p>\n<p>I Norge klamrer vi oss til g\u00e5rsdagens verden som om den var trygg. Det var den ikke. Den s\u00e5kalte regelstyrte verdensordenen begynte \u00e5 sl\u00e5 sprekker allerede p\u00e5 nittitallet, lenge f\u00f8r Trump.<\/p>\n<p>Globaliseringen etter Berlin-murens fall i 1989 skapte vinnere og tapere og grobunn for populisme. Finanskrisen i 2008 undergravde Vestens \u00f8konomiske autoritet, og kineserne benyttet anledningen til \u00e5 fremst\u00e5 som et stabiliserende alternativ.<\/p>\n<p>Med kunstig lav valutakurs og ditto privat forbruk ble Kina verdens st\u00f8rste produsent og en \u00f8konomisk stormakt. I 2025 st\u00e5r Kina for 29 prosent av verdens industriproduksjon. Handelsoverskuddet er enormt.<\/p>\n<p>Russlands angrep p\u00e5 Ukraina i 2014 var det endelige dolkest\u00f8tet mot den regelstyrte verdensorden. Trump er uskyldig i sammenbruddet, men endringene i verden kan v\u00e6re grunnen til at han ble valgt f\u00f8rste gang i 2016.<\/p>\n<p><b>Les ogs\u00e5: <a href=\"https:\/\/www.nettavisen.no\/norsk-debatt\/trump-er-i-ferd-med-a-ta-rotta-pa-putin\/o\/5-95-2813744\" rel=\"Follow nofollow noopener\" target=\"_blank\">Trump er i ferd med \u00e5 ta rotta p\u00e5 Putin og Xi<\/a><\/b><\/p>\n<p>Varsellampene b\u00f8r lyse<\/p>\n<p>Noen ganger sp\u00f8r jeg meg om det bare er norske politikere p\u00e5 venstresiden, kommentatorer og \u00abforskere\u00bb som ikke har forst\u00e5tt at maktforholdene og  i verden har endret seg de siste tretti \u00e5rene.<\/p>\n<p>Det heter at regler er til for \u00e5 brytes, og det er nettopp det som har skjedd. Lenge var det bare Vesten og is\u00e6r Europa som pr\u00f8vde \u00e5 f\u00f8lge dem. Folkeretten ble gradvis et fikenblad som beskyttet verdens tyranner.<\/p>\n<p>Varsellampene b\u00f8r lyse i det norske nomenklaturet n\u00e5r det gang p\u00e5 gang i realiteten ender med \u00e5 forsvare Hamas, Hizbollah, prestestyret i Iran og n\u00e5 Nicol\u00e1s Maduro. Ser de ikke selv at \u00abfolkeretten\u00bb er blitt tilfluktsrom for mange av verdens ugjerninger?<\/p>\n<p>Slik \u00f8dela vi \u00f8konomiene v\u00e5re<\/p>\n<p>Ti\u00e5rene etter 1989 ble hvilepute for Vesten. Frances Fukuyama snakket om \u00abThe end of history\u00bb som om kampen for fred og frihet var vunnet en gang for alle.<\/p>\n<p>I Vesten trodde vi at alle \u00f8nsket \u00e5 bli som oss. Vi \u00e5pnet grensene for massemigrasjon, og lot oss forlede til \u00e5 tro at \u00abklimakrisen\u00bb er Vestens ansvar. Slik \u00f8dela vi \u00f8konomiene v\u00e5re, avviklet industrien, og skapte en ny underklasse. Statsgjelden eksploderte. I mange land, inklusive USA, passerer statsgjelden snart 130 prosent av BNP.<\/p>\n<p>Rovdyrenes tid<\/p>\n<p>I boken \u00abRovdyrenes tid\u00bb gir italieneren Giuliano da Empoli en underholdende innf\u00f8ring i hva som skjedde. Boken som kom p\u00e5 norsk i oktober, hjelper oss \u00e5 forst\u00e5 hvordan politikken kapitulerte og hvorfor 2025 ble Donald Trumps \u00e5r.<\/p>\n<p>Da Empoli forklarer at det historisk var oppr\u00f8rerne som skapte kaos. N\u00e5 er det makthaverne. Han mener grunnen er at demokratiene etter andre verdenskrig ble avtalebaserte, regelstyrte og langsomme. Tiden etter 1945 kaller han et historisk unntak. Gradvis fjernet Vestens politiske klasse seg fra velgerne sine. De var opptatt av \u00e5 l\u00f8se problemer de ikke fikk gjort noe med, og glemte \u00e5 l\u00f8se problemer velgerne var opptatt av.<\/p>\n<p>N\u00e5r demokratiene ikke f\u00e5r resultater, blir naturlig nok velgerne ut\u00e5lmodige og misforn\u00f8yde. Misforn\u00f8yde velgere gir makthaverne videre fullmakter. Putin kaller det \u00abmanuell kontroll\u00bb. Trump kaller det presidentordre. Beslutningsprosesser kortsluttes for \u00e5 f\u00e5 fortgang. Prisen er diktatur, autokrati eller demokratisk underskudd.<\/p>\n<p><b>Les ogs\u00e5: <a href=\"https:\/\/www.nettavisen.no\/norsk-debatt\/mener-trump-og-putin-er-var-tids-farligste-kombinasjon-ingen-grenser-er-trygge\/o\/5-95-2814411\" rel=\"Follow nofollow noopener\" target=\"_blank\">Verden styres av gale menn<\/a><\/b><\/p>\n<p>FN redder ikke verden<\/p>\n<p>Jeg er verken nostalgisk eller sentimental. Jeg er opptatt av \u00e5 pr\u00f8ve \u00e5 forst\u00e5 hva som foreg\u00e5r og se fremover. Jeg skulle \u00f8nske at norske politikere p\u00e5 venstresiden og norsk UD gjorde det samme.<\/p>\n<p>Det minste vi kan forvente er at de ser forskjell p\u00e5 Putin og USAs valgte president. Det holder ikke ved enhver anledning \u00e5 hevde at \u00abfolkeretten\u00bb brytes og vente p\u00e5 vedtak i FN.<\/p>\n<p><b>FN ligger jo som et vrak p\u00e5 bredden av East River i New York.<\/b><\/p>\n<p>Torsdag 8. januar trakk Trump USA ut av et trettitalls organisasjoner under FN paraplyen. FN redder ikke verden. FN har mer enn nok med \u00e5 redde seg selv.<\/p>\n<p>\u2013It is what it is<\/p>\n<p>Jeg deltar ikke i hylekoret. Jeg kan ikke gj\u00f8re noe med Trump likevel. Da jeg diskuterte verdenssituasjonen med mine kolleger hos IBM i New York p\u00e5 \u00e5ttitallet, pleide de \u00e5 si: \u00abIt is what it is\u00bb.<\/p>\n<p>Slik er det med Trump ogs\u00e5. Han bypasser diplomati og embetsverk, og inviterer folket inn i forhandlingene via skjermen. Dette er b\u00e5de brutalt og \u00e5pent. Noen ganger g\u00e5r det bra, andre ganger d\u00e5rlig. Det er som det er! Han hopper over b\u00e5de embetsverk og utenrikstjeneste. De mister makt. Ikke rart de hyler.<\/p>\n<p><b>Les ogs\u00e5: <a href=\"https:\/\/www.nettavisen.no\/norsk-debatt\/derfor-frykter-ikke-solvik-olsen-trump-men-kaller-gronland-utspill-uakseptabelt\/o\/5-95-2811441\" rel=\"Follow nofollow noopener\" target=\"_blank\">Trump er i forhandlingsmodus<\/a><\/b><\/p>\n<p>Jeg f\u00e5r st\u00e5pels!<\/p>\n<p>Om ikke annet gleder det meg at USA viser handlekraft.<\/p>\n<p>Det var amerikanske bomber som utslettet b\u00e5de Hizbollah og deler av iranske atomanlegg i fjor. Og det var amerikansk organisering, teknologi og heltemot som gjorde det mulig \u00e5 arrestere Nicol\u00e1s Maduro og hans ektefelle mens de l\u00e5 og sov natt til l\u00f8rdag 3. januar.<\/p>\n<p>Der Putin har tapt 1,2 millioner soldater p\u00e5 \u00e5 erobre 20 prosent av Ukrainas territorium i l\u00f8pet av fire \u00e5r, fl\u00f8y USA inn og hentet Venezuelas illegitime president uten at et eneste amerikansk liv gikk tapt. Operasjonen var over p\u00e5 noen timer. Jeg f\u00e5r st\u00e5pels!<\/p>\n<p>Lykkelig slutt<\/p>\n<p>Alle er \u00abveldig bekymret\u00bb for tiden\u00bb, men ikke jeg. Men i likhet med Trump, er jeg en enfoldig forretningsmann som ikke skj\u00f8nner stort. Jeg blir like glad n\u00e5r Vesten sl\u00e5r tilbake som Mimir Kristjansson, Mariann Hussein og Mads Gilbert blir sure.<\/p>\n<p>Jeg tror p\u00e5 en lykkelig slutt.<\/p>\n","protected":false},"excerpt":{"rendered":"I dag, fredag 9. januar, offentliggjorde New York Times et langt intervju med president Donald Trump. I intervjuet&hellip;\n","protected":false},"author":2,"featured_media":134878,"comment_status":"","ping_status":"","sticky":false,"template":"","format":"standard","meta":{"footnotes":""},"categories":[5],"tags":[20,21,24,25,15,19,22,23,17,18,13,30,28,29,14,16,26,27],"class_list":{"0":"post-134877","1":"post","2":"type-post","3":"status-publish","4":"format-standard","5":"has-post-thumbnail","7":"category-overskrifter","8":"tag-breaking-news","9":"tag-breakingnews","10":"tag-featured-news","11":"tag-featurednews","12":"tag-headlines","13":"tag-hovedoppslag","14":"tag-latest-news","15":"tag-latestnews","16":"tag-main-news","17":"tag-mainnews","18":"tag-news","19":"tag-no","20":"tag-norge","21":"tag-norway","22":"tag-nyheter","23":"tag-overskrifter","24":"tag-top-stories","25":"tag-topstories"},"share_on_mastodon":{"url":"https:\/\/pubeurope.com\/@no\/115878128819931510","error":""},"_links":{"self":[{"href":"https:\/\/www.europesays.com\/no\/wp-json\/wp\/v2\/posts\/134877","targetHints":{"allow":["GET"]}}],"collection":[{"href":"https:\/\/www.europesays.com\/no\/wp-json\/wp\/v2\/posts"}],"about":[{"href":"https:\/\/www.europesays.com\/no\/wp-json\/wp\/v2\/types\/post"}],"author":[{"embeddable":true,"href":"https:\/\/www.europesays.com\/no\/wp-json\/wp\/v2\/users\/2"}],"replies":[{"embeddable":true,"href":"https:\/\/www.europesays.com\/no\/wp-json\/wp\/v2\/comments?post=134877"}],"version-history":[{"count":0,"href":"https:\/\/www.europesays.com\/no\/wp-json\/wp\/v2\/posts\/134877\/revisions"}],"wp:featuredmedia":[{"embeddable":true,"href":"https:\/\/www.europesays.com\/no\/wp-json\/wp\/v2\/media\/134878"}],"wp:attachment":[{"href":"https:\/\/www.europesays.com\/no\/wp-json\/wp\/v2\/media?parent=134877"}],"wp:term":[{"taxonomy":"category","embeddable":true,"href":"https:\/\/www.europesays.com\/no\/wp-json\/wp\/v2\/categories?post=134877"},{"taxonomy":"post_tag","embeddable":true,"href":"https:\/\/www.europesays.com\/no\/wp-json\/wp\/v2\/tags?post=134877"}],"curies":[{"name":"wp","href":"https:\/\/api.w.org\/{rel}","templated":true}]}}