{"id":134893,"date":"2026-01-11T19:43:09","date_gmt":"2026-01-11T19:43:09","guid":{"rendered":"https:\/\/www.europesays.com\/no\/134893\/"},"modified":"2026-01-11T19:43:09","modified_gmt":"2026-01-11T19:43:09","slug":"ikke-sett-lignende-tall-siden-1966-nrk-sorlandet-lokale-nyheter-tv-og-radio","status":"publish","type":"post","link":"https:\/\/www.europesays.com\/no\/134893\/","title":{"rendered":"Ikke sett lignende tall siden 1966 \u2013 NRK S\u00f8rlandet \u2013 Lokale nyheter, TV og radio"},"content":{"rendered":"<p>Saken oppsummert:<\/p>\n<ul>\n<li>Vennesla kommune opplever en historisk \u00f8kning i f\u00f8dselstall, med 220 barn f\u00f8dt i 2025 \u2013 det h\u00f8yeste siden 1966.<\/li>\n<li>Jordmor Jorunn Erikstein Nordvold mener \u00f8kningen skyldes en kombinasjon av tilfeldigheter og en &laquo;smitteeffekt&raquo; fra positiv omtale om f\u00f8dsler.<\/li>\n<li>Kvinner f\u00e5r barn senere i livet, med en gjennomsnittsalder for f\u00f8rstegangsf\u00f8dende i Norge som n\u00e5 er over 30 \u00e5r.<\/li>\n<li>Samfunns\u00f8konom Sara Cools peker p\u00e5 at faktorer som fast jobb, trygg \u00f8konomi og en stabil partner er avgj\u00f8rende for n\u00e5r folk velger \u00e5 f\u00e5 barn.<\/li>\n<li>Flere sykehus i Norge, inkludert i Oslo, Stavanger og S\u00f8rlandet, rapporterer om en \u00f8kning i f\u00f8dselstallene i 2025 \u2013 den h\u00f8yeste p\u00e5 flere \u00e5r.<\/li>\n<li>Eksperter ser positivt p\u00e5 utviklingen, og h\u00e5per p\u00e5 \u00f8kende f\u00f8dselstall i 2026.<\/li>\n<\/ul>\n<p><strong>\u2013 Folk har vel funnet ut hvor fint det er \u00e5 v\u00e6re mamma. Det er jo det beste. <\/strong><\/p>\n<p>Det sier mamma Ida Deboer fra Vennesla.<\/p>\n<p>Hun og hennes fire m\u00e5neder gamle baby er p\u00e5 barselgruppe i Vennesla, som akkurat n\u00e5 opplever en historisk babyboom.<\/p>\n<p><strong>I kommunen ble det f\u00f8dt 220 barn i 2025. Det er det h\u00f8yeste tallet siden 1966.<\/strong><\/p>\n<p><img decoding=\"async\"   src=\"data:image\/gif;base64,R0lGODlhAQABAIAAAAAAAP\/\/\/yH5BAEAAAAALAAAAAABAAEAAAIBRAA7\" loading=\"eager\" alt=\"Bildet viser en gruppe voksne som sitter p\u00e5 gulvet i en innend\u00f8rs lekeomr\u00e5de. En kvinne holder et lite barn, mens en annen voksen sitter overfor dem og holder en leke. Omr\u00e5det har leker og fargerike elementer i bakgrunnen, som gir inntrykk av en barnevennlig setting. Det er et uformelt samlingspunkt for samspill mellom voksne og barn. (Bildebeskrivelsen er laget av en KI-tjeneste)\" title=\"Foto: Per-K\u00e5re Sandbakk \/ NRK\"\/><\/p>\n<p class=\"\">Ida Deboer med sin fire m\u00e5neder gamle baby. Hun tror folk har funnet ut at det er fint \u00e5 v\u00e6re mamma. <\/p>\n<p>Foto: Per-K\u00e5re Sandbakk \/ NRK<\/p>\n<p>Jordmor i Vennesla kommune Jorunn Erikstein Nordvold, sier det er tall hun ikke har v\u00e6rt borti tidligere.<\/p>\n<p>\u2013 220 er veldig mye for oss.<\/p>\n<p>Hun tror den lokale boomen er en kombinasjon av tilfeldigheter og en slags \u00absmitteeffekt\u00bb.<\/p>\n<p>\u2013 Det har v\u00e6rt mye positiv omtale om flere f\u00f8dsler i media. Det vil jeg tro p\u00e5virker, sier Nordvold.<\/p>\n<p><img decoding=\"async\"   src=\"data:image\/gif;base64,R0lGODlhAQABAIAAAAAAAP\/\/\/yH5BAEAAAAALAAAAAABAAEAAAIBRAA7\" loading=\"eager\" alt=\"Bilde av en person som sitter i en stol med utsikt mot et vindu. Det er en plante og lys p\u00e5 vinduskarmen, samt et kunstverk med fargerik bakgrunn i rommet. Personen har p\u00e5 seg en m\u00f8rk T-skjorte og ser mot kameraet. Bakgrunnen er lys med sn\u00f8 utenfor vinduet. (Bildebeskrivelsen er laget av en KI-tjeneste)\" title=\"Foto: Per-K\u00e5re Sandbakk \/ NRK\"\/><\/p>\n<p class=\"\">Jordmor i Vennesla kommune, Jorunn Erikstein Nordvold tror flere f\u00f8dsler og positiv omtale kan ha smitteeffekt. <\/p>\n<p>Foto: Per-K\u00e5re Sandbakk \/ NRK<\/p>\n<p>Oppgang i flere storbyer<\/p>\n<p>Offisielle tall for hele landet er ikke klare, men tall fra tre sykehus NRK har v\u00e6rt i kontakt med viser oppgang.<\/p>\n<p><strong>Universitetssykehuset i Oslo og i Stavanger melder om de h\u00f8yeste f\u00f8dselstallene p\u00e5 flere \u00e5r.<\/strong><\/p>\n<p><img decoding=\"async\"   src=\"data:image\/gif;base64,R0lGODlhAQABAIAAAAAAAP\/\/\/yH5BAEAAAAALAAAAAABAAEAAAIBRAA7\" loading=\"eager\" alt=\"En voksen person leker med en baby, som ligger p\u00e5 en r\u00f8d matte. Babyen strekker ut bena mot en lekevogn med gule hjul. Omr\u00e5det har gr\u00e5tt gulv, og det er ingen andre personer eller m\u00f8bler synlige i bildet. Aktiviteten kan tyde p\u00e5 en interaktiv leketime eller oppdagelse for sm\u00e5barn. (Bildebeskrivelsen er laget av en KI-tjeneste)\" title=\"Foto: Per-K\u00e5re Sandbakk \/ NRK\"\/><\/p>\n<p class=\"\">Flere store byer i Norge melder oppgang i f\u00f8dsler i 2025.<\/p>\n<p>Foto: Per-K\u00e5re Sandbakk \/ NRK<\/p>\n<p>Stavanger Universitetssykehus hadde 4125 f\u00f8dsler i fjor. Det er det h\u00f8yeste tallet siden 2021, som da var 4313.<\/p>\n<p>Oslo Universitets sykehus hadde 8721 f\u00f8dsler i fjor mot 8037 i 2023 og 8302 i 2024.<\/p>\n<p>H\u00f8yeste tallet siden 2017<\/p>\n<p>NRK har ogs\u00e5 innhentet tall fra f\u00f8deavdelingene i Flekkefjord, Arendal og Kristiansand.<\/p>\n<p>De viser at det totalt var 3174 f\u00f8dsler i 2025. Det er det h\u00f8yeste p\u00e5 S\u00f8rlandet siden 2017.<\/p>\n<p><img decoding=\"async\"   src=\"data:image\/gif;base64,R0lGODlhAQABAIAAAAAAAP\/\/\/yH5BAEAAAAALAAAAAABAAEAAAIBRAA7\" loading=\"eager\" alt=\"En voksen sitter p\u00e5 gulvet med et barn i fanget, if\u00f8rt svart kl\u00e6r. I bakgrunnen er flere voksne deltakere, som ogs\u00e5 sitter p\u00e5 gulvet. Det er leker synlig p\u00e5 gulvet, og omgivelsene ser ut som et innend\u00f8rs rom. Atmosf\u00e6ren virker uformell og tilrettelagt for interaksjon mellom voksne og barn. (Bildebeskrivelsen er laget av en KI-tjeneste)\" title=\"Foto: Per-K\u00e5re Sandbakk \/ NRK\"\/><\/p>\n<p class=\"\">Sykehus p\u00e5 S\u00f8rlandet melder om de h\u00f8yeste f\u00f8dselstallene p\u00e5 flere \u00e5r. <\/p>\n<p>Foto: Per-K\u00e5re Sandbakk \/ NRK<\/p>\n<p>Seksjonsleder ved f\u00f8de\/barsel p\u00e5 sykehuset i Kristiansand Helene Aarsnes Thomassen, sier det er bra for landsdelen.<\/p>\n<p>Hun har en f\u00f8lelse av at oppgangen kommer til \u00e5 fortsette i 2026.<\/p>\n<p>\u2013 Det f\u00f8les s\u00e5nn i hvert fall akkurat n\u00e5. Vi har hatt mye \u00e5 gj\u00f8re i starten av \u00e5ret, sier Thomassen.<\/p>\n<p><img decoding=\"async\"   src=\"data:image\/gif;base64,R0lGODlhAQABAIAAAAAAAP\/\/\/yH5BAEAAAAALAAAAAABAAEAAAIBRAA7\" loading=\"eager\" alt=\"En person med hvite kl\u00e6r som smiler i en gang p\u00e5 sykehuset.\" title=\"Foto: Heidi Ditlefsen \/ NRK\"\/><\/p>\n<p class=\"\">Helene Aarsnes Thomassen, seksjonsleder ved f\u00f8de\/barsel p\u00e5 sykehuset i Kristiansand sier begynnelsen av 2026 har v\u00e6rt hektisk. <\/p>\n<p>Foto: Heidi Ditlefsen \/ NRK<\/p>\n<p>\u2013 Ventet til alt var p\u00e5 plass<\/p>\n<p>20 \u00e5r gamle Silje T\u00f8rstad er ogs\u00e5 p\u00e5 plass med sin baby p\u00e5 barselgruppen i Vennesla.<\/p>\n<p>Hun ble gravid da hun var 19.<\/p>\n<p><strong>\u2013 Jeg valgte \u00e5 f\u00e5 barn fordi jeg ikke helt visste hva jeg skulle gj\u00f8re med studier. Da var det fint \u00e5 ikke vente til jeg blir for gammel, sier T\u00f8rstad.<\/strong><\/p>\n<p><img decoding=\"async\"   src=\"data:image\/gif;base64,R0lGODlhAQABAIAAAAAAAP\/\/\/yH5BAEAAAAALAAAAAABAAEAAAIBRAA7\" loading=\"eager\" alt=\"To personer sitter p\u00e5 et r\u00f8dt teppe, hver med et lite barn i armene. Det er leker spredt rundt dem, og en bilsete st\u00e5r i n\u00e6rheten. Bakgrunnen viser en vegg med klatrestenger, og det er en generell innend\u00f8rs setting. Begge voksne er kledd i uformelle kl\u00e6r. (Bildebeskrivelsen er laget av en KI-tjeneste)\" title=\"Foto: Per-K\u00e5re Sandbakk \/ NRK\"\/><\/p>\n<p class=\"\">Angjerd Hellest\u00f8l \u00d8idna (til venstre) sier hun ventet med \u00e5 f\u00e5 barn til hun hadde alt p\u00e5 plass. <\/p>\n<p>Foto: Per-K\u00e5re Sandbakk \/ NRK<\/p>\n<p>Angjerd Hellest\u00f8l \u00d8idna mener p\u00e5 sin side at hun var sent ute.<\/p>\n<p>Hun ventet til hun hadde \u00abalt p\u00e5 plass\u00bb f\u00f8r hun ble gravid.<\/p>\n<p><strong>\u2013 Jeg er jo en av de som er sent ute med \u00e5 f\u00e5 barn. N\u00e5 er jeg i slutten av 20-\u00e5rene, sier hun. <\/strong><\/p>\n<p>Viktig med fast jobb og trygg \u00f8konomi<\/p>\n<p>Akkurat det Angjerd forteller, kjenner samfunns\u00f8konom Sara Cools igjen fra sin forskning.<\/p>\n<p>Hun har forsket mye p\u00e5 hva som har betydning n\u00e5r nordmenn skal stifte familie.<\/p>\n<p><strong>\u2013 Det folk svarer i sp\u00f8rreunders\u00f8kelser, er at det aller viktigste er at man har funnet en partner. S\u00e5 kommer fast jobb, trygg \u00f8konomi og et stabilt sted \u00e5 bo, sier Cools.<\/strong><\/p>\n<p><img decoding=\"async\"   src=\"data:image\/gif;base64,R0lGODlhAQABAIAAAAAAAP\/\/\/yH5BAEAAAAALAAAAAABAAEAAAIBRAA7\" loading=\"eager\" alt=\"en kvinne som smiler til kameraet\" title=\"Foto: Kjartan R\u00f8rslett\"\/><\/p>\n<p class=\"\">Sara Cools har forsket mye p\u00e5 hva som har betydning n\u00e5r man skal stifte familie. <\/p>\n<p>Foto: Kjartan R\u00f8rslett<\/p>\n<p>Hun forteller at kvinnene svarer at de \u00f8nsker \u00e5 f\u00e5 barn n\u00e5r de er rundt 27 til 28 \u00e5r, men s\u00e5 venter de lenger i virkeligheten.<\/p>\n<p>\u2013 Det er mye tidligere enn det som faktisk skjer, p\u00e5peker Cools.<\/p>\n<p>Snittalderen for f\u00f8rstegangsf\u00f8dende i Norge har nemlig passert 30 \u00e5r.<\/p>\n<p>        N\u00e5r mener du det er ideelt \u00e5 f\u00e5 sitt f\u00f8rste barn?\ud83e\udd30\ud83c\udffc<\/p>\n<p>        I begynnelsen av 20-\u00e5rene \ud83c\udf7c<\/p>\n<p>        I slutten av 20-\u00e5rene \ud83d\udc76\ud83c\udffc<\/p>\n<p>        I 30-\u00e5rene \ud83d\udc69\ud83c\udffc\u200d\ud83c\udf7c<\/p>\n<p>        N\u00e5r det skjer, s\u00e5 skjer det \u2013 alder betyr ikke s\u00e5 mye \ud83e\udd37\ud83c\udffc\u200d\u2640\ufe0f<\/p>\n<p>      Vis resultat<\/p>\n<p class=\"pin-nrkno-poll__disclaimer\">\n    Denne avstemningen viser ikke hva befolkningen mener om sp\u00f8rsm\u00e5let.<br \/>\n    Resultatet viser hva de som selv har valgt \u00e5 stemme mener,<br \/>\n    og avstemningen har ikke et utvalg som gj\u00f8r den representativ for alle som bor i landet.\n  <\/p>\n<p>Publisert<\/p>\n<p>11.01.2026, kl. 17.51<\/p>\n","protected":false},"excerpt":{"rendered":"Saken oppsummert: Vennesla kommune opplever en historisk \u00f8kning i f\u00f8dselstall, med 220 barn f\u00f8dt i 2025 \u2013 det&hellip;\n","protected":false},"author":2,"featured_media":134894,"comment_status":"","ping_status":"","sticky":false,"template":"","format":"standard","meta":{"footnotes":""},"categories":[10],"tags":[20,21,24,25,15,22,23,13,30,28,29,14,16,26,27],"class_list":{"0":"post-134893","1":"post","2":"type-post","3":"status-publish","4":"format-standard","5":"has-post-thumbnail","7":"category-norge","8":"tag-breaking-news","9":"tag-breakingnews","10":"tag-featured-news","11":"tag-featurednews","12":"tag-headlines","13":"tag-latest-news","14":"tag-latestnews","15":"tag-news","16":"tag-no","17":"tag-norge","18":"tag-norway","19":"tag-nyheter","20":"tag-overskrifter","21":"tag-top-stories","22":"tag-topstories"},"share_on_mastodon":{"url":"https:\/\/pubeurope.com\/@no\/115878180015590921","error":""},"_links":{"self":[{"href":"https:\/\/www.europesays.com\/no\/wp-json\/wp\/v2\/posts\/134893","targetHints":{"allow":["GET"]}}],"collection":[{"href":"https:\/\/www.europesays.com\/no\/wp-json\/wp\/v2\/posts"}],"about":[{"href":"https:\/\/www.europesays.com\/no\/wp-json\/wp\/v2\/types\/post"}],"author":[{"embeddable":true,"href":"https:\/\/www.europesays.com\/no\/wp-json\/wp\/v2\/users\/2"}],"replies":[{"embeddable":true,"href":"https:\/\/www.europesays.com\/no\/wp-json\/wp\/v2\/comments?post=134893"}],"version-history":[{"count":0,"href":"https:\/\/www.europesays.com\/no\/wp-json\/wp\/v2\/posts\/134893\/revisions"}],"wp:featuredmedia":[{"embeddable":true,"href":"https:\/\/www.europesays.com\/no\/wp-json\/wp\/v2\/media\/134894"}],"wp:attachment":[{"href":"https:\/\/www.europesays.com\/no\/wp-json\/wp\/v2\/media?parent=134893"}],"wp:term":[{"taxonomy":"category","embeddable":true,"href":"https:\/\/www.europesays.com\/no\/wp-json\/wp\/v2\/categories?post=134893"},{"taxonomy":"post_tag","embeddable":true,"href":"https:\/\/www.europesays.com\/no\/wp-json\/wp\/v2\/tags?post=134893"}],"curies":[{"name":"wp","href":"https:\/\/api.w.org\/{rel}","templated":true}]}}