{"id":134899,"date":"2026-01-11T19:49:10","date_gmt":"2026-01-11T19:49:10","guid":{"rendered":"https:\/\/www.europesays.com\/no\/134899\/"},"modified":"2026-01-11T19:49:10","modified_gmt":"2026-01-11T19:49:10","slug":"far-krass-kritikk-gir-fullstendig-blaffen","status":"publish","type":"post","link":"https:\/\/www.europesays.com\/no\/134899\/","title":{"rendered":"F\u00e5r krass kritikk: &#8211; Gir fullstendig blaffen"},"content":{"rendered":"<p>        Saken oppsummert<\/p>\n<ul lang=\"nb-NO\">\n<li>Prinsesse Madeleine flyttet hjem til Sverige i 2024 etter flere \u00e5r i Florida.<\/li>\n<li>Svenskene, spesielt i H\u00e4lsingland og G\u00e4strikland, var begeistret, men skuffet over hennes frav\u00e6r.<\/li>\n<li>Det har g\u00e5tt ti \u00e5r siden hennes siste offisielle bes\u00f8k til hertugd\u00f8mmene, noe som har skapt misn\u00f8ye.<\/li>\n<li>Slottet hevder at det alltid er en plan for bes\u00f8k, men det skjer ikke \u00e5rlig.<\/li>\n<\/ul>\n<p class=\"italic ai-disclaimer\" data-lab-italic=\"italic\">Oppsummeringen er laget med kunstig intelligens (KI) fra OpenAI. Innholdet er kvalitetssikret av TV 2s journalister. <a target=\"_blank\" href=\"https:\/\/hjelp.tv2.no\/info\/artikkel\/slik-jobber-vi-med-ki-i-tv-2\" title=\"Les om hvordan vi jobber med KI\" rel=\"nofollow noopener\">Les om hvordan vi jobber med KI<\/a><\/p>\n<p>I 2024 flyttet prinsesse Madeleine hjem etter \u00e5 ha bodd flere \u00e5r i solfylte Florida.<\/p>\n<p>Jubelen blant svenskene var stor, s\u00e6rlig p\u00e5 stedene hvor hun er hertuginne, og mange h\u00e5pet kanskje p\u00e5 \u00e5 se mer til den svenske prinsessen.<\/p>\n<p>Da hun ikke dukket opp, vekket det misn\u00f8ye.<\/p>\n<p>\u2013 Sm\u00e5lig<\/p>\n<p>I tillegg til prinsessetittelen, ble prinsesse Madeleine tildelt tittelen hertuginne av H\u00e4lsingland og G\u00e4strikland da hun ble f\u00f8dt.<\/p>\n<p>H\u00e4lsingland og G\u00e4strikland ligger s\u00f8r i Norrland i Sverige.<\/p>\n<p>If\u00f8lge <a href=\"https:\/\/www.svenskdam.se\/kungligt\/madeleine-har-inte-besokt-sitt-hertigdome-pa-10-ar-besvikna-ledsna\/11195035\" rel=\"nofollow noopener\" target=\"_blank\">Svensk Damtidning<\/a> er det ti \u00e5r siden Madeleines forrige offisielle bes\u00f8k til hertugd\u00f8mmene.\u00a0<\/p>\n<p>Journalist i Ljusnan i H\u00e4lsingland Christian Massana, forteller overfor mediet at flere legger merke til prinsessens frav\u00e6r.<\/p>\n<p>\u2013 Jeg tror at det finnes en viss skuffelse, selv om man ikke lenger har s\u00e5 mye h\u00e5p om at hun skal vise noen interesse. Man hadde nok \u00f8nsket det, men det har jo vist seg \u00e5 v\u00e6re helt frav\u00e6rende. Jeg tror generelt at folk b\u00e5de er litt skuffet og triste over at hun ikke dukker opp her, sier han til Svensk Damtidning.<\/p>\n<p>        <img class=\"image__img lazyload\" itemprop=\"image\" title=\"Foto: Jonathan Nackstrand \/ AFP \/ NTB\" alt=\"DUKKER IKKE OPP: Prinsesse Madeleine har ikke bes\u00f8kt H\u00e4lsingland eller G\u00e4strikland p\u00e5 ti \u00e5r. Foto: Jonathan Nackstrand \/ AFP \/ NTB\" width=\"675\" height=\"1013\" bad-src=\"https:\/\/www.europesays.com\/no\/wp-content\/uploads\/2026\/01\/18453610.webp.jpeg\" fetchpriority=\"auto\" \/><\/p>\n<p>      DUKKER IKKE OPP: Prinsesse Madeleine har ikke bes\u00f8kt H\u00e4lsingland eller G\u00e4strikland p\u00e5 ti \u00e5r.<br \/>\n         Foto: Jonathan Nackstrand \/ AFP \/ NTB<\/p>\n<p>Videre forklarer Massana at H\u00e4lsingland er et sted som kanskje kan f\u00f8le seg glemt, fordi det sjelden st\u00e5r i sentrum for store begivenheter.<\/p>\n<p> \u2013 Det gj\u00f8r oss jo ikke mer relevante n\u00e5r vi har en hertuginne som fullstendig gir blaffen i oss, eller i det minste ikke dukker opp. H\u00e4lsingland hadde sikkert gjerne vist hva vi duger til p\u00e5 mange m\u00e5ter, og hun kunne sikkert ha bidratt til det, men det har hun \u00e5penbart ikke gjort.\u00a0<\/p>\n<p>\u2013 Hun ofrer oss ikke en tanke og har ikke engang reist hit p\u00e5 ti \u00e5r. Det f\u00f8les litt sm\u00e5lig eller litt trist.<\/p>\n<p>Slottet:\u00a0\u2013 Alltid en plan<\/p>\n<p>Overfor Svensk Damtidning forklarer Slottets kommunikasjonssjef Margareta Thorgren at det \u00e5rlig planlegges bes\u00f8k til hertugd\u00f8mmene.<\/p>\n<p>\u2013 Det ligger alltid i den \u00e5rlige planleggingen \u00e5 gjennomf\u00f8re et bes\u00f8k i hvert hertugd\u00f8mme, forklarer Thorgren.<\/p>\n<p>\u2013 Det er slike ting vi g\u00e5r gjennom litt senere, hva som gj\u00f8res helt konkret i 2026. Bes\u00f8k til hertugd\u00f8mmene skjer ikke hvert \u00e5r, men det finnes alltid en plan.<\/p>\n<p>Prinsesse Madeleine flyttet hjem til Sverige i 2024, etter rundt seks \u00e5r i luksusvillaen i Florida, USA.\u00a0<\/p>\n<p>        <img class=\"image__img lazyload\" itemprop=\"image\" title=\"Foto: Slaven Vlasic \/ AFP \/ NTB\" alt=\"FLYTTET HJEM: I 2024 kom prinsessen hjem. Her avbildet med dronning Silvia, kong Carl Gustaf og ektemannen Chris O'Neill i 2013. Foto: Slaven Vlasic \/ AFP \/ NTB\" width=\"675\" height=\"466\" bad-src=\"https:\/\/www.europesays.com\/no\/wp-content\/uploads\/2026\/01\/18453618.webp.jpeg\" fetchpriority=\"auto\" \/><\/p>\n<p>      FLYTTET HJEM: I 2024 kom prinsessen hjem. Her avbildet med dronning Silvia, kong Carl Gustaf og ektemannen Chris O&#8217;Neill i 2013.<br \/>\n         Foto: Slaven Vlasic \/ AFP \/ NTB<\/p>\n<p>Der bodde prinsessen med sin amerikanske ektemann Chris O&#8217;Neill (51) og deres tre barn, prinsesse Leonore (11), prins Nicolas (10) og prinsesse Adrienne (7).<\/p>\n<p>I dag bor familien i en luksusleilighet p\u00e5 Hovstallet i Stockholm.<\/p>\n","protected":false},"excerpt":{"rendered":"Saken oppsummert Prinsesse Madeleine flyttet hjem til Sverige i 2024 etter flere \u00e5r i Florida. Svenskene, spesielt i&hellip;\n","protected":false},"author":2,"featured_media":134900,"comment_status":"","ping_status":"","sticky":false,"template":"","format":"standard","meta":{"footnotes":""},"categories":[12],"tags":[20,21,24,25,15,22,23,13,30,28,29,14,16,26,27,42,43,44,45],"class_list":{"0":"post-134899","1":"post","2":"type-post","3":"status-publish","4":"format-standard","5":"has-post-thumbnail","7":"category-verden","8":"tag-breaking-news","9":"tag-breakingnews","10":"tag-featured-news","11":"tag-featurednews","12":"tag-headlines","13":"tag-latest-news","14":"tag-latestnews","15":"tag-news","16":"tag-no","17":"tag-norge","18":"tag-norway","19":"tag-nyheter","20":"tag-overskrifter","21":"tag-top-stories","22":"tag-topstories","23":"tag-verden","24":"tag-world","25":"tag-world-news","26":"tag-worldnews"},"share_on_mastodon":{"url":"https:\/\/pubeurope.com\/@no\/115878203497715463","error":""},"_links":{"self":[{"href":"https:\/\/www.europesays.com\/no\/wp-json\/wp\/v2\/posts\/134899","targetHints":{"allow":["GET"]}}],"collection":[{"href":"https:\/\/www.europesays.com\/no\/wp-json\/wp\/v2\/posts"}],"about":[{"href":"https:\/\/www.europesays.com\/no\/wp-json\/wp\/v2\/types\/post"}],"author":[{"embeddable":true,"href":"https:\/\/www.europesays.com\/no\/wp-json\/wp\/v2\/users\/2"}],"replies":[{"embeddable":true,"href":"https:\/\/www.europesays.com\/no\/wp-json\/wp\/v2\/comments?post=134899"}],"version-history":[{"count":0,"href":"https:\/\/www.europesays.com\/no\/wp-json\/wp\/v2\/posts\/134899\/revisions"}],"wp:featuredmedia":[{"embeddable":true,"href":"https:\/\/www.europesays.com\/no\/wp-json\/wp\/v2\/media\/134900"}],"wp:attachment":[{"href":"https:\/\/www.europesays.com\/no\/wp-json\/wp\/v2\/media?parent=134899"}],"wp:term":[{"taxonomy":"category","embeddable":true,"href":"https:\/\/www.europesays.com\/no\/wp-json\/wp\/v2\/categories?post=134899"},{"taxonomy":"post_tag","embeddable":true,"href":"https:\/\/www.europesays.com\/no\/wp-json\/wp\/v2\/tags?post=134899"}],"curies":[{"name":"wp","href":"https:\/\/api.w.org\/{rel}","templated":true}]}}