{"id":134901,"date":"2026-01-11T19:50:22","date_gmt":"2026-01-11T19:50:22","guid":{"rendered":"https:\/\/www.europesays.com\/no\/134901\/"},"modified":"2026-01-11T19:50:22","modified_gmt":"2026-01-11T19:50:22","slug":"vaer-flekkefjord-snokaos-i-vente-gult-farevarsel-for-vare-distrikter-og-oransje-niva-i-ost-avisen-agder","status":"publish","type":"post","link":"https:\/\/www.europesays.com\/no\/134901\/","title":{"rendered":"V\u00e6r, Flekkefjord | Sn\u00f8kaos i vente? Gult farevarsel for v\u00e5re distrikter og oransje niv\u00e5 i \u00f8st &#8211; Avisen Agder"},"content":{"rendered":"<ol>\n<li><a href=\"https:\/\/news.google.com\/rss\/articles\/CBMitgFBVV95cUxOQnBwRTZFM1h1eW1PdlhjS3hIUWY5NUhsQ25DMWN4bjVPZ3N6MmYwX2RUc21tTG5zampkLUlKMzh0RmVJQWhrZDUwRlNOaTVBT1Q0bHNjd3MyUmROT1BwNmFEUTFKTXdsQThGMjV4NlRQcW5Rajk1bktxMEpPT0NLQUZVNzVHWmMyWWlnWmRBbC0tREFKUURkU1E3WWVZMEtFbXdKTU9fYjYycHM0ZGtkem1hczUtZw?oc=5\" target=\"_blank\" rel=\"nofollow noopener\">V\u00e6r, Flekkefjord | Sn\u00f8kaos i vente? Gult farevarsel for v\u00e5re distrikter og oransje niv\u00e5 i \u00f8st<\/a>&nbsp;&nbsp;Avisen Agder<\/li>\n<li><a href=\"https:\/\/news.google.com\/rss\/articles\/CBMijAFBVV95cUxOcmUzdENZX252cFBnVmRpbDhwYkxxTE0tNW95WF9sSG92V0RQTGZyV19hMWQ1cTlKem83ZkV4QjlNR3I3amhuT3gtZFU2UDdMaU42OXZuQ3J1OEpDS2h4ZmxoOFpycnRwUDFfNklZTXN4SllpdzhkX1VIVmdVd3NoRnJ6LW4tNEFXcW04aQ?oc=5\" target=\"_blank\" rel=\"nofollow noopener\">Sender ut farevarsel: Venter opp til 40 centimeter sn\u00f8<\/a>&nbsp;&nbsp;VG<\/li>\n<li><a href=\"https:\/\/news.google.com\/rss\/articles\/CBMihAFBVV95cUxOYzFEWlNpaU1UVDZSQ1ppcWhEMl93UnRrQXBQUExtRGtoQ3ZkbHpCZjVoTFFnVjNQejJndW55dkVWMWtoTV9kRkVaaHBiZmx1a204QzM4QkxCdVNVZ3FwNDV2SV9WMGVsdlB0T3hLT3gxMUk1MnVicWhWbzBiQzJpWE1rN0Y?oc=5\" target=\"_blank\" rel=\"nofollow noopener\">Det kan komme opp mot 40 cm sn\u00f8 i Agder<\/a>&nbsp;&nbsp;NRK<\/li>\n<li><a href=\"https:\/\/news.google.com\/rss\/articles\/CBMiigFBVV95cUxPWGU2VnBGUkFDanVyTG5EWGdSaXltQ3hHMFZUVmJTV3BoaXRJTGJWNFRreGZzbEhnWGtNN2dDU0FvUGowNTJwci1vcDZWVUJuZWtpMld0NUpaejV1V0h1S0RqTnd0SGNwTkhaZV9QYVliZmVsalBDZ2x2M1V2REFJcFUyamtXeUxZaFE?oc=5\" target=\"_blank\" rel=\"nofollow noopener\">Advarer om krevende kj\u00f8reforhold<\/a>&nbsp;&nbsp;fvn.no<\/li>\n<li><a href=\"https:\/\/news.google.com\/rss\/articles\/CBMilAFBVV95cUxOeGpVeHZDeDJCV0VUU05xSExwWHZBQm1NXzFUYmZOcHBoR19zSFFjWTZoVjY2ajFWdllyT0ZPVGhmVmRRVlo5cEZIaUw2aUYxT2JCcFpuWTd0X2QwYk8wVGROOFBkUUpSWm80Y2ROc3RWeU0wYWlHNW5NcFkxaTN3TklBU1BfMkluNHJ0Qk1kbWo5S0Na?oc=5\" target=\"_blank\" rel=\"nofollow noopener\">Varsler store mengder sn\u00f8 og mildv\u00e6r<\/a>&nbsp;&nbsp;agderposten.no<\/li>\n<\/ol>\n","protected":false},"excerpt":{"rendered":"V\u00e6r, Flekkefjord | Sn\u00f8kaos i vente? Gult farevarsel for v\u00e5re distrikter og oransje niv\u00e5 i \u00f8st&nbsp;&nbsp;Avisen Agder Sender&hellip;\n","protected":false},"author":2,"featured_media":134902,"comment_status":"","ping_status":"","sticky":false,"template":"","format":"standard","meta":{"footnotes":""},"categories":[10],"tags":[20,21,24,25,15,22,23,13,30,28,29,14,16,26,27],"class_list":{"0":"post-134901","1":"post","2":"type-post","3":"status-publish","4":"format-standard","5":"has-post-thumbnail","7":"category-norge","8":"tag-breaking-news","9":"tag-breakingnews","10":"tag-featured-news","11":"tag-featurednews","12":"tag-headlines","13":"tag-latest-news","14":"tag-latestnews","15":"tag-news","16":"tag-no","17":"tag-norge","18":"tag-norway","19":"tag-nyheter","20":"tag-overskrifter","21":"tag-top-stories","22":"tag-topstories"},"share_on_mastodon":{"url":"https:\/\/pubeurope.com\/@no\/115878207348224971","error":""},"_links":{"self":[{"href":"https:\/\/www.europesays.com\/no\/wp-json\/wp\/v2\/posts\/134901","targetHints":{"allow":["GET"]}}],"collection":[{"href":"https:\/\/www.europesays.com\/no\/wp-json\/wp\/v2\/posts"}],"about":[{"href":"https:\/\/www.europesays.com\/no\/wp-json\/wp\/v2\/types\/post"}],"author":[{"embeddable":true,"href":"https:\/\/www.europesays.com\/no\/wp-json\/wp\/v2\/users\/2"}],"replies":[{"embeddable":true,"href":"https:\/\/www.europesays.com\/no\/wp-json\/wp\/v2\/comments?post=134901"}],"version-history":[{"count":0,"href":"https:\/\/www.europesays.com\/no\/wp-json\/wp\/v2\/posts\/134901\/revisions"}],"wp:featuredmedia":[{"embeddable":true,"href":"https:\/\/www.europesays.com\/no\/wp-json\/wp\/v2\/media\/134902"}],"wp:attachment":[{"href":"https:\/\/www.europesays.com\/no\/wp-json\/wp\/v2\/media?parent=134901"}],"wp:term":[{"taxonomy":"category","embeddable":true,"href":"https:\/\/www.europesays.com\/no\/wp-json\/wp\/v2\/categories?post=134901"},{"taxonomy":"post_tag","embeddable":true,"href":"https:\/\/www.europesays.com\/no\/wp-json\/wp\/v2\/tags?post=134901"}],"curies":[{"name":"wp","href":"https:\/\/api.w.org\/{rel}","templated":true}]}}