{"id":134910,"date":"2026-01-11T20:04:08","date_gmt":"2026-01-11T20:04:08","guid":{"rendered":"https:\/\/www.europesays.com\/no\/134910\/"},"modified":"2026-01-11T20:04:08","modified_gmt":"2026-01-11T20:04:08","slug":"bloomberg-tyskland-og-storbritannia-vurderer-a-sende-nato-styrker-til-gronland-tv2-no","status":"publish","type":"post","link":"https:\/\/www.europesays.com\/no\/134910\/","title":{"rendered":"Bloomberg: Tyskland og Storbritannia vurderer \u00e5 sende Nato-styrker til Gr\u00f8nland &#8211; TV2.no"},"content":{"rendered":"<ol>\n<li><a href=\"https:\/\/news.google.com\/rss\/articles\/CBMi3wFBVV95cUxPVU1EREQ4MmhDLUJGaDk5Ui13ZUhlUTFOMy1WaHdLRnpad25OYjU3elgxSGZkRmtLaEtyZ3habmQwQW1WakV6R0U3NkZTU0cxWjZ4UTM3Tm5CZkM0SmNuaC1SU0pkeldSdnhYQk4tcnQ3a0pTZTN6Vi01MU1ISkZMZmxxRXNKNk81X2VLT3BQdThYLVdNdWpsZ1k4bmZKNTlVQVo1a3A3QTFBZHV4elhkUUFZcXJxWWg1Mnc5WjcwaDljc0JkY2JrWnpqQm9qQWg4eGx6eHhNYmtaai16SFo0?oc=5\" target=\"_blank\" rel=\"nofollow noopener\">Bloomberg: Tyskland og Storbritannia vurderer \u00e5 sende Nato-styrker til Gr\u00f8nland<\/a>&nbsp;&nbsp;TV2.no<\/li>\n<li><a href=\"https:\/\/news.google.com\/rss\/articles\/CBMirwFBVV95cUxORUNrQlh3aGxQSHhaTkN3M3B6TTNIUkdMaW94eGpmMkEzSmZOVlFPZE0yTkNXeWJubW9kWmtXMGxEaTdrYzdhejNRNnpJYlFqX2RSNXA5Z29uWWMzcGZFaWExNzh6aDRFTFVXa1owSmJGc0hEZnpPclMxRFR5VnYwODM4V3ZSUV9WRlNsbUYzSGJZY29lM1l6R21pLUpid0pHZWtDSmVyYmUtM3QtYnBJ?oc=5\" target=\"_blank\" rel=\"nofollow noopener\">Hvis USA tar over Gr\u00f8nland, vil familien til Orla Joelsen dra fra landet \u2013 Urix<\/a>&nbsp;&nbsp;NRK<\/li>\n<li><a href=\"https:\/\/news.google.com\/rss\/articles\/CBMigAFBVV95cUxNdmNfaEtyNWNqaldnVDhWNmtrWGw2Ull2SjZNQTQtcExfeVoyc1AwU1JvcGJwaDIxX3ZhOVB2bUFhdXR2cHdqY0NyWUNuaHowM3hyTkpnUkNWV1hNamxMRUJMa0R0UzV2T0FsdUx5eHdSVEllT1RhSDhJcG90NjV5NQ?oc=5\" target=\"_blank\" rel=\"nofollow noopener\">Trump refses av sine egne: \u2013\u2060 Dumskap<\/a>&nbsp;&nbsp;VG<\/li>\n<li><a href=\"https:\/\/news.google.com\/rss\/articles\/CBMib0FVX3lxTFA5Z296OXVGdk5CVlM3bUYyR0JsVzJwSnpGN1lKRktVX2ZCaEUtbzlocWtOdjE1OHR4NE5ncmZacTg2TW1tdWFqbFhtd2pLVWVoQ25ZeEp4MnJabnhRN25VbFNqSkNrNW9rQnZDSkt0UQ?oc=5\" target=\"_blank\" rel=\"nofollow noopener\">Ekspert: &#8211; Tull og t\u00f8ys<\/a>&nbsp;&nbsp;Dagbladet<\/li>\n<li><a href=\"https:\/\/news.google.com\/rss\/articles\/CBMivgFBVV95cUxQSXN2NVRzZ192MjVZSUxJQnBuYVV1TlJ5aGlTNDR1SW1Ca1NoZ2JEbUI2WVp3N1BXWDNYSUNuY2hVOXVtWTNIZUI1azlPQVNtYkQtMTZ1ZVA2R2FZdXRkUnRjU0szcmg4Uno2cFJ6TnhhcFdTZ1VXaElCcGRib3FaMlZwU0UzUXNUV0RQSk1CSUJDdjlkNGZORzdUc1lUS2ZncjJCZUJjQWFVWFdNMUxUQm5BaGdjbTBPbnFXUEVB?oc=5\" target=\"_blank\" rel=\"nofollow noopener\">\u2013 Tyskland og Storbritannia vurderer \u00e5 utplassere Nato-styrker p\u00e5 Gr\u00f8nland<\/a>&nbsp;&nbsp;Nettavisen<\/li>\n<\/ol>\n","protected":false},"excerpt":{"rendered":"Bloomberg: Tyskland og Storbritannia vurderer \u00e5 sende Nato-styrker til Gr\u00f8nland&nbsp;&nbsp;TV2.no Hvis USA tar over Gr\u00f8nland, vil familien til&hellip;\n","protected":false},"author":2,"featured_media":7490,"comment_status":"","ping_status":"","sticky":false,"template":"","format":"standard","meta":{"footnotes":""},"categories":[12],"tags":[20,21,24,25,15,22,23,13,30,28,29,14,16,26,27,42,43,44,45],"class_list":{"0":"post-134910","1":"post","2":"type-post","3":"status-publish","4":"format-standard","5":"has-post-thumbnail","7":"category-verden","8":"tag-breaking-news","9":"tag-breakingnews","10":"tag-featured-news","11":"tag-featurednews","12":"tag-headlines","13":"tag-latest-news","14":"tag-latestnews","15":"tag-news","16":"tag-no","17":"tag-norge","18":"tag-norway","19":"tag-nyheter","20":"tag-overskrifter","21":"tag-top-stories","22":"tag-topstories","23":"tag-verden","24":"tag-world","25":"tag-world-news","26":"tag-worldnews"},"share_on_mastodon":{"url":"https:\/\/pubeurope.com\/@no\/115878262525422434","error":""},"_links":{"self":[{"href":"https:\/\/www.europesays.com\/no\/wp-json\/wp\/v2\/posts\/134910","targetHints":{"allow":["GET"]}}],"collection":[{"href":"https:\/\/www.europesays.com\/no\/wp-json\/wp\/v2\/posts"}],"about":[{"href":"https:\/\/www.europesays.com\/no\/wp-json\/wp\/v2\/types\/post"}],"author":[{"embeddable":true,"href":"https:\/\/www.europesays.com\/no\/wp-json\/wp\/v2\/users\/2"}],"replies":[{"embeddable":true,"href":"https:\/\/www.europesays.com\/no\/wp-json\/wp\/v2\/comments?post=134910"}],"version-history":[{"count":0,"href":"https:\/\/www.europesays.com\/no\/wp-json\/wp\/v2\/posts\/134910\/revisions"}],"wp:featuredmedia":[{"embeddable":true,"href":"https:\/\/www.europesays.com\/no\/wp-json\/wp\/v2\/media\/7490"}],"wp:attachment":[{"href":"https:\/\/www.europesays.com\/no\/wp-json\/wp\/v2\/media?parent=134910"}],"wp:term":[{"taxonomy":"category","embeddable":true,"href":"https:\/\/www.europesays.com\/no\/wp-json\/wp\/v2\/categories?post=134910"},{"taxonomy":"post_tag","embeddable":true,"href":"https:\/\/www.europesays.com\/no\/wp-json\/wp\/v2\/tags?post=134910"}],"curies":[{"name":"wp","href":"https:\/\/api.w.org\/{rel}","templated":true}]}}