{"id":134911,"date":"2026-01-11T20:05:33","date_gmt":"2026-01-11T20:05:33","guid":{"rendered":"https:\/\/www.europesays.com\/no\/134911\/"},"modified":"2026-01-11T20:05:33","modified_gmt":"2026-01-11T20:05:33","slug":"vann-maridalsveien-problemer-for-viktige-bussruter-ma-ha-omkjoring-i-flere-dager","status":"publish","type":"post","link":"https:\/\/www.europesays.com\/no\/134911\/","title":{"rendered":"Vann, Maridalsveien | Problemer for viktige bussruter \u2013 m\u00e5 ha omkj\u00f8ring i flere dager"},"content":{"rendered":"\n<p><a href=\"https:\/\/www.ao.no\/kraftig-vannlekkasje-ved-vulkan\/s\/30-128-10772\" rel=\"Follow nofollow noopener\" target=\"_blank\">Som en f\u00f8lge av vannlekkasjen i Maridalsveien, <\/a>stopper ikke 34- eller 54-bussen mellom Alexander Kiellands plass og Storgata.<\/p>\n<p>Dette betyr at holdeplassene Jakob kirke, M\u00f8llerveien og Telthusbakken ikke blir betjent.<\/p>\n<p>Dette gjelder enn s\u00e5 lenge fram til klokken 12.00, melder Ruter.<\/p>\n<p>Bussen vil kj\u00f8re om via Sannergata og Toftes gate, opplyser Ruters pressevakt Eilif Swensen til Avisa Oslo l\u00f8rdag morgen.<\/p>\n<p>L\u00f8rdag ettermiddag opplyser Swensen at det kan ta tid f\u00f8r bussene er tilbake i vanlig tras\u00e9.<\/p>\n<p>\u2013 Det ser ut til at det vil vare noen dager. Vi planlegger n\u00e5 for hvordan vi skal fortsette \u00e5 kj\u00f8re og hvilken alternativ rute vi vil ta, sier han til Avisa Oslo.<\/p>\n<p>Kommunikasjonssjef i Vann- og avl\u00f8psetaten, Jean-Yves Manum Gallardo, sier til Avisa Oslo at det vil ta flere dager \u00e5 f\u00e5 reprart veien. Det er store skader p\u00e5 asfalten.<\/p>\n<p>\u2013 Vi regner med \u00e5 kunne sl\u00e5 p\u00e5 vannet i l\u00f8pet av dagen. Vi har installert vannposter i omr\u00e5det, sier han.<\/p>\n<p>Lekkasjen ble ikke stoppet f\u00f8r etter \u00e9n time, noe som gjorde at store vannmengder fosset ut. Ledningen som ble \u00f8delagt er sv\u00e6rt gammel, og stammer fra siste halvdel av 1800-tallet.<\/p>\n<p>   <img decoding=\"async\" width=\"5712\" height=\"4284\" fetchpriority=\"low\"  loading=\"lazy\"  src=\"https:\/\/www.europesays.com\/no\/wp-content\/uploads\/2026\/01\/1768161933_851_photo+%281%29.jpg\" alt=\"\" class=\"brick-c-cFOWSL\" style=\"--brick-image-ratio: 5712 \/ 4284;\"\/><\/p>\n<p>      Stengt i rundkj\u00f8ringen ved Vulkan.<br \/>\n      Foto: Cecilie Rygh Trodal\/Avisa Oslo\n    <\/p>\n","protected":false},"excerpt":{"rendered":"Som en f\u00f8lge av vannlekkasjen i Maridalsveien, stopper ikke 34- eller 54-bussen mellom Alexander Kiellands plass og Storgata.&hellip;\n","protected":false},"author":2,"featured_media":134912,"comment_status":"","ping_status":"","sticky":false,"template":"","format":"standard","meta":{"footnotes":""},"categories":[10],"tags":[36,20,21,24,25,15,22,23,15508,13,30,28,29,14,16,1510,26,27,284,1917],"class_list":{"0":"post-134911","1":"post","2":"type-post","3":"status-publish","4":"format-standard","5":"has-post-thumbnail","7":"category-norge","8":"tag-art","9":"tag-breaking-news","10":"tag-breakingnews","11":"tag-featured-news","12":"tag-featurednews","13":"tag-headlines","14":"tag-latest-news","15":"tag-latestnews","16":"tag-maridalsveien","17":"tag-news","18":"tag-no","19":"tag-norge","20":"tag-norway","21":"tag-nyheter","22":"tag-overskrifter","23":"tag-story","24":"tag-top-stories","25":"tag-topstories","26":"tag-trafikk-og-kollektiv","27":"tag-vann"},"share_on_mastodon":{"url":"https:\/\/pubeurope.com\/@no\/115878266444157372","error":""},"_links":{"self":[{"href":"https:\/\/www.europesays.com\/no\/wp-json\/wp\/v2\/posts\/134911","targetHints":{"allow":["GET"]}}],"collection":[{"href":"https:\/\/www.europesays.com\/no\/wp-json\/wp\/v2\/posts"}],"about":[{"href":"https:\/\/www.europesays.com\/no\/wp-json\/wp\/v2\/types\/post"}],"author":[{"embeddable":true,"href":"https:\/\/www.europesays.com\/no\/wp-json\/wp\/v2\/users\/2"}],"replies":[{"embeddable":true,"href":"https:\/\/www.europesays.com\/no\/wp-json\/wp\/v2\/comments?post=134911"}],"version-history":[{"count":0,"href":"https:\/\/www.europesays.com\/no\/wp-json\/wp\/v2\/posts\/134911\/revisions"}],"wp:featuredmedia":[{"embeddable":true,"href":"https:\/\/www.europesays.com\/no\/wp-json\/wp\/v2\/media\/134912"}],"wp:attachment":[{"href":"https:\/\/www.europesays.com\/no\/wp-json\/wp\/v2\/media?parent=134911"}],"wp:term":[{"taxonomy":"category","embeddable":true,"href":"https:\/\/www.europesays.com\/no\/wp-json\/wp\/v2\/categories?post=134911"},{"taxonomy":"post_tag","embeddable":true,"href":"https:\/\/www.europesays.com\/no\/wp-json\/wp\/v2\/tags?post=134911"}],"curies":[{"name":"wp","href":"https:\/\/api.w.org\/{rel}","templated":true}]}}