{"id":134913,"date":"2026-01-11T20:06:08","date_gmt":"2026-01-11T20:06:08","guid":{"rendered":"https:\/\/www.europesays.com\/no\/134913\/"},"modified":"2026-01-11T20:06:08","modified_gmt":"2026-01-11T20:06:08","slug":"dalot-til-tv-2-tar-imot-solskjaer-med-apne-armer","status":"publish","type":"post","link":"https:\/\/www.europesays.com\/no\/134913\/","title":{"rendered":"Dalot til TV 2: &#8211; Tar imot Solskj\u00e6r med \u00e5pne armer"},"content":{"rendered":"<p class=\"no_italic m-no_italic\" data-lab-italic=\"\">Det kan ha v\u00e6rt Darren Fletcher sin siste kamp som midlertidig manager for Manchester United.<\/p>\n<p>Skotten har f\u00e5tt ansvaret etter at klubben kvittet seg med R\u00faben Amorim (40).<\/p>\n<p>Ole Gunnar Solskj\u00e6r (52) er kanskje den <a href=\"https:\/\/www.tv2.no\/sport\/solskjaer-kjenner-til-tv-2-dette-taler-for-united-comeback\/18446374\/\" target=\"_blank\" rel=\"nofollow noopener\">heteste kandidaten<\/a> til \u00e5 f\u00e5 ansvaret ut sesongen, men enn s\u00e5 lenge er det Fletcher som er sjef.\u00a0<\/p>\n<p>Oppgj\u00f8ret mot Brighton i FA-cupens tredje runde ble derimot ingen god opplevelse for den tidligere midtbanespilleren. Brighton vant 2-1 etter scoringer fra\u00a0Brajan Gruda og Danny Welbeck.<\/p>\n<p>Dermed har Manchester United kun Premier League-fotball igjen denne sesongen.<\/p>\n<p> \u2013 Han har v\u00e6rt i klubben i en mannsalder. De m\u00e5 vite om han er god nok. men at han f\u00e5r jobben, det tror jeg er utelukket, sa TV 2s fotballekspert Erik Thorstvedt etter kampen. <\/p>\n<p>Fletcher selv vet ikke hva fremtiden bringer.\u00a0<\/p>\n<p>&#8211; Jeg har ikke snakket med klubbledelsen, sa han p\u00e5 pressekonferansen etter kampen.<\/p>\n<p> \u2013 Det eneste jeg vet er at jeg skal p\u00e5 Carrington i morgen. Jeg har ikke f\u00e5tt noen indikasjon p\u00e5 fremtiden, forklarte 41-\u00e5ringen.<\/p>\n<p>Diogo Dalot er klar for \u00e5 \u00f8nske Ole Gunnar Solskj\u00e6r tilbake til Old Trafford.\u00a0<\/p>\n<p>\u2013 Han er en person som vet hva denne klubben handler om. Han<br \/>\nhar v\u00e6rt her som spiller og manager.\u00a0<\/p>\n<p>\u2013 Vi kommer selvf\u00f8lgelig til \u00e5 ta ham imot<br \/>\nmed \u00e5pne armer, sier Diogo Dalot til TV 2 etter kampen. <\/p>\n<p>F\u00f8r han fortsetter:<\/p>\n<p>\u2013 Uansett hvem som kommer inn vil vi kjempe for \u00e5 vinne<br \/>\nfotballkamper.<\/p>\n<p>Mareritt\u00e5pning<\/p>\n<p>Manchester United \u00e5pnet kampen best og b\u00e5de Diogo Dalot og Bruno Fernandes hadde muligheter til \u00e5 hjemmelaget f\u00f8ringen mot Brighton.<\/p>\n<p>Gjestene trengte p\u00e5 sin side bare en sjanse for \u00e5 finne nettmaskene p\u00e5 Old Trafford.\u00a0<\/p>\n<p>Tidligere Manchester United-spiller, Danny Welbeck, fant pannebrasken til Georginio Rutter, men fors\u00f8ket ble stoppet. P\u00e5 returen var imidlertid Brajan Gruda p\u00e5 riktig plass og kunne enkelt sette ballen i m\u00e5l.<\/p>\n<p> \u2013 Det kommer litt ut av ingenting. Frem til da hadde United styrt kampen. Skal vi v\u00e6re helt \u00e6rlige, s\u00e5 er det vel flaks at det bare st\u00e5r 1-0 \u00f2g, med tanke p\u00e5 det som skulle skje med Welbeck og Lemmens like etterp\u00e5, sa Thorstvedt i pausen. <\/p>\n<p>Sjansen Welbeck fikk var gigantisk. Senne Lammens i United-buret spilte ballen rett i beina til spissen, men rettet opp sin egen feil med en god redning.\u00a0<\/p>\n<p>\u2013 Denne er skrekkelig. Han setter opp Danny Welbeck kliss alene og s\u00e5 er han heldig at avslutningen ikke er bedre, sa TV 2s fotballekspert Simen Stams\u00f8-M\u00f8ller.<\/p>\n<p> \u2013 Det kan bli en n\u00f8kkelsituasjon. Putter Welbeck den, s\u00e5 er det p\u00e5 mange m\u00e5ter gjort. At Lammens slipper unna der, da har du hjertet i halsen. Han rydder opp, men den er vond, sa Thorstvedt. <\/p>\n<p>Brighton gikk til pause ett m\u00e5l foran.\u00a0<\/p>\n<p>Dr\u00f8mmetreff<\/p>\n<p>Andreomgang startet som den f\u00f8rste. Manchester United gikk ut i hundre, men de store sjansene uteble.<\/p>\n<p>Welbeck hadde p\u00e5 sin side lagt bommen sin bak seg. Etter en dr\u00f8y time hamret 35-\u00e5ringen ballen i m\u00e5l.<\/p>\n<p>\u2013 Det var en god avslutning. Det var fint \u00e5 f\u00e5 et s\u00e5 rent<br \/>\ntreff, sa Welbeck til TNT Sports etter kampen.<\/p>\n<p>TV 2s kommentatorduo ble ogs\u00e5 imponert over treffet til 35-\u00e5ringen:<\/p>\n<p>\u2013 Hvilken scoring! Han gj\u00f8r det igjen p\u00e5 Old Trafford. Han gjorde det i oktober, og dette er minst like vakkert, kommenterte \u00d8yvind Alsaker.<\/p>\n<p> \u2013 Det er s\u00e5 perfekt. Da er det lov \u00e5 b\u00e5de juble og smile, Danny Welbeck, selv om du er p\u00e5 Old Trafford, fulgte ekspertkommentator Simen Stams\u00f8-M\u00f8ller opp. <\/p>\n<p> \u2013 Faktum er at det m\u00e5let kan gj\u00f8re mye for \u00e5 \u00f8delegge sesongen til Manchester United, fortsatte Stams\u00f8-M\u00f8ller. <\/p>\n<p>Fem minutter f\u00f8r slutt tente Benjamin \u0160e\u0161ko h\u00e5pet for hjemmelaget med sin tredje scoring p\u00e5 de to siste kampene.\u00a0<\/p>\n<p> \u2013 Se \u00f8ynene p\u00e5 Fletcher, United-fansen og ikke minst Sesko, utbr\u00f8t Alsaker. <\/p>\n<p> \u2013 N\u00e5 er det entusiasme tilbake, n\u00e5 er det tr\u00f8kk p\u00e5 tribunen, n\u00e5 er det h\u00e5p for United, sa Stams\u00f8-M\u00f8ller.\u00a0<\/p>\n<p>Men det ble med h\u00e5pet. Like f\u00f8r slutt ble 18 \u00e5r gamle Shea Lacey utvist for vertene.\u00a0<\/p>\n<p>Brighton kunne juble for 2-1-seier.<\/p>\n","protected":false},"excerpt":{"rendered":"Det kan ha v\u00e6rt Darren Fletcher sin siste kamp som midlertidig manager for Manchester United. Skotten har f\u00e5tt&hellip;\n","protected":false},"author":2,"featured_media":134914,"comment_status":"","ping_status":"","sticky":false,"template":"","format":"standard","meta":{"footnotes":""},"categories":[5],"tags":[20,21,24,25,15,19,22,23,17,18,13,30,28,29,14,16,26,27],"class_list":{"0":"post-134913","1":"post","2":"type-post","3":"status-publish","4":"format-standard","5":"has-post-thumbnail","7":"category-overskrifter","8":"tag-breaking-news","9":"tag-breakingnews","10":"tag-featured-news","11":"tag-featurednews","12":"tag-headlines","13":"tag-hovedoppslag","14":"tag-latest-news","15":"tag-latestnews","16":"tag-main-news","17":"tag-mainnews","18":"tag-news","19":"tag-no","20":"tag-norge","21":"tag-norway","22":"tag-nyheter","23":"tag-overskrifter","24":"tag-top-stories","25":"tag-topstories"},"share_on_mastodon":{"url":"https:\/\/pubeurope.com\/@no\/115878270237405725","error":""},"_links":{"self":[{"href":"https:\/\/www.europesays.com\/no\/wp-json\/wp\/v2\/posts\/134913","targetHints":{"allow":["GET"]}}],"collection":[{"href":"https:\/\/www.europesays.com\/no\/wp-json\/wp\/v2\/posts"}],"about":[{"href":"https:\/\/www.europesays.com\/no\/wp-json\/wp\/v2\/types\/post"}],"author":[{"embeddable":true,"href":"https:\/\/www.europesays.com\/no\/wp-json\/wp\/v2\/users\/2"}],"replies":[{"embeddable":true,"href":"https:\/\/www.europesays.com\/no\/wp-json\/wp\/v2\/comments?post=134913"}],"version-history":[{"count":0,"href":"https:\/\/www.europesays.com\/no\/wp-json\/wp\/v2\/posts\/134913\/revisions"}],"wp:featuredmedia":[{"embeddable":true,"href":"https:\/\/www.europesays.com\/no\/wp-json\/wp\/v2\/media\/134914"}],"wp:attachment":[{"href":"https:\/\/www.europesays.com\/no\/wp-json\/wp\/v2\/media?parent=134913"}],"wp:term":[{"taxonomy":"category","embeddable":true,"href":"https:\/\/www.europesays.com\/no\/wp-json\/wp\/v2\/categories?post=134913"},{"taxonomy":"post_tag","embeddable":true,"href":"https:\/\/www.europesays.com\/no\/wp-json\/wp\/v2\/tags?post=134913"}],"curies":[{"name":"wp","href":"https:\/\/api.w.org\/{rel}","templated":true}]}}