{"id":134915,"date":"2026-01-11T20:13:35","date_gmt":"2026-01-11T20:13:35","guid":{"rendered":"https:\/\/www.europesays.com\/no\/134915\/"},"modified":"2026-01-11T20:13:35","modified_gmt":"2026-01-11T20:13:35","slug":"utenlandske-tenaringer-heist-ut-etter-a-ha-gatt-seg-vill-pa-gaustatoppen","status":"publish","type":"post","link":"https:\/\/www.europesays.com\/no\/134915\/","title":{"rendered":"Utenlandske ten\u00e5ringer heist ut etter \u00e5 ha g\u00e5tt seg vill p\u00e5 Gaustatoppen"},"content":{"rendered":"<p class=\"extendedContent hyperion-css-eyn926\" data-test-tag=\"lead-text\">De fem ten\u00e5ringene er hentet ut av helikopter, melder politiet rett over klokken 21 l\u00f8rdag kveld.<\/p>\n<p><img decoding=\"async\" class=\"image-asset hyperion-css-u06ts1\" data-test-tag=\"image-asset\" src=\"https:\/\/www.europesays.com\/no\/wp-content\/uploads\/2026\/01\/a4cad050-b0aa-4388-a79d-c234e78cccd9.jpeg\"  alt=\"N\u00f8detater p\u00e5 stedet p\u00e5 Gaustatoppen.\"  loading=\"eager\" fetchpriority=\"high\" style=\"aspect-ratio:1920 \/ 1080\"\/>N\u00f8detater p\u00e5 stedet p\u00e5 Gaustatoppen. Foto: Skjermdump, webkamera p\u00e5 Gaustatoppen<\/p>\n<p>Publisert: 10.01.2026 19:35 |\u00a0Oppdatert: 10.01.2026 21:25<\/p>\n<p class=\"paywall hyperion-css-1j42uic\">\u2013 Turf\u00f8lget er fraktet ut av terrenget av redningshelikopteret og de blir tilsett av helsepersonell, skriver operasjonsleder Sigurd Edvardsen i en melding til pressen rett over 21 l\u00f8rdag kveld.<\/p>\n<p class=\"paywall hyperion-css-1j42uic\">Klokken 19.01 begynte n\u00f8detatene redningsaksjonen for \u00e5 hente ned et utenlandsk turf\u00f8lge p\u00e5 Gaustatoppen. Det viste seg at dette var fem ten\u00e5ringsgutter som ikke var kledd for v\u00e6ret. I meldingen skrev politiet at guttene hadde g\u00e5tt seg vill, og ikke kom seg ned.<\/p>\n<p class=\"paywall hyperion-css-1j42uic\">\u2013 V\u00e5r forst\u00e5else er at det er et polsk f\u00f8lge. Det var en av turg\u00e5erne som tok kontakt med oss, sier Edvardsen til Aftenposten.<\/p>\n<p class=\"paywall hyperion-css-1j42uic\">If\u00f8lge <a aria-label=\"Yr.no\" class=\"default hyperion-css-1raymq9\" href=\"https:\/\/www.yr.no\/nb\/v\u00e6rvarsel\/daglig-tabell\/5-31970\/Norge\/Telemark\/Tinn\/Gaustatoppen\" target=\"_blank\" rel=\"noopener nofollow noreferrer\" data-test-tag=\"external-link\">Yr.no<\/a> er det mellom 21 og 24 minusgrader der n\u00e5. Temperaturen f\u00f8les p\u00e5 det kaldeste som minus 32 grader if\u00f8lge v\u00e6rtjenesten.<\/p>\n<p class=\"paywall hyperion-css-1j42uic\">\u2013 Vi vet ikke hvor lenge de har v\u00e6rt ute i fjellet. De er n\u00e5 fraktet ned til helsepersonell p\u00e5 stedet. Vi har ikke f\u00e5tt melding om personskade, sier han til Aftenposten.<\/p>\n","protected":false},"excerpt":{"rendered":"De fem ten\u00e5ringene er hentet ut av helikopter, melder politiet rett over klokken 21 l\u00f8rdag kveld. N\u00f8detater p\u00e5&hellip;\n","protected":false},"author":2,"featured_media":134128,"comment_status":"","ping_status":"","sticky":false,"template":"","format":"standard","meta":{"footnotes":""},"categories":[12],"tags":[20,21,24,25,15,22,23,13,30,28,29,14,16,26,27,42,43,44,45],"class_list":{"0":"post-134915","1":"post","2":"type-post","3":"status-publish","4":"format-standard","5":"has-post-thumbnail","7":"category-verden","8":"tag-breaking-news","9":"tag-breakingnews","10":"tag-featured-news","11":"tag-featurednews","12":"tag-headlines","13":"tag-latest-news","14":"tag-latestnews","15":"tag-news","16":"tag-no","17":"tag-norge","18":"tag-norway","19":"tag-nyheter","20":"tag-overskrifter","21":"tag-top-stories","22":"tag-topstories","23":"tag-verden","24":"tag-world","25":"tag-world-news","26":"tag-worldnews"},"share_on_mastodon":{"url":"https:\/\/pubeurope.com\/@no\/115878298131226183","error":""},"_links":{"self":[{"href":"https:\/\/www.europesays.com\/no\/wp-json\/wp\/v2\/posts\/134915","targetHints":{"allow":["GET"]}}],"collection":[{"href":"https:\/\/www.europesays.com\/no\/wp-json\/wp\/v2\/posts"}],"about":[{"href":"https:\/\/www.europesays.com\/no\/wp-json\/wp\/v2\/types\/post"}],"author":[{"embeddable":true,"href":"https:\/\/www.europesays.com\/no\/wp-json\/wp\/v2\/users\/2"}],"replies":[{"embeddable":true,"href":"https:\/\/www.europesays.com\/no\/wp-json\/wp\/v2\/comments?post=134915"}],"version-history":[{"count":0,"href":"https:\/\/www.europesays.com\/no\/wp-json\/wp\/v2\/posts\/134915\/revisions"}],"wp:featuredmedia":[{"embeddable":true,"href":"https:\/\/www.europesays.com\/no\/wp-json\/wp\/v2\/media\/134128"}],"wp:attachment":[{"href":"https:\/\/www.europesays.com\/no\/wp-json\/wp\/v2\/media?parent=134915"}],"wp:term":[{"taxonomy":"category","embeddable":true,"href":"https:\/\/www.europesays.com\/no\/wp-json\/wp\/v2\/categories?post=134915"},{"taxonomy":"post_tag","embeddable":true,"href":"https:\/\/www.europesays.com\/no\/wp-json\/wp\/v2\/tags?post=134915"}],"curies":[{"name":"wp","href":"https:\/\/api.w.org\/{rel}","templated":true}]}}