{"id":134918,"date":"2026-01-11T20:15:09","date_gmt":"2026-01-11T20:15:09","guid":{"rendered":"https:\/\/www.europesays.com\/no\/134918\/"},"modified":"2026-01-11T20:15:09","modified_gmt":"2026-01-11T20:15:09","slug":"politikere-velger-fly-ansatte-blir-bedt-om-a-ta-toget","status":"publish","type":"post","link":"https:\/\/www.europesays.com\/no\/134918\/","title":{"rendered":"Politikere velger fly. Ansatte blir bedt om \u00e5 ta toget"},"content":{"rendered":"<p class=\"extendedContent hyperion-css-eyn926\" data-test-tag=\"lead-text\">Bystyret i Kristiansand vedtok at ansatte i kommunen skal v\u00e6re klimavennlige n\u00e5r de reiser. Selv kan de velge fly for \u00e5 rekke politiske m\u00f8ter. <\/p>\n<p><img decoding=\"async\" class=\"image-asset hyperion-css-u06ts1\" data-test-tag=\"image-asset\" src=\"https:\/\/www.europesays.com\/no\/wp-content\/uploads\/2026\/01\/e9d89c31-5977-4152-b251-445f8df17187.jpeg\"  alt=\"Folkevalgte i Kristiansand har ikke samme regler som ansatte i Kristiansand. \"  loading=\"eager\" fetchpriority=\"high\" style=\"aspect-ratio:2048 \/ 1409\"\/>Folkevalgte i Kristiansand har ikke samme regler som ansatte i Kristiansand. Foto: Kristin Ellefsen<\/p>\n<p>Publisert: 11.01.2026 20:36<\/p>\n<p class=\"paywall hyperion-css-1j42uic\"><strong>(F\u00e6drelandsvennen): <\/strong>N\u00e5r ansatte i Kristiansand kommune skal ut og reise, er regelen klar: De skal reise s\u00e5 klimavennlig som mulig. <\/p>\n<p class=\"paywall hyperion-css-1j42uic\">Tog skal alltid v\u00e6re f\u00f8rsteprioritet p\u00e5 jobbreiser. Man skal legge st\u00f8rre vekt p\u00e5 klima enn p\u00e5 tid og pris, skriver Fevennen.<\/p>\n<p class=\"hyperion-css-1qm9e9t\">Les hele saken med abonnement<\/p>\n<p>Allerede abonnent? Logg inn<\/p>\n","protected":false},"excerpt":{"rendered":"Bystyret i Kristiansand vedtok at ansatte i kommunen skal v\u00e6re klimavennlige n\u00e5r de reiser. Selv kan de velge&hellip;\n","protected":false},"author":2,"featured_media":134919,"comment_status":"","ping_status":"","sticky":false,"template":"","format":"standard","meta":{"footnotes":""},"categories":[5],"tags":[20,21,24,25,15,19,22,23,17,18,13,30,28,29,14,16,26,27],"class_list":{"0":"post-134918","1":"post","2":"type-post","3":"status-publish","4":"format-standard","5":"has-post-thumbnail","7":"category-overskrifter","8":"tag-breaking-news","9":"tag-breakingnews","10":"tag-featured-news","11":"tag-featurednews","12":"tag-headlines","13":"tag-hovedoppslag","14":"tag-latest-news","15":"tag-latestnews","16":"tag-main-news","17":"tag-mainnews","18":"tag-news","19":"tag-no","20":"tag-norge","21":"tag-norway","22":"tag-nyheter","23":"tag-overskrifter","24":"tag-top-stories","25":"tag-topstories"},"share_on_mastodon":{"url":"https:\/\/pubeurope.com\/@no\/115878305645257275","error":""},"_links":{"self":[{"href":"https:\/\/www.europesays.com\/no\/wp-json\/wp\/v2\/posts\/134918","targetHints":{"allow":["GET"]}}],"collection":[{"href":"https:\/\/www.europesays.com\/no\/wp-json\/wp\/v2\/posts"}],"about":[{"href":"https:\/\/www.europesays.com\/no\/wp-json\/wp\/v2\/types\/post"}],"author":[{"embeddable":true,"href":"https:\/\/www.europesays.com\/no\/wp-json\/wp\/v2\/users\/2"}],"replies":[{"embeddable":true,"href":"https:\/\/www.europesays.com\/no\/wp-json\/wp\/v2\/comments?post=134918"}],"version-history":[{"count":0,"href":"https:\/\/www.europesays.com\/no\/wp-json\/wp\/v2\/posts\/134918\/revisions"}],"wp:featuredmedia":[{"embeddable":true,"href":"https:\/\/www.europesays.com\/no\/wp-json\/wp\/v2\/media\/134919"}],"wp:attachment":[{"href":"https:\/\/www.europesays.com\/no\/wp-json\/wp\/v2\/media?parent=134918"}],"wp:term":[{"taxonomy":"category","embeddable":true,"href":"https:\/\/www.europesays.com\/no\/wp-json\/wp\/v2\/categories?post=134918"},{"taxonomy":"post_tag","embeddable":true,"href":"https:\/\/www.europesays.com\/no\/wp-json\/wp\/v2\/tags?post=134918"}],"curies":[{"name":"wp","href":"https:\/\/api.w.org\/{rel}","templated":true}]}}