{"id":134920,"date":"2026-01-11T20:21:29","date_gmt":"2026-01-11T20:21:29","guid":{"rendered":"https:\/\/www.europesays.com\/no\/134920\/"},"modified":"2026-01-11T20:21:29","modified_gmt":"2026-01-11T20:21:29","slug":"klagehopp-mot-eiendomsmeglere-i-turboar","status":"publish","type":"post","link":"https:\/\/www.europesays.com\/no\/134920\/","title":{"rendered":"Klagehopp mot eiendomsmeglere i turbo\u00e5r"},"content":{"rendered":"<p class=\"lead dn-text-entity lead\" role=\"paragraph\">Antallet klagesaker mot eiendomsmeglere \u00f8kte med n\u00e6r 40 prosent i fjor. Ikke siden pandemi\u00e5ret 2020 har flere meglere f\u00e5tt smekk.<\/p>\n<p>\u2013 \u00d8kningen i klagevolum tilsier at bransjen b\u00f8r fortsette \u00e5 prioritere kvalitetsarbeid, sier direkt\u00f8r Carl O. Geving i Norges Eiendomsmeglerforbund. Han synes likevel niv\u00e5et er \u00abakseptabelt\u00bb.<\/p>\n<p>Foto: Per Thrana<\/p>\n<p>Publisert 11. January 2026, kl. 16.58Oppdatert 11. January 2026, kl. 16.58<\/p>\n","protected":false},"excerpt":{"rendered":"Antallet klagesaker mot eiendomsmeglere \u00f8kte med n\u00e6r 40 prosent i fjor. Ikke siden pandemi\u00e5ret 2020 har flere meglere&hellip;\n","protected":false},"author":2,"featured_media":134921,"comment_status":"","ping_status":"","sticky":false,"template":"","format":"standard","meta":{"footnotes":""},"categories":[12],"tags":[20,21,24,25,15,22,23,13,30,28,29,14,16,26,27,42,43,44,45],"class_list":{"0":"post-134920","1":"post","2":"type-post","3":"status-publish","4":"format-standard","5":"has-post-thumbnail","7":"category-verden","8":"tag-breaking-news","9":"tag-breakingnews","10":"tag-featured-news","11":"tag-featurednews","12":"tag-headlines","13":"tag-latest-news","14":"tag-latestnews","15":"tag-news","16":"tag-no","17":"tag-norge","18":"tag-norway","19":"tag-nyheter","20":"tag-overskrifter","21":"tag-top-stories","22":"tag-topstories","23":"tag-verden","24":"tag-world","25":"tag-world-news","26":"tag-worldnews"},"share_on_mastodon":{"url":"https:\/\/pubeurope.com\/@no\/115878329351620011","error":""},"_links":{"self":[{"href":"https:\/\/www.europesays.com\/no\/wp-json\/wp\/v2\/posts\/134920","targetHints":{"allow":["GET"]}}],"collection":[{"href":"https:\/\/www.europesays.com\/no\/wp-json\/wp\/v2\/posts"}],"about":[{"href":"https:\/\/www.europesays.com\/no\/wp-json\/wp\/v2\/types\/post"}],"author":[{"embeddable":true,"href":"https:\/\/www.europesays.com\/no\/wp-json\/wp\/v2\/users\/2"}],"replies":[{"embeddable":true,"href":"https:\/\/www.europesays.com\/no\/wp-json\/wp\/v2\/comments?post=134920"}],"version-history":[{"count":0,"href":"https:\/\/www.europesays.com\/no\/wp-json\/wp\/v2\/posts\/134920\/revisions"}],"wp:featuredmedia":[{"embeddable":true,"href":"https:\/\/www.europesays.com\/no\/wp-json\/wp\/v2\/media\/134921"}],"wp:attachment":[{"href":"https:\/\/www.europesays.com\/no\/wp-json\/wp\/v2\/media?parent=134920"}],"wp:term":[{"taxonomy":"category","embeddable":true,"href":"https:\/\/www.europesays.com\/no\/wp-json\/wp\/v2\/categories?post=134920"},{"taxonomy":"post_tag","embeddable":true,"href":"https:\/\/www.europesays.com\/no\/wp-json\/wp\/v2\/tags?post=134920"}],"curies":[{"name":"wp","href":"https:\/\/api.w.org\/{rel}","templated":true}]}}