{"id":134924,"date":"2026-01-11T20:25:32","date_gmt":"2026-01-11T20:25:32","guid":{"rendered":"https:\/\/www.europesays.com\/no\/134924\/"},"modified":"2026-01-11T20:25:32","modified_gmt":"2026-01-11T20:25:32","slug":"victoria-skau-forteller-om-tvekampen-i-farmen-kjendis","status":"publish","type":"post","link":"https:\/\/www.europesays.com\/no\/134924\/","title":{"rendered":"Victoria Skau forteller om tvekampen i Farmen kjendis"},"content":{"rendered":"<p class=\"kicker \" style=\"\">Farmen kjendis<\/p>\n<p>    Victoria Skau forteller at hun fikk helt panikk da hun kom til tvekampen.<\/p>\n<p>\n    TVEKAMP: Victoria ble valgt som andrekjempe under sesongens f\u00f8rste tvekamp i Farmen kjendis. Foto: Anton Soggiu\n  <\/p>\n<p>Det er duket for sesongens f\u00f8rste tvekamp i \u00abFarmen kjendis\u00bb<br \/>\ni dag. Henriette Lien (56) ble valgt som f\u00f8rstekjempe, og hun valgte Victoria<br \/>\nSkau (26) som andrekjempe. Hun forteller at det var veldig vanskelig \u00e5 velge, og at valget<br \/>\nble tatt der og da \u2013 ren intuisjon.<\/p>\n<p>Det kom veldig overraskende p\u00e5 Victoria.<\/p>\n<p>&#8211; Jeg syntes faktisk det var sjokkerende \u00e5 bli valgt som<br \/>\nandrekjempe. Naivt nok hadde jeg aldri trodd Henriette kom til \u00e5 velge meg, men<br \/>\nen av gutta, ettersom hun hadde ytret misn\u00f8ye over at de var s\u00e5 h\u00f8ylytte og<br \/>\n\u00abgrisete\u00bb i praten. Da syntes jeg egentlig at det var et litt feigt valg \u00e5 g\u00e5<br \/>\nfor den yngste og \u00absvakeste\u00bb i gruppa, sier hun til KK, og fortsetter:<\/p>\n<p>&#8211; Etter min mening hadde Henriette og jeg det veldig fint<br \/>\nsammen inne p\u00e5 g\u00e5rden, s\u00e5 jeg ble skikkelig tatt p\u00e5 senga, og ikke minst ganske<br \/>\nskuffet!<\/p>\n<p class=\"italic m-italic\" data-lab-italic=\"italic\">Til info: Artikkelen avsl\u00f8rer hvem som vinner tvekampen.<\/p>\n<p>    <a itemprop=\"url\" href=\"https:\/\/www.kk.no\/underholdning\/dette-er-de-nye-farmen-deltakerne\/83897164\" rel=\"nofollow noopener\" target=\"_blank\"><\/p>\n<p>        <img loading=\"lazy\" decoding=\"async\" src=\"https:\/\/www.europesays.com\/no\/wp-content\/uploads\/2026\/01\/83897218.webp.webp\" width=\"980\" height=\"441\" title=\"Dette er de nye Farmen-deltakerne\" alt=\"\" class=\"lazyload\" style=\"--aspect-ratio-image: 2.22; \"\/><\/p>\n<p>        Dette er de nye Farmen-deltakerne<\/p>\n<p>    <\/a><\/p>\n<p>Derfor valgte hun \u00f8ksekast\t<\/p>\n<p>Deltakerne kan velge mellom flere ulike grener. Victoria<br \/>\nlandet til slutt p\u00e5 \u00f8ksekast.<\/p>\n<p>&#8211; Jeg synes det er s\u00e5 ekstremt kjedelig n\u00e5r deltakere<br \/>\nalltid velger en \u00absafe\u00bb gren i tvekamp, som for eksempel hestesko. Jeg hadde<br \/>\nskikkelig lyst p\u00e5 en ordentlig kamp, og en kul en n\u00e5r jeg f\u00f8rst fikk<br \/>\nmuligheten. Samtidig f\u00f8lte jeg p\u00e5 et behov for \u00e5 vise at jeg har mer bein i<br \/>\nnesa enn hva folk tror, psyke ut Henriette og overraske seerne med valget mitt.<br \/>\nJeg tror ingen hadde forventet det fra meg. Spesielt ettersom jeg aldri har<br \/>\nl\u00f8ftet en \u00f8ks i mitt liv.<\/p>\n<p>Kamp ble det \u2013 men kanskje ikke slik man hadde sett for seg.<br \/>\nDet starter med at Henriette Lien treffer midt i blinken og f\u00e5r full score.<br \/>\nVictoria bommer. Og s\u00e5 bommer de begge to, flere ganger. <\/p>\n<p>&#8211; Jeg fikk helt panikk da jeg kom til tvekampen. Blinken var<br \/>\ns\u00e5 h\u00f8yt oppe, langt unna og ekstremt mye mindre enn det ser ut som p\u00e5 tv. Noe<br \/>\nsom ikke er optimalt for en liten jente p\u00e5 160 cm, med relativt korte armer. <\/p>\n<p>Et nytt sjokk kom da Victoria l\u00f8ftet opp \u00f8ksa \u2013 hun hadde<br \/>\naldri forventet at den skulle v\u00e6re s\u00e5 tung.<\/p>\n<p>&#8211; Jeg slet med \u00e5 l\u00f8fte den over hodet. S\u00e5 det var absolutt<br \/>\nikke en enkel oppgave jeg hadde gitt meg selv, men det var g\u00f8y \u00e5 pr\u00f8ve.<\/p>\n<p>    <a itemprop=\"url\" href=\"https:\/\/www.kk.no\/underholdning\/bildene-blir-sannsynligvis-brent\/83876444\" rel=\"nofollow noopener\" target=\"_blank\"><\/p>\n<p>        <img loading=\"lazy\" decoding=\"async\" src=\"https:\/\/www.europesays.com\/no\/wp-content\/uploads\/2026\/01\/83876543.webp.webp\" width=\"980\" height=\"441\" title=\"- Bildene blir sannsynligvis brent\" alt=\"\" class=\"lazyload\" style=\"--aspect-ratio-image: 2.22; \"\/><\/p>\n<p>        &#8211; Bildene blir sannsynligvis brent<\/p>\n<p>    <\/a><\/p>\n<p>Blacket ut<\/p>\n<p class=\"italic m-italic\" data-lab-italic=\"italic\">&#8211; Hvordan opplevde du tvekampen?<\/p>\n<p>&#8211; Jeg tror jeg faktisk blacket litt ut under kampen. Kroppen<br \/>\nvar s\u00e5 full av adrenalin og desperasjon etter \u00e5 f\u00e5 det til. <\/p>\n<p>Til slutt var det Henriette som stakk av med seieren.<\/p>\n<p>        <img loading=\"lazy\" decoding=\"async\" src=\"https:\/\/www.europesays.com\/no\/wp-content\/uploads\/2026\/01\/84076117.webp.webp\" width=\"667\" height=\"414\" title=\"\u00d8KSEKAST: Det ble en intens tvekamp mellom Henriette Lien og Victoria Skau. Foto: Sture Nordhagen \/ TV 2\" alt=\"\" class=\"\" style=\"--aspect-ratio-image: 1.61; \"\/><\/p>\n<p>\n        \u00d8KSEKAST: Det ble en intens tvekamp mellom Henriette Lien og Victoria Skau. Foto: Sture Nordhagen \/ TV 2\n    <\/p>\n<p>&#8211; Ingen kan si jeg ikke pr\u00f8vde i hvert fall. Jeg ga virkelig<br \/>\nalt, og enda mer. Det er vel f\u00f8rste gang i livet jeg har kjent p\u00e5 konkurranseinstinkt<br \/>\ni den grad, fordi det var s\u00e5 jevnt mellom oss hele veien. Jeg synes det ble en rettferdig<br \/>\nog spennende kamp, og seieren til Henriette var vel fortjent, sier hun. <\/p>\n<p class=\"italic m-italic\" data-lab-italic=\"italic\">&#8211; Angrer du p\u00e5 valget av gren?<\/p>\n<p>&#8211; Jeg hater \u00e5 angre p\u00e5 ting, men b\u00e5de ja og nei. Jeg er sykt<br \/>\nbitter over hvordan det hele gikk, samtidig som jeg utrolig nok ville ha valgt<br \/>\ndet samme igjen. Det er fetere \u00e5 ryke p\u00e5 \u00f8ksekast enn t\u00f8nnesjakk. Men jeg skulle<br \/>\nnok ha \u00f8vd litt p\u00e5 forh\u00e5nd, da det var en s\u00e5 avgj\u00f8rende kamp. <\/p>\n<p>    <a itemprop=\"url\" href=\"https:\/\/www.kk.no\/livet\/det-var-et-ord-jeg-aldri-hadde-hort-for\/83997854\" rel=\"nofollow noopener\" target=\"_blank\"><\/p>\n<p>        <img loading=\"lazy\" decoding=\"async\" src=\"https:\/\/www.europesays.com\/no\/wp-content\/uploads\/2026\/01\/83997914.webp.webp\" width=\"980\" height=\"441\" title=\"- Det var et ord jeg aldri hadde h\u00f8rt f\u00f8r\" alt=\"\" class=\"lazyload\" style=\"--aspect-ratio-image: 2.22; \"\/><\/p>\n<p>        &#8211; Det var et ord jeg aldri hadde h\u00f8rt f\u00f8r<\/p>\n<p>    <\/a><\/p>\n<p>Victoria mener at det ville v\u00e6rt annerledes om hun visste at<br \/>\ndet ville v\u00e6rt lurt \u00e5 ha hendene mer samlet, og lengre ned p\u00e5 \u00f8ksen.<\/p>\n<p>&#8211; Da ville jeg g\u00e5tt seirende ut, sier hun. <\/p>\n<p>Victoria hadde veldig lyst til \u00e5 bli v\u00e6rende p\u00e5 g\u00e5rden, s\u00e5<br \/>\ndet var med tungt hjerte hun m\u00e5tte forlate gjengen hun hadde tilbragt den siste<br \/>\nuken med.<\/p>\n<p>&#8211; Jeg gikk helt i kjelleren da jeg inns\u00e5 at slaget var tapt.<br \/>\nEn uke tidligere hadde jeg sagt \u00absees om seks uker\u00bb til kj\u00e6resten min, ogs\u00e5<br \/>\nendte jeg som f\u00f8rstemann ut. Jeg f\u00f8lte p\u00e5 s\u00e5 mye skam.<\/p>\n<p>    <a itemprop=\"url\" href=\"https:\/\/www.kk.no\/underholdning\/den-mannen-er-ikke-frisk\/83976375\" rel=\"nofollow noopener\" target=\"_blank\"><\/p>\n<p>        <img loading=\"lazy\" decoding=\"async\" src=\"https:\/\/www.europesays.com\/no\/wp-content\/uploads\/2026\/01\/83976832.webp.webp\" width=\"980\" height=\"441\" title=\"- Den mannen er ikke frisk\" alt=\"\" class=\"lazyload\" style=\"--aspect-ratio-image: 2.22; \"\/><\/p>\n<p>        &#8211; Den mannen er ikke frisk<\/p>\n<p>    <\/a><\/p>\n<p>        <img loading=\"lazy\" decoding=\"async\" src=\"https:\/\/www.europesays.com\/no\/wp-content\/uploads\/2026\/01\/1768163132_68_81859885.webp.webp\" width=\"196\" height=\"155\" title=\"Har du et tips?\" alt=\"\" class=\"\" style=\"--aspect-ratio-image: 1.26; \"\/><\/p>\n<p>        Har du et tips?<\/p>\n<p class=\"subtitle\">Hei, jeg heter Ida Bergersen, og er journalist i KK. Har du et tips, en historie du vil fortelle eller et felt du mener vi b\u00f8r skrive om?<\/p>\n<p>\u00a0<\/p>\n","protected":false},"excerpt":{"rendered":"Farmen kjendis Victoria Skau forteller at hun fikk helt panikk da hun kom til tvekampen. TVEKAMP: Victoria ble&hellip;\n","protected":false},"author":2,"featured_media":134925,"comment_status":"","ping_status":"","sticky":false,"template":"","format":"standard","meta":{"footnotes":""},"categories":[58],"tags":[71,9467,30,28,29,72,15511],"class_list":{"0":"post-134924","1":"post","2":"type-post","3":"status-publish","4":"format-standard","5":"has-post-thumbnail","7":"category-underholdning","8":"tag-entertainment","9":"tag-farmen-kjendis","10":"tag-no","11":"tag-norge","12":"tag-norway","13":"tag-underholdning","14":"tag-victoria-skau"},"share_on_mastodon":{"url":"https:\/\/pubeurope.com\/@no\/115878344997117729","error":""},"_links":{"self":[{"href":"https:\/\/www.europesays.com\/no\/wp-json\/wp\/v2\/posts\/134924","targetHints":{"allow":["GET"]}}],"collection":[{"href":"https:\/\/www.europesays.com\/no\/wp-json\/wp\/v2\/posts"}],"about":[{"href":"https:\/\/www.europesays.com\/no\/wp-json\/wp\/v2\/types\/post"}],"author":[{"embeddable":true,"href":"https:\/\/www.europesays.com\/no\/wp-json\/wp\/v2\/users\/2"}],"replies":[{"embeddable":true,"href":"https:\/\/www.europesays.com\/no\/wp-json\/wp\/v2\/comments?post=134924"}],"version-history":[{"count":0,"href":"https:\/\/www.europesays.com\/no\/wp-json\/wp\/v2\/posts\/134924\/revisions"}],"wp:featuredmedia":[{"embeddable":true,"href":"https:\/\/www.europesays.com\/no\/wp-json\/wp\/v2\/media\/134925"}],"wp:attachment":[{"href":"https:\/\/www.europesays.com\/no\/wp-json\/wp\/v2\/media?parent=134924"}],"wp:term":[{"taxonomy":"category","embeddable":true,"href":"https:\/\/www.europesays.com\/no\/wp-json\/wp\/v2\/categories?post=134924"},{"taxonomy":"post_tag","embeddable":true,"href":"https:\/\/www.europesays.com\/no\/wp-json\/wp\/v2\/tags?post=134924"}],"curies":[{"name":"wp","href":"https:\/\/api.w.org\/{rel}","templated":true}]}}