{"id":134926,"date":"2026-01-11T20:28:09","date_gmt":"2026-01-11T20:28:09","guid":{"rendered":"https:\/\/www.europesays.com\/no\/134926\/"},"modified":"2026-01-11T20:28:09","modified_gmt":"2026-01-11T20:28:09","slug":"amerikanske-senatorer-reiser-til-danmark-neste-uke","status":"publish","type":"post","link":"https:\/\/www.europesays.com\/no\/134926\/","title":{"rendered":"Amerikanske senatorer reiser til Danmark neste uke"},"content":{"rendered":"<p class=\"extendedContent hyperion-css-eyn926\" data-test-tag=\"lead-text\">Senatorene skal m\u00f8te representanter fra den danske utenrikskomiteen. <\/p>\n<p><img decoding=\"async\" class=\"image-asset hyperion-css-u06ts1\" data-test-tag=\"image-asset\" src=\"https:\/\/www.europesays.com\/no\/wp-content\/uploads\/2026\/01\/85c8b44d-9575-444d-af75-0f09e44b6e76.jpeg\"  alt=\"De amerikanske senatorene skal ha m\u00f8te med medlemmer av den danske utenrikskomiteen. Her fra \u00e5pningen av Danmarks storting, Folketinget, i 2024. \"  loading=\"eager\" fetchpriority=\"high\" style=\"aspect-ratio:2048 \/ 1365\"\/>De amerikanske senatorene skal ha m\u00f8te med medlemmer av den danske utenrikskomiteen. Her fra \u00e5pningen av Danmarks storting, Folketinget, i 2024. Foto: Liselotte Sabroe \/ Reuters \/ NTB<\/p>\n<p class=\"paywall hyperion-css-1j42uic\">Det bekrefter leder av den danske utenrikskomiteen til den <a aria-label=\"danske TV-kanalen\" class=\"breaking-short hyperion-css-1raymq9\" href=\"https:\/\/nyheder.tv2.dk\/live\/2025-01-06-kampen-om-groenlands-fremtid\" target=\"_blank\" rel=\"noopener nofollow noreferrer\" data-test-tag=\"external-link\">danske TV-kanalen<\/a>. <\/p>\n<p class=\"paywall hyperion-css-1j42uic\">M\u00f8tet skal finne sted p\u00e5 fredag. Det er ikke kjent hvilke senatorer som kommer, eller fra hvilket parti.<\/p>\n<p class=\"paywall hyperion-css-1j42uic\">Det er utenrikskomiteen som har invitert senatorene til Danmark, opplyser leder av komiteen, Christian Friis Bach. Ogs\u00e5 politikere fra Gr\u00f8nland skal delta.<\/p>\n<p>Strid om Gr\u00f8nland<\/p>\n<p class=\"paywall hyperion-css-1j42uic\">Bes\u00f8ket kommer i en krevende tid for det dansk-amerikanske forholdet. President Donald Trump har gitt tydelig uttrykk for at USA \u00abtrenger\u00bb Gr\u00f8nland, som er en del av kongeriket Danmarkkongeriket DanmarkDanmark, Gr\u00f8nland og F\u00e6r\u00f8yene utgj\u00f8r det danske riksfellsskapet., og har uttalt at han ikke er <a data-test-tag=\"internal-link\" href=\"https:\/\/www.aftenposten.no\/verden\/i\/vrAOaB\/nye-groenland-trusler-hvis-vi-ikke-gjoer-det-enkelt-gjoer-vi-det-paa-den-harde-maaten\" class=\"hyperion-css-1raymq9\" rel=\"nofollow noopener\" target=\"\" aria-label=\"redd for \u00e5 bruke \u00abmakt\u00bb\" theme=\"breaking-short\">redd for \u00e5 bruke \u00abmakt\u00bb<\/a> for \u00e5 overta \u00f8ya. Han har ogs\u00e5 beskrevet Gr\u00f8nland som \u00abomringet av russiske og kinesiske skip\u00bb.<\/p>\n<p><img decoding=\"async\" class=\"image-asset hyperion-css-u06ts1\" data-test-tag=\"image-asset\" src=\"https:\/\/www.europesays.com\/no\/wp-content\/uploads\/2026\/01\/cf210de3-6342-4641-a0c8-29ab4d93b2b7.jpeg\"  alt=\"Danmarks Mette Frederiksen har v\u00e6rt tydelig i sin tale om Gr\u00f8nland. \"  loading=\"eager\" fetchpriority=\"high\" style=\"aspect-ratio:2048 \/ 1365\"\/>Danmarks Mette Frederiksen har v\u00e6rt tydelig i sin tale om Gr\u00f8nland. Foto: Mads Claus Rasmussen \/ Reuters \/ NTB<\/p>\n<p class=\"paywall hyperion-css-1j42uic\">Den danske statsministeren Mette Frederiksen har tidligere g\u00e5tt hardt ut mot den amerikanske presidenten: <\/p>\n<p class=\"paywall hyperion-css-1j42uic\">\u2013 Jeg er n\u00f8dt til \u00e5 si det meget direkte til USA. USA har ingen adgang til \u00e5 annektere et av de tre landene i Riksfellesskapet. <\/p>\n<p class=\"paywall hyperion-css-1j42uic\">Ogs\u00e5 den norske utenriksministeren, Espen Barth Eide, er sv\u00e6rt bekymret over utviklingen. I et <a data-test-tag=\"internal-link\" href=\"https:\/\/www.aftenposten.no\/norge\/politikk\/i\/k0J9Qv\/eide-ideen-om-nato-vil-vaere-brutt-hvis-usa-tar-groenland\" class=\"hyperion-css-1raymq9\" rel=\"nofollow noopener\" target=\"\" aria-label=\"intervju med Aftenposten\" theme=\"breaking-short\">intervju med Aftenposten<\/a> uttalte han at \u00abideen om Nato vil v\u00e6re brutt hvis USA tar Gr\u00f8nland\u00bb. <\/p>\n<p>Mulig Nato-oppdrag<\/p>\n<p class=\"paywall hyperion-css-1j42uic\"><a data-test-tag=\"internal-link\" href=\"https:\/\/www.aftenposten.no\/verden\/i\/K8yMWX\/medier-storbritannia-og-tyskland-vurderer-aa-utplassere-nato-styrker-paa-groenland\" class=\"hyperion-css-1raymq9\" rel=\"nofollow noopener\" target=\"\" aria-label=\"Tidligere s\u00f8ndag\" theme=\"breaking-short\">Tidligere s\u00f8ndag<\/a> ble det kjent at flere europeiske land har v\u00e6rt i samtaler om \u00e5 utplassere soldater, krigsskip og fly p\u00e5 Gr\u00f8nland. Dette er et fors\u00f8k p\u00e5 \u00e5 berolige USA, og Trump, tidligere har ment <a data-test-tag=\"internal-link\" href=\"https:\/\/www.aftenposten.no\/verden\/i\/RjR7AA\/trump-gjentar-at-usa-trenger-groenland\" class=\"hyperion-css-1raymq9\" rel=\"nofollow noopener\" target=\"\" aria-label=\"at Danmark ikke evner \u00e5 forsvare \u00f8ya\" theme=\"breaking-short\">at Danmark ikke evner \u00e5 forsvare \u00f8ya<\/a>. Trump mener derfor at USA trenger Gr\u00f8nland p\u00e5 grunn av nasjonal sikkerhet. <\/p>\n<p class=\"paywall hyperion-css-1j42uic\">Ogs\u00e5 Gr\u00f8nlands leder Jens-Frederik Nielsen har reagert sterkt p\u00e5 Trumps uttalelser. <\/p>\n<p class=\"paywall hyperion-css-1j42uic\">\u2013 V\u00e5rt land er ikke til salgs.<\/p>\n","protected":false},"excerpt":{"rendered":"Senatorene skal m\u00f8te representanter fra den danske utenrikskomiteen. De amerikanske senatorene skal ha m\u00f8te med medlemmer av den&hellip;\n","protected":false},"author":2,"featured_media":134927,"comment_status":"","ping_status":"","sticky":false,"template":"","format":"standard","meta":{"footnotes":""},"categories":[12],"tags":[20,21,24,25,15,22,23,13,30,28,29,14,16,26,27,42,43,44,45],"class_list":{"0":"post-134926","1":"post","2":"type-post","3":"status-publish","4":"format-standard","5":"has-post-thumbnail","7":"category-verden","8":"tag-breaking-news","9":"tag-breakingnews","10":"tag-featured-news","11":"tag-featurednews","12":"tag-headlines","13":"tag-latest-news","14":"tag-latestnews","15":"tag-news","16":"tag-no","17":"tag-norge","18":"tag-norway","19":"tag-nyheter","20":"tag-overskrifter","21":"tag-top-stories","22":"tag-topstories","23":"tag-verden","24":"tag-world","25":"tag-world-news","26":"tag-worldnews"},"share_on_mastodon":{"url":"https:\/\/pubeurope.com\/@no\/115878356858765913","error":""},"_links":{"self":[{"href":"https:\/\/www.europesays.com\/no\/wp-json\/wp\/v2\/posts\/134926","targetHints":{"allow":["GET"]}}],"collection":[{"href":"https:\/\/www.europesays.com\/no\/wp-json\/wp\/v2\/posts"}],"about":[{"href":"https:\/\/www.europesays.com\/no\/wp-json\/wp\/v2\/types\/post"}],"author":[{"embeddable":true,"href":"https:\/\/www.europesays.com\/no\/wp-json\/wp\/v2\/users\/2"}],"replies":[{"embeddable":true,"href":"https:\/\/www.europesays.com\/no\/wp-json\/wp\/v2\/comments?post=134926"}],"version-history":[{"count":0,"href":"https:\/\/www.europesays.com\/no\/wp-json\/wp\/v2\/posts\/134926\/revisions"}],"wp:featuredmedia":[{"embeddable":true,"href":"https:\/\/www.europesays.com\/no\/wp-json\/wp\/v2\/media\/134927"}],"wp:attachment":[{"href":"https:\/\/www.europesays.com\/no\/wp-json\/wp\/v2\/media?parent=134926"}],"wp:term":[{"taxonomy":"category","embeddable":true,"href":"https:\/\/www.europesays.com\/no\/wp-json\/wp\/v2\/categories?post=134926"},{"taxonomy":"post_tag","embeddable":true,"href":"https:\/\/www.europesays.com\/no\/wp-json\/wp\/v2\/tags?post=134926"}],"curies":[{"name":"wp","href":"https:\/\/api.w.org\/{rel}","templated":true}]}}