{"id":134934,"date":"2026-01-11T20:35:13","date_gmt":"2026-01-11T20:35:13","guid":{"rendered":"https:\/\/www.europesays.com\/no\/134934\/"},"modified":"2026-01-11T20:35:13","modified_gmt":"2026-01-11T20:35:13","slug":"gronland-tyskland-tyskland-og-storbritannia-vurderer-a-utplassere-nato-styrker-pa-gronland","status":"publish","type":"post","link":"https:\/\/www.europesays.com\/no\/134934\/","title":{"rendered":"Gr\u00f8nland, Tyskland | \u2013 Tyskland og Storbritannia vurderer \u00e5 utplassere Nato-styrker p\u00e5 Gr\u00f8nland"},"content":{"rendered":"\n<p>Tidligere s\u00f8ndag har britiske medier, deriblant <a rel=\"Follow nofollow noopener\" href=\"https:\/\/www.telegraph.co.uk\/news\/2026\/01\/10\/starmer-could-send-troops-to-greenland-after-trump-threats\/\" target=\"_blank\">The Telegraph<\/a>, rapportert om at Storbritannias statsminister Keir Starmer er i samtaler med europeiske allierte om \u00e5 utplassere en milit\u00e6rstyrke p\u00e5 Gr\u00f8nland.<\/p>\n<p>Britiske representanter har de siste dagene hatt samtaler med kolleger fra Tyskland og Frankrike for \u00e5 starte forberedelsene av dette.<\/p>\n<p>Planleggingen rapporteres \u00e5 v\u00e6re i en tidlig fase, men det skisseres planer som inneb\u00e6rer at britiske soldater, krigsskip og fly kan bli utplassert for \u00e5 beskytte Gr\u00f8nland.<\/p>\n<p><b>Les ogs\u00e5: <a class=\"simple-relation related-teaser article--c-eRUmMG article--c-eRUmMG-fZoQSp-design-nettavisen article--c-eRUmMG-gwthdJ-cv\" href=\"https:\/\/www.nettavisen.no\/trump-varsku-overtakelsen-av-gronland-er-i-gang\/s\/5-95-2818568\" rel=\"nofollow noopener\" target=\"_blank\">Trump-varsku: \u2013 Overtakelsen av Gr\u00f8nland er i gang<\/a><\/b><\/p>\n<p>Avisen skriver at flere europeiske land h\u00e5per at en \u00f8kt tilstedev\u00e6relse i Arktis vil kunne overbevise Trump og f\u00e5 ham til \u00e5 gi opp sin ambisjon om \u00e5 annektere den strategisk viktige \u00f8ya.<\/p>\n<p>   <img decoding=\"async\" width=\"1182\" height=\"788\" fetchpriority=\"low\"  loading=\"lazy\"  src=\"https:\/\/www.europesays.com\/no\/wp-content\/uploads\/2026\/01\/JrLCPk2eQwU.jpg\" alt=\"\" class=\"brick-c-cFOWSL\" style=\"--brick-image-ratio: 1182 \/ 788;\"\/><\/p>\n<p>      TRUMPS GUNST: If\u00f8lge The Telegraph \u00f8nsker Keir Starmer \u00e5 overbevise Donald Trump om at Gr\u00f8nland er beskyttet ved \u00e5 utplassere Nato-styrker der.<br \/>\n      Foto: (Reuters\/NTB)\n    <\/p>\n<p>  Avviser Trump-p\u00e5stand: \u2013 Det er ikke sant<\/p>\n<p><a rel=\"Follow nofollow noopener\" href=\"https:\/\/www.bloomberg.com\/news\/articles\/2026-01-11\/germany-to-pitch-nato-mission-in-arctic-to-ease-greenland-strife?srnd=homepage-europe&amp;embedded-checkout=true\" target=\"_blank\">Bloomberg<\/a> p\u00e5 sin side siterer to ikke navngitte kilder tett p\u00e5 den tyske regjeringen. Tyskland \u00f8nsker if\u00f8lge avisen \u00e5 opprette et Nato-oppdrag for \u00e5 overv\u00e5ke og passe p\u00e5 sikkerhetsinteressene i Arktis \u2013 og da Gr\u00f8nland.<\/p>\n<p>Trump har gjentatte ganger kommer med trusler om at USA vil ta Gr\u00f8nland. Han har p\u00e5st\u00e5tt at amerikansk kontroll over Gr\u00f8nland er helt avgj\u00f8rende for USAs nasjonale sikkerhet da man har sett \u00f8kende milit\u00e6r aktivitet i Arktis fra Russland og Kina.<\/p>\n<p>Han har ogs\u00e5 kommet med p\u00e5stander om at russiske og kinesiske fart\u00f8yer opererer i farvannet rundt Gr\u00f8nland, p\u00e5stander som avvises av nordiske diplomater.<\/p>\n<p>\u2013 Det er rett og slett ikke sant at kineserne og russerne er der. Jeg har sett etterretningsinformasjonen. Det er ingen skip, ingen ub\u00e5ter, sa en diplomatkilde til Financial Times s\u00f8ndag.<\/p>\n<p>   <img decoding=\"async\" width=\"8640\" height=\"5760\" fetchpriority=\"low\"  loading=\"lazy\"  src=\"https:\/\/www.europesays.com\/no\/wp-content\/uploads\/2026\/01\/cueres_scp-mangler_navn_xi6MFU-Z4y4.jpg\" alt=\"FILE - Coloured houses covered by snow are seen from the sea in Nuuk, Greenland, on March 6, 2025. (AP Photo\/Evgeniy Maloletka, File)\" class=\"brick-c-cFOWSL\" style=\"--brick-image-ratio: 8640 \/ 5760;\"\/><\/p>\n<p>      Gr\u00f8nlands hovedstad Nuuk avbildet fra sj\u00f8en i mars i fjor.<br \/>\n      Foto: Evgeniy Maloletka (AP\/NTB)\n    <\/p>\n<p>Gr\u00f8nland, som er verdens st\u00f8rste \u00f8y, er et selvstyrt omr\u00e5de som er en del av kongeriket Danmark. Det bor rundt 30.000 folk p\u00e5 \u00f8ya.<\/p>\n<p><b>Les ogs\u00e5: <a class=\"simple-relation related-teaser article--c-eRUmMG article--c-eRUmMG-fZoQSp-design-nettavisen article--c-eRUmMG-gwthdJ-cv\" href=\"https:\/\/www.nettavisen.no\/gronland-vi-vil-ikke-vare-amerikanere\/s\/5-95-2818269\" rel=\"nofollow noopener\" target=\"_blank\">Gr\u00f8nland: \u2013 Vi vil ikke v\u00e6re amerikanere<\/a><\/b><\/p>\n<p>\u2013 Kan finne l\u00f8sninger sammen<\/p>\n<p>Den tyske utenriksministeren Johann Wadephul sa s\u00f8ndag at bekymringer for sikkerheten i Nord-Atlanteren m\u00e5 diskuteres innenfor rammen av Nato.<\/p>\n<p>\u2013 Hvis USAs president ser p\u00e5 trusler fra russiske og kinesiske fart\u00f8y og ub\u00e5ter i regionen, kan vi selvsagt finne l\u00f8sninger p\u00e5 det sammen, sa Wadephul, som er p\u00e5 vei til Washington, der han skal ha m\u00f8te med USAs utenriksminister Marco Rubio mandag.<\/p>\n<p>P\u00e5 sp\u00f8rsm\u00e5l fra Sky News om mulige utplasseringer i Arktis, sa den britiske transportministeren Heidi Alexander at samtaler om hvordan avskrekke Russlands president Vladimir Putin i Arktis var \u00abbusiness as usual\u00bb.<\/p>\n","protected":false},"excerpt":{"rendered":"Tidligere s\u00f8ndag har britiske medier, deriblant The Telegraph, rapportert om at Storbritannias statsminister Keir Starmer er i samtaler&hellip;\n","protected":false},"author":2,"featured_media":134935,"comment_status":"","ping_status":"","sticky":false,"template":"","format":"standard","meta":{"footnotes":""},"categories":[12],"tags":[20,21,24,25,15,22,23,13,30,28,29,14,16,26,27,42,43,44,45],"class_list":{"0":"post-134934","1":"post","2":"type-post","3":"status-publish","4":"format-standard","5":"has-post-thumbnail","7":"category-verden","8":"tag-breaking-news","9":"tag-breakingnews","10":"tag-featured-news","11":"tag-featurednews","12":"tag-headlines","13":"tag-latest-news","14":"tag-latestnews","15":"tag-news","16":"tag-no","17":"tag-norge","18":"tag-norway","19":"tag-nyheter","20":"tag-overskrifter","21":"tag-top-stories","22":"tag-topstories","23":"tag-verden","24":"tag-world","25":"tag-world-news","26":"tag-worldnews"},"share_on_mastodon":{"url":"https:\/\/pubeurope.com\/@no\/115878384394612664","error":""},"_links":{"self":[{"href":"https:\/\/www.europesays.com\/no\/wp-json\/wp\/v2\/posts\/134934","targetHints":{"allow":["GET"]}}],"collection":[{"href":"https:\/\/www.europesays.com\/no\/wp-json\/wp\/v2\/posts"}],"about":[{"href":"https:\/\/www.europesays.com\/no\/wp-json\/wp\/v2\/types\/post"}],"author":[{"embeddable":true,"href":"https:\/\/www.europesays.com\/no\/wp-json\/wp\/v2\/users\/2"}],"replies":[{"embeddable":true,"href":"https:\/\/www.europesays.com\/no\/wp-json\/wp\/v2\/comments?post=134934"}],"version-history":[{"count":0,"href":"https:\/\/www.europesays.com\/no\/wp-json\/wp\/v2\/posts\/134934\/revisions"}],"wp:featuredmedia":[{"embeddable":true,"href":"https:\/\/www.europesays.com\/no\/wp-json\/wp\/v2\/media\/134935"}],"wp:attachment":[{"href":"https:\/\/www.europesays.com\/no\/wp-json\/wp\/v2\/media?parent=134934"}],"wp:term":[{"taxonomy":"category","embeddable":true,"href":"https:\/\/www.europesays.com\/no\/wp-json\/wp\/v2\/categories?post=134934"},{"taxonomy":"post_tag","embeddable":true,"href":"https:\/\/www.europesays.com\/no\/wp-json\/wp\/v2\/tags?post=134934"}],"curies":[{"name":"wp","href":"https:\/\/api.w.org\/{rel}","templated":true}]}}