{"id":134943,"date":"2026-01-11T20:44:13","date_gmt":"2026-01-11T20:44:13","guid":{"rendered":"https:\/\/www.europesays.com\/no\/134943\/"},"modified":"2026-01-11T20:44:13","modified_gmt":"2026-01-11T20:44:13","slug":"etterisolering-vedfyring-advarer-om-at-sparetiltak-kan-bli-brannfelle","status":"publish","type":"post","link":"https:\/\/www.europesays.com\/no\/134943\/","title":{"rendered":"Etterisolering, Vedfyring | Advarer om at sparetiltak kan bli brannfelle"},"content":{"rendered":"\n<p>Det har v\u00e6rt en kald start p\u00e5 \u00e5ret i 2026, noe som f\u00e5r mange boligeiere til \u00e5 tenke p\u00e5 etterisolering for \u00e5 senke energikostnadene. Men forsikringsselskapet Landkreditt advarer mot at feil utf\u00f8rt arbeid kan skape alvorlig brannfare, s\u00e6rlig rundt pipel\u00f8p.<\/p>\n<p>\u2013 Det kan v\u00e6re et positivt bidrag b\u00e5de til egen fyrings\u00f8konomi og klimaet, men hvis du har et ildsted er det avgj\u00f8rende \u00e5 s\u00f8rge for at brannsikkerheten ivaretas, sier Hilde Aasen Unnli, skadedirekt\u00f8r i Landkreditt forsikring i en pressemelding.<\/p>\n<p>Hun er s\u00e6rlig bekymret for privatpersoner som etterisolerer p\u00e5 egen h\u00e5nd, og understreker viktigheten av tilstrekkelig avstand mellom pipel\u00f8p og isolasjon for \u00e5 unng\u00e5 overoppheting og selvantennelse i byggets loftniv\u00e5.<\/p>\n<p>  <a href=\"https:\/\/www.nationen.no\/5-148-841705\" class=\"related-teaser has-image default-story-teaser article--c-eRUmMG article--c-eRUmMG-jKCPdD-design-default\" rel=\"nofollow noopener\" target=\"_blank\"><\/p>\n<p>    <img decoding=\"async\" loading=\"lazy\"  src=\"https:\/\/www.europesays.com\/no\/wp-content\/uploads\/2026\/01\/juletre+%281%29.jpg\" alt=\"\" class=\"brick-c-cFOWSL\" style=\"\"\/><\/p>\n<p>\n            Les ogs\u00e5<\/p>\n<p>              Forsker advarer: Dette m\u00e5 du ikke gj\u00f8re med juletreet\n        <\/p>\n<p>  <\/a><br \/>\n  Privatinnsats bekymrer mest<\/p>\n<p>Aasen Unnli har st\u00f8rst bekymring for de som utf\u00f8rer etteriseoleringen selv.<\/p>\n<p>\u2013 Vi m\u00e5 legge til grunn at profesjonelle firmaer som p\u00e5tar seg slike oppdrag f\u00f8lger trygge rutiner. Det samme gjelder firmaer som bist\u00e5r ved ettermontering av peis eller vedovn, og m\u00e5 p\u00e5se at installasjonen ikke kommer i konflikt med brannsikkerheten. Privatinnsatsen vet vi mye mindre om, sier hun.<\/p>\n<p>Ved etterisolering kan det v\u00e6re aktuelt b\u00e5de \u00e5 bl\u00e5se inn isolerende materiale og \u00e5 rulle ut matter over bjelkelag og eksisterende isolasjonssjikt. Skadeekspertene i Landkreditt understreker at dette m\u00e5 skje uten at det oppst\u00e5r utilsiktede konsekvenser ved at omr\u00e5dene n\u00e6r pipel\u00f8pet blir overopphetet.<\/p>\n<p>  <a href=\"https:\/\/www.nationen.no\/5-148-816407\" class=\"related-teaser has-image default-story-teaser article--c-eRUmMG article--c-eRUmMG-jKCPdD-design-default\" rel=\"nofollow noopener\" target=\"_blank\"><\/p>\n<p>    <img decoding=\"async\" loading=\"lazy\"  src=\"https:\/\/www.europesays.com\/no\/wp-content\/uploads\/2026\/01\/IMG_0720.jpg\" alt=\"\" class=\"brick-c-cFOWSL\" style=\"\"\/><\/p>\n<p>\n            Les ogs\u00e5<\/p>\n<p>              Beredskap: \u2013 Det ligger i bakhodet\n        <\/p>\n<p>  <\/a><br \/>\n  H\u00f8ye temperaturer skaper risiko<\/p>\n<p>Problemet oppst\u00e5r fordi utsiden av pipel\u00f8p avgir betydelig varme. I brennkammeret i en vedovn kan temperaturen bli opptil 600-800 grader, og denne varmen overf\u00f8res til r\u00f8ykr\u00f8ret.<\/p>\n<p>\u2013 Feil plassering eller mengde isolasjonsmateriale kan bidra til at temperaturen blir for h\u00f8y i omr\u00e5dene rundt pipel\u00f8pet, slik at risikoen for selvantennelse i treverket \u00f8ker. Er du i tvil om krav til din pipe, engasjer fagfolk som kan bist\u00e5 deg med n\u00f8dvendig vurdering av monteringskravet, sier Ronny S\u00f8rvik, takstmann i Landkreditt forsikring.<\/p>\n<p>Treverk kan antennes ved temperaturer mellom 280-340 grader, men kan ogs\u00e5 bli pyroforisk ved langvarig oppvarming. Det betyr at materialet spontant kan ta fyr ved kontakt med luft og under visse forhold ogs\u00e5 ved langt lavere temperaturer.<\/p>\n<p>Landkreditt anbefaler sterkt \u00e5 bruke fagfolk ved etterisolering av loft der det g\u00e5r pipel\u00f8p, for \u00e5 sikre at brannsikkerheten ivaretas.<\/p>\n","protected":false},"excerpt":{"rendered":"Det har v\u00e6rt en kald start p\u00e5 \u00e5ret i 2026, noe som f\u00e5r mange boligeiere til \u00e5 tenke&hellip;\n","protected":false},"author":2,"featured_media":134944,"comment_status":"","ping_status":"","sticky":false,"template":"","format":"standard","meta":{"footnotes":""},"categories":[10],"tags":[36,367,20,21,15516,24,25,15,8981,22,23,13,30,28,29,14,16,1510,243,26,27,553,11735],"class_list":{"0":"post-134943","1":"post","2":"type-post","3":"status-publish","4":"format-standard","5":"has-post-thumbnail","7":"category-norge","8":"tag-art","9":"tag-brann","10":"tag-breaking-news","11":"tag-breakingnews","12":"tag-etterisolering","13":"tag-featured-news","14":"tag-featurednews","15":"tag-headlines","16":"tag-kulde","17":"tag-latest-news","18":"tag-latestnews","19":"tag-news","20":"tag-no","21":"tag-norge","22":"tag-norway","23":"tag-nyheter","24":"tag-overskrifter","25":"tag-story","26":"tag-strom","27":"tag-top-stories","28":"tag-topstories","29":"tag-vaer","30":"tag-vedfyring"},"share_on_mastodon":{"url":"https:\/\/pubeurope.com\/@no\/115878419712009291","error":""},"_links":{"self":[{"href":"https:\/\/www.europesays.com\/no\/wp-json\/wp\/v2\/posts\/134943","targetHints":{"allow":["GET"]}}],"collection":[{"href":"https:\/\/www.europesays.com\/no\/wp-json\/wp\/v2\/posts"}],"about":[{"href":"https:\/\/www.europesays.com\/no\/wp-json\/wp\/v2\/types\/post"}],"author":[{"embeddable":true,"href":"https:\/\/www.europesays.com\/no\/wp-json\/wp\/v2\/users\/2"}],"replies":[{"embeddable":true,"href":"https:\/\/www.europesays.com\/no\/wp-json\/wp\/v2\/comments?post=134943"}],"version-history":[{"count":0,"href":"https:\/\/www.europesays.com\/no\/wp-json\/wp\/v2\/posts\/134943\/revisions"}],"wp:featuredmedia":[{"embeddable":true,"href":"https:\/\/www.europesays.com\/no\/wp-json\/wp\/v2\/media\/134944"}],"wp:attachment":[{"href":"https:\/\/www.europesays.com\/no\/wp-json\/wp\/v2\/media?parent=134943"}],"wp:term":[{"taxonomy":"category","embeddable":true,"href":"https:\/\/www.europesays.com\/no\/wp-json\/wp\/v2\/categories?post=134943"},{"taxonomy":"post_tag","embeddable":true,"href":"https:\/\/www.europesays.com\/no\/wp-json\/wp\/v2\/tags?post=134943"}],"curies":[{"name":"wp","href":"https:\/\/api.w.org\/{rel}","templated":true}]}}