{"id":134949,"date":"2026-01-11T20:53:17","date_gmt":"2026-01-11T20:53:17","guid":{"rendered":"https:\/\/www.europesays.com\/no\/134949\/"},"modified":"2026-01-11T20:53:17","modified_gmt":"2026-01-11T20:53:17","slug":"melder-fare-for-kraftige-vindkast","status":"publish","type":"post","link":"https:\/\/www.europesays.com\/no\/134949\/","title":{"rendered":"Melder fare for kraftige vindkast"},"content":{"rendered":"<p data-testid=\"textWithMarkup-markup\" data-v-62d58f52=\"\">Fra natt til mandag til mandag kveld er det ventet lokalt kraftige vindkast p\u00e5 27-33 m\/s fra s\u00f8r\u00f8st, og liten til full storm utsatte steder i fjellet. Vinden vil \u00f8ke f\u00f8rst i M\u00f8re og Romsdal og minke sist i Tr\u00f8ndelag. Det vil v\u00e6re store lokale forskjeller i vindstyrke, melder Meteorologisk institutt p\u00e5 <a href=\"https:\/\/www.yr.no\/nb\/farevarsler\" rel=\"noopener nofollow\" target=\"_blank\">yr.no<\/a>.<\/p>\n<p data-testid=\"textWithMarkup-markup\" data-v-62d58f52=\"\">I varselet, som er satt til gult niv\u00e5, oppfordres det til \u00e5 sikre l\u00f8se gjenstander og unng\u00e5 un\u00f8dig ferdsel p\u00e5 utsatte steder. Broer og ferjesamband kan bli stengt og trafikantene bes om \u00e5 f\u00f8lge med p\u00e5 <a href=\"https:\/\/www.vegvesen.no\/trafikk\" rel=\"noopener nofollow\" target=\"_blank\">trafikkmeldinger<\/a>.<\/p>\n<p>Kraftig sn\u00f8fokk<\/p>\n<p data-testid=\"textWithMarkup-text\" data-v-81d7dc2b=\"\" data-v-62d58f52=\"\">Det ventes ogs\u00e5 lokal sn\u00f8fokk i fjellet i S\u00f8r-Norge p\u00e5 grunn av kraftig vind.<\/p>\n<p data-testid=\"textWithMarkup-text\" data-v-81d7dc2b=\"\" data-v-62d58f52=\"\">\u2013 Sn\u00f8fokk gir stedvis redusert sikt og sn\u00f8 som pakker seg i veibanen. Veier kan bli stengt og kolonnekj\u00f8ring kan bli innf\u00f8rt p\u00e5 kort varsel, skriver meteorologene.<\/p>\n<p data-testid=\"textWithMarkup-text\" data-v-81d7dc2b=\"\" data-v-62d58f52=\"\">Farevarslene gjelder fra sent s\u00f8ndag kveld til mandag kveld.<\/p>\n","protected":false},"excerpt":{"rendered":"Fra natt til mandag til mandag kveld er det ventet lokalt kraftige vindkast p\u00e5 27-33 m\/s fra s\u00f8r\u00f8st,&hellip;\n","protected":false},"author":2,"featured_media":134950,"comment_status":"","ping_status":"","sticky":false,"template":"","format":"standard","meta":{"footnotes":""},"categories":[10],"tags":[20,21,24,25,15,22,23,13,30,28,29,14,16,26,27],"class_list":{"0":"post-134949","1":"post","2":"type-post","3":"status-publish","4":"format-standard","5":"has-post-thumbnail","7":"category-norge","8":"tag-breaking-news","9":"tag-breakingnews","10":"tag-featured-news","11":"tag-featurednews","12":"tag-headlines","13":"tag-latest-news","14":"tag-latestnews","15":"tag-news","16":"tag-no","17":"tag-norge","18":"tag-norway","19":"tag-nyheter","20":"tag-overskrifter","21":"tag-top-stories","22":"tag-topstories"},"share_on_mastodon":{"url":"https:\/\/pubeurope.com\/@no\/115878455033319638","error":""},"_links":{"self":[{"href":"https:\/\/www.europesays.com\/no\/wp-json\/wp\/v2\/posts\/134949","targetHints":{"allow":["GET"]}}],"collection":[{"href":"https:\/\/www.europesays.com\/no\/wp-json\/wp\/v2\/posts"}],"about":[{"href":"https:\/\/www.europesays.com\/no\/wp-json\/wp\/v2\/types\/post"}],"author":[{"embeddable":true,"href":"https:\/\/www.europesays.com\/no\/wp-json\/wp\/v2\/users\/2"}],"replies":[{"embeddable":true,"href":"https:\/\/www.europesays.com\/no\/wp-json\/wp\/v2\/comments?post=134949"}],"version-history":[{"count":0,"href":"https:\/\/www.europesays.com\/no\/wp-json\/wp\/v2\/posts\/134949\/revisions"}],"wp:featuredmedia":[{"embeddable":true,"href":"https:\/\/www.europesays.com\/no\/wp-json\/wp\/v2\/media\/134950"}],"wp:attachment":[{"href":"https:\/\/www.europesays.com\/no\/wp-json\/wp\/v2\/media?parent=134949"}],"wp:term":[{"taxonomy":"category","embeddable":true,"href":"https:\/\/www.europesays.com\/no\/wp-json\/wp\/v2\/categories?post=134949"},{"taxonomy":"post_tag","embeddable":true,"href":"https:\/\/www.europesays.com\/no\/wp-json\/wp\/v2\/tags?post=134949"}],"curies":[{"name":"wp","href":"https:\/\/api.w.org\/{rel}","templated":true}]}}