{"id":134955,"date":"2026-01-11T20:59:09","date_gmt":"2026-01-11T20:59:09","guid":{"rendered":"https:\/\/www.europesays.com\/no\/134955\/"},"modified":"2026-01-11T20:59:09","modified_gmt":"2026-01-11T20:59:09","slug":"russland-vladimir-putin-tidligere-sjef-for-den-britiske-haeren-frykter-russland-kan-ga-i-opplosning","status":"publish","type":"post","link":"https:\/\/www.europesays.com\/no\/134955\/","title":{"rendered":"Russland, Vladimir Putin | Tidligere sjef for den britiske h\u00e6ren frykter Russland kan g\u00e5 i oppl\u00f8sning"},"content":{"rendered":"\n<p>HOTEL CONTINENTAL (Nettavisen): Hva skjer den dagen Vladimir Putin ikke lenger sitter ved makten? Tidligere sjef for den britiske h\u00e6ren mellom 2018 og 2022, General Sir Mark Carleton-Smith, tror det kan skje raskere enn vi tror. <\/p>\n<p>Putin er arkitekten bak krigen i Ukraina. Likevel advarer Carleton-Smith kraftig mot \u00e5 tro at det som kommer etter Putin vil bli bedre.<\/p>\n<p>\u2013 Det er ikke utenkelig at Russland i en post-Putin-verden for en periode er dypt ustabilt, muligens umulig \u00e5 styre fra sentrum i Moskva. For de som vil oss vondt er det en god anledning til \u00e5 skade Europa, og etterlater oss ute av stand til \u00e5 p\u00e5virke det som skjer, sier han i et eksklusivt intervju med Nettavisen i forbindelse med Skagenfondenes nytt\u00e5rskonferanse.<\/p>\n<p>Usikkert for Vladimir Putin<\/p>\n<p>Han sier han ikke vet n\u00e5r Putin kan forsvinne fra makten, og at tiden etter ham er full av usikkerhet.<\/p>\n<p>\u2013 Til motsetning fra Jeltsin og Gorbatsjov, hans to forgjengere i Kreml, har ikke Putin klart \u00e5 sikre sin egen og sin families sikkerhet hvis han trer til side. Derfor m\u00e5 Putin bli der ved makten s\u00e5 lenge han kan, sier generalen.<\/p>\n<p>Han venter imidlertid at Putins avgang, om det skjer ved et kupp eller p\u00e5 annet vis, kan komme helt uventet.<\/p>\n<p>\u2013 N\u00e5r det kommer, pleier vi ikke \u00e5 vente det. Vi forutsier aldri helt disse katastrofale \u00f8yeblikkene.<\/p>\n<p>   <img decoding=\"async\" width=\"3067\" height=\"2044\" fetchpriority=\"low\"  loading=\"lazy\"  src=\"https:\/\/www.europesays.com\/no\/wp-content\/uploads\/2026\/01\/cueres_scp-mangler_navn_doHtajK5a50.jpg\" alt=\"Russian President Vladimir Putin attends the annual board meeting of the country's Defense Ministry in Moscow, Wednesday, Dec. 17, 2025. (Alexander Kazakov\/Sputnik, Kremlin Pool Photo via AP)\" class=\"brick-c-cFOWSL\" style=\"--brick-image-ratio: 3067 \/ 2044;\"\/><\/p>\n<p>      HVOR LENGE SITTER HAN? Vladimir Putin har v\u00e6rt den sterke mann i Russland i 25 \u00e5r, lengst av alle russiske ledere siden Josef Stalin.<br \/>\n      Foto: Alexander Kazakov\n    <\/p>\n<p>  Faren for intern kollaps<\/p>\n<p>Carleton-Smith mener at Russlands enorme st\u00f8rrelse, kombinert med en skj\u00f8r sentralstyring, gj\u00f8r landet s\u00e5rbart for total fragmentering dersom dagens regime faller.<\/p>\n<p>\u2013 Det er der st\u00f8rste landet i verden, og dekker elleve tidssoner. Men samtidig inneholder det en serie fundamentalt forskjellige sentrale enheter. Og jeg tror Moskvas autoritet og innflytelse over nordomr\u00e5dene, det fjerne \u00f8sten og det s\u00f8r\u00f8stlige omr\u00e5det kan komme under betydelig utfordring hvis den sentrale autoriteten til den russiske presidenten sprekker eller fjernes i et katastrofalt kupp, sier generalen.<\/p>\n<p><b>Les ogs\u00e5: <a class=\"simple-relation related-teaser article--c-eRUmMG article--c-eRUmMG-fZoQSp-design-nettavisen article--c-eRUmMG-gwthdJ-cv\" href=\"https:\/\/www.nettavisen.no\/nobelprisvinner-med-trump-varsko-for-norge\/s\/5-95-2813076\" rel=\"nofollow noopener\" target=\"_blank\">Nobelprisvinner med Trump-varsko for Norge<\/a><\/b><\/p>\n<p>Han ser for seg en prosess som ligner den vi s\u00e5 p\u00e5 Balkan, men i en langt st\u00f8rre skala:<\/p>\n<p>\u2013 Jeg tror ikke det er utenkelig, og man ender opp med denne balkaniseringsprosessen som f\u00f8rer til et dypt ustabilt kontinentalt Russland, som vil v\u00e6re til dyp bekymring b\u00e5de for Beijing og Europa.<\/p>\n<p>De katastrofale ringvirkningene<\/p>\n<p>P\u00e5 sp\u00f8rsm\u00e5l om hvorfor en slik oppl\u00f8sning er s\u00e5 farlig, peker Carleton-Smith p\u00e5 tapet av kontroll over landets grenser og ressurser. Han frykter en situasjon preget av lovl\u00f8shet og spredning av farlig teknologi.<\/p>\n<p>   <img decoding=\"async\" width=\"5712\" height=\"4284\" fetchpriority=\"low\"  loading=\"lazy\"  src=\"https:\/\/www.europesays.com\/no\/wp-content\/uploads\/2026\/01\/IMG_7303.jpg\" alt=\"Sir Mark Carleton-Smith, tidligere h\u00e6rsjef i den britiske h\u00e6ren\" class=\"brick-c-cFOWSL\" style=\"--brick-image-ratio: 5712 \/ 4284;\"\/><\/p>\n<p>      ERFAREN: Sir Mark Carleton-Smith har v\u00e6rt i Norge en rekke ganger.<br \/>\n      Foto: Halvor Ripegutu\n    <\/p>\n<p>\u2013 Vel, i den forstand at det ville v\u00e6re ute av stand til \u00e5 kontrollere grensene sine, at irregul\u00e6r migrasjon, den katastrofale transnasjonale str\u00f8mmen av kriminalitet, innvandring, spredning av atomteknologi \u2013 alt dette ser ut som en uhellig allianse av mafiamilits, organisert kriminalitet og statlige og understatlige akt\u00f8rer som s\u00f8ker \u00e5 destabilisere Europa b\u00e5de konvensjonelt og p\u00e5 en hybrid m\u00e5te.<\/p>\n<p>Generalen understreker at selv om slike hendelser er vanskelige \u00e5 tidsfeste, m\u00e5 Vesten v\u00e6re forberedt p\u00e5 at det utenkelige kan skje.<\/p>\n<p>\u2013 Det er ikke utenkelig at Russland i en post-Putin-verden for en periode er dypt ustabilt, muligens umulig \u00e5 styre fra sentrum i Moskva, og som et resultat representerer en materiell mulighet for de som vil oss vondt, men etterlater oss ute av stand til \u00e5 p\u00e5virke ordningene for Russland som m\u00e5tte f\u00f8lge.<\/p>\n<p>Gr\u00f8nland og Svalbard<\/p>\n<p>Carleton-Smith er ogs\u00e5 opptatt av den \u00f8kende spenningen i nordomr\u00e5dene. Han knytter USAs \u00f8kte interesse for Gr\u00f8nland direkte til trusselen fra den russiske ub\u00e5tfl\u00e5ten.<\/p>\n<p><b>Les ogs\u00e5: <a class=\"simple-relation related-teaser article--c-eRUmMG article--c-eRUmMG-fZoQSp-design-nettavisen article--c-eRUmMG-gwthdJ-cv\" href=\"https:\/\/www.nettavisen.no\/oljen-helt-komfortabel-med-nytt-diktatur\/s\/5-95-2808318\" rel=\"nofollow noopener\" target=\"_blank\">Oljen: \u2013 Helt komfortabel med nytt diktatur<\/a><\/b><\/p>\n<p>\u2013 Gr\u00f8nland spiller en veldig betydelig strategisk rolle i \u00e5 kontrollere de atlantiske flaskehalsene som de russiske ballistiske missil- og angrepsub\u00e5tfl\u00e5tene m\u00e5 bevege seg gjennom. Og Trump mener at Europa m\u00e5 bidra mer til den sikkerheten.<\/p>\n<p>Ogs\u00e5 Svalbard trekkes frem som et omr\u00e5de der interessene kolliderer. Generalen mener \u00f8ygruppen vil bli stadig mer sentral for b\u00e5de Nato og Russland i \u00e5rene som kommer.<\/p>\n<p>\u2013 Vel, jeg mener Svalbard, med sin geografiske plassering, er en av utpostene som blir stadig mer strategisk viktig hvis vi tror at sikkerhetshensyn i det h\u00f8ye arktiske nord kommer til \u00e5 v\u00e6re av \u00f8kende interesse for b\u00e5de Nato, Europa og Russland de neste 10 til 15 \u00e5rene.<\/p>\n<p>Bekymring for Nord-Norge<\/p>\n<p>Generalen baserer seg ogs\u00e5 p\u00e5 egne erfaringer fra grenseomr\u00e5dene i nord.<\/p>\n<p>\u2013 Jeg var i Kirkenes sist for omtrent seks \u00e5r siden, og allerede da beskrev kommunene der i rimelig fargerike vendinger det de s\u00e5 p\u00e5 som inngripende russisk kulturell assimilering med hensyn til spr\u00e5k, utdanning og fri bevegelse over grensen. Og de beskrev det i vendinger som de mente var en ubehagelig sannhet av og til for Oslo, som kan se p\u00e5 hendelser i det h\u00f8ye nord som ganske fjerne.<\/p>\n<p>Som f\u00f8lge av dette varsler han at Storbritannia vil \u00f8ke sitt n\u00e6rv\u00e6r og samarbeid med Norge.<\/p>\n<p>\u2013 Det er absolutt tilfelle n\u00e5r det gjelder milit\u00e6r planlegging i Storbritannia; at vi forventer \u00e5 gj\u00f8re mer med skandinaviske partnere, hovedsakelig Norge, n\u00e5r det gjelder \u00e5 reorientere oss og gjenoppfriske kunnskapen om detaljene i regionen p\u00e5 en m\u00e5te som vi var veldig fortrolige med for 35 \u00e5r siden, sier han.<\/p>\n","protected":false},"excerpt":{"rendered":"HOTEL CONTINENTAL (Nettavisen): Hva skjer den dagen Vladimir Putin ikke lenger sitter ved makten? Tidligere sjef for den&hellip;\n","protected":false},"author":2,"featured_media":134956,"comment_status":"","ping_status":"","sticky":false,"template":"","format":"standard","meta":{"footnotes":""},"categories":[12],"tags":[20,21,24,25,15,22,23,13,30,28,29,14,16,26,27,42,43,44,45],"class_list":{"0":"post-134955","1":"post","2":"type-post","3":"status-publish","4":"format-standard","5":"has-post-thumbnail","7":"category-verden","8":"tag-breaking-news","9":"tag-breakingnews","10":"tag-featured-news","11":"tag-featurednews","12":"tag-headlines","13":"tag-latest-news","14":"tag-latestnews","15":"tag-news","16":"tag-no","17":"tag-norge","18":"tag-norway","19":"tag-nyheter","20":"tag-overskrifter","21":"tag-top-stories","22":"tag-topstories","23":"tag-verden","24":"tag-world","25":"tag-world-news","26":"tag-worldnews"},"share_on_mastodon":{"url":"https:\/\/pubeurope.com\/@no\/115878478843437084","error":""},"_links":{"self":[{"href":"https:\/\/www.europesays.com\/no\/wp-json\/wp\/v2\/posts\/134955","targetHints":{"allow":["GET"]}}],"collection":[{"href":"https:\/\/www.europesays.com\/no\/wp-json\/wp\/v2\/posts"}],"about":[{"href":"https:\/\/www.europesays.com\/no\/wp-json\/wp\/v2\/types\/post"}],"author":[{"embeddable":true,"href":"https:\/\/www.europesays.com\/no\/wp-json\/wp\/v2\/users\/2"}],"replies":[{"embeddable":true,"href":"https:\/\/www.europesays.com\/no\/wp-json\/wp\/v2\/comments?post=134955"}],"version-history":[{"count":0,"href":"https:\/\/www.europesays.com\/no\/wp-json\/wp\/v2\/posts\/134955\/revisions"}],"wp:featuredmedia":[{"embeddable":true,"href":"https:\/\/www.europesays.com\/no\/wp-json\/wp\/v2\/media\/134956"}],"wp:attachment":[{"href":"https:\/\/www.europesays.com\/no\/wp-json\/wp\/v2\/media?parent=134955"}],"wp:term":[{"taxonomy":"category","embeddable":true,"href":"https:\/\/www.europesays.com\/no\/wp-json\/wp\/v2\/categories?post=134955"},{"taxonomy":"post_tag","embeddable":true,"href":"https:\/\/www.europesays.com\/no\/wp-json\/wp\/v2\/tags?post=134955"}],"curies":[{"name":"wp","href":"https:\/\/api.w.org\/{rel}","templated":true}]}}