{"id":134959,"date":"2026-01-11T21:01:12","date_gmt":"2026-01-11T21:01:12","guid":{"rendered":"https:\/\/www.europesays.com\/no\/134959\/"},"modified":"2026-01-11T21:01:12","modified_gmt":"2026-01-11T21:01:12","slug":"amerikanske-senatorer-reiser-til-danmark","status":"publish","type":"post","link":"https:\/\/www.europesays.com\/no\/134959\/","title":{"rendered":"Amerikanske senatorer reiser til Danmark"},"content":{"rendered":"\n<p class=\"_lead_o9xde_2 _lead_xtcu6_50 layout-component text-serif-m layout-normal text-serif-l layout-component layout-wide layout-padded _wide_17hqh_1 layout-padded\">Flere amerikanske senatorer reiser kommende uke til Danmark hvor de fredag skal m\u00f8te representanter for den danske utenrikskomiteen.<\/p>\n<p><img alt=\"Christiansborg som huser det danske parlamentet, Folketinget. Foto: Johan Nilsson\/TT \/ TT Nyhetsbyr\u00e5n \/ NTB\" class=\"_image_qp4xg_65 layout-component layout-wide\" data-fullscreen- data-track-element-type=\"Article image fullscreen\" data-track-name=\"ImageFullscreen\" fetchpriority=\"high\" decoding=\"sync\" loading=\"eager\" height=\"4866\" itemprop=\"image\"  src=\"https:\/\/www.europesays.com\/no\/wp-content\/uploads\/2026\/01\/1b0c8207-4bfe-49b3-a1f5-ca5570a54daa.jpeg\"  style=\"object-position:0% 0%\" width=\"8009\"\/>Christiansborg som huser det danske parlamentet, Folketinget. Foto: Johan Nilsson\/TT \/ TT Nyhetsbyr\u00e5n \/ NTB<\/p>\n<ul aria-hidden=\"true\" class=\"_images_ntbth_112\">\n<li><a class=\"_link_ntbth_117\" href=\"https:\/\/www.vg.no\/forfatter\/live-tronstad\" style=\"z-index:2\" title=\"Live Tronstad\" rel=\"nofollow noopener\" target=\"_blank\"><img alt=\"Bilde av Live Tronstad\" class=\"_image_ntbth_93\" fetchpriority=\"low\" loading=\"lazy\" decoding=\"async\" itemprop=\"image\"  src=\"https:\/\/www.europesays.com\/no\/wp-content\/uploads\/2026\/01\/1768165269_487_730bca66-e713-4274-9d1c-1222feeb3c7d.jpeg\"  width=\"480\"\/><\/a><\/li>\n<li><a class=\"_link_ntbth_117\" href=\"https:\/\/www.vg.no\/forfatter\/stella-bugge\" style=\"z-index:1\" title=\"Stella Bugge\" rel=\"nofollow noopener\" target=\"_blank\"><img alt=\"Bilde av Stella Bugge\" class=\"_image_ntbth_93\" fetchpriority=\"low\" loading=\"lazy\" decoding=\"async\" itemprop=\"image\"  src=\"https:\/\/www.europesays.com\/no\/wp-content\/uploads\/2026\/01\/1768165269_736_c673ac82-f3e7-47d3-aa1d-79bb6eca457a.png\"  width=\"480\"\/><\/a><\/li>\n<\/ul>\n<p> Oppdatert s\u00f8ndag 11. januar kl. 21:35     <\/p>\n<p class=\"_paragraph_o9xde_4 _paragraph_xtcu6_10 layout-component text-serif-m layout-normal text-serif-m layout-padded\">Det bekrefter formannen i den danske utenrikskomiteen, Christian Friis Bach (V), til <a href=\"https:\/\/nyheder.tv2.dk\/live\/2025-01-06-kampen-om-groenlands-fremtid\" class=\"_link_o9xde_39\" rel=\"nofollow noopener\" target=\"_blank\">TV 2.<\/a><\/p>\n<p class=\"_paragraph_o9xde_4 _paragraph_xtcu6_10 layout-component text-serif-m layout-normal text-serif-m layout-padded\">Han opplyser at det er utenrikskomiteen som har invitert senatorene.<\/p>\n<p class=\"_paragraph_o9xde_4 _paragraph_xtcu6_10 layout-component text-serif-m layout-normal text-serif-m layout-padded\">Ogs\u00e5 de gr\u00f8nlandske politikerne Aki-Matilda H\u00f8egh-Dam fra Naleraq og Aaja Chemnitz fra Inuit Ataqatigiit bekrefter m\u00f8tet. De er begge medlemmer av komiteen og sier til TV2 at de vil delta.<\/p>\n<p class=\"_paragraph_o9xde_4 _paragraph_xtcu6_10 layout-component text-serif-m layout-normal text-serif-m layout-padded\">TV2 har ikke f\u00e5tt bekreftet dagsordenen for m\u00f8tet. Neste uke skal ogs\u00e5 USAs utenriksminister Marco Rubio diskutere <a href=\"https:\/\/www.vg.no\/tag\/groenland?utm_source=vg-article&amp;utm_medium=auto-tagger&amp;utm_campaign=e7KMq9\" class=\"_link_o9xde_39\" rel=\"nofollow noopener\" target=\"_blank\">Gr\u00f8nland<\/a> med Danmarks og Gr\u00f8nlands utenriksministre.<\/p>\n<p class=\"_paragraph_o9xde_4 _paragraph_xtcu6_10 layout-component text-serif-m layout-normal text-serif-m layout-padded\">Nyhetsbyr\u00e5et Bloomberg meldte tidligere s\u00f8ndag at europeiske land vurderer \u00e5 sende NATO-styrker til Gr\u00f8nland. Det skal v\u00e6re i et fors\u00f8k p\u00e5 \u00e5 roe ned trusselen fra USA. <\/p>\n<p class=\"_paragraph_o9xde_4 _paragraph_xtcu6_10 layout-component text-serif-m layout-normal text-serif-m layout-padded\">Tyskland vil foresl\u00e5 \u00e5 opprette et felles NATO-styrke, for \u00e5 overv\u00e5ke og beskytte sikkerhetsinteresser i Arktis, skriver <a href=\"https:\/\/www.bloomberg.com\/news\/articles\/2026-01-11\/germany-to-pitch-nato-mission-in-arctic-to-ease-greenland-strife?srnd=homepage-europe\" class=\"_link_o9xde_39\" rel=\"nofollow noopener\" target=\"_blank\">Bloomberg.<\/a><\/p>\n<p class=\"_paragraph_o9xde_4 _paragraph_xtcu6_10 layout-component text-serif-m layout-normal text-serif-m layout-padded\">Opplysningene skal komme fra to personer som er kjent med planene i den tyske regjeringen.<\/p>\n<p class=\"_paragraph_o9xde_4 _paragraph_xtcu6_10 layout-component text-serif-m layout-normal text-serif-m layout-padded\">Det skal v\u00e6re flere europeiske land som vurderer \u00e5 bli med p\u00e5 planen og sende NATO-styrker til Gr\u00f8nland. Landene skal v\u00e6re del av en gruppe ledet av Storbritannia og Tyskland, skriver Reuters. <\/p>\n<p class=\"_paragraph_o9xde_4 _paragraph_xtcu6_10 layout-component text-serif-m layout-normal text-serif-m layout-padded\">Det skal v\u00e6re et fors\u00f8k p\u00e5 \u00e5 dempe spenningene med USA, som har truet med \u00e5 annektere Gr\u00f8nland. President Donald Trump sa fredag at han trenger \u00e5 eie Gr\u00f8nland for \u00e5 forhindre Russland og Kina fra \u00e5 okkupere \u00f8ya i fremtiden. <\/p>\n<p><img alt=\"Foto: Evgeniy Maloletka \/ AP \/ NTB\" class=\"_image_qp4xg_65 layout-component layout-normal\" data-fullscreen- data-track-element-type=\"Article image fullscreen\" data-track-name=\"ImageFullscreen\" decoding=\"async\" loading=\"lazy\" height=\"5760\" itemprop=\"image\"  src=\"https:\/\/www.europesays.com\/no\/wp-content\/uploads\/2026\/01\/c5c7d8a3-3c4f-47c6-9b7c-e76a3586fe65.jpeg\"  style=\"object-position:0% 0%\" width=\"8640\"\/>Foto: Evgeniy Maloletka \/ AP \/ NTB<\/p>\n<p class=\"_paragraph_o9xde_4 _paragraph_xtcu6_10 layout-component text-serif-m layout-normal text-serif-m layout-padded\">Natos \u00abBaltic Sentry\u00bb-styrke, som ble etablert for et \u00e5r siden for \u00e5 sikre kritisk infrastruktur i \u00d8stersj\u00f8en, kan fungere som mal for en ny \u00abArctic Sentry\u00bb-styrke som omfatter Gr\u00f8nland, if\u00f8lge kildene. <\/p>\n<p class=\"_paragraph_o9xde_4 _paragraph_xtcu6_10 layout-component text-serif-m layout-normal text-serif-m layout-padded\">Tysklands utenriksminister Johann Wadephul sa s\u00f8ndag at bekymringer knyttet til sikkerheten i Nord-Atlanteren m\u00e5 diskuteres i NATO. <\/p>\n<p class=\"_paragraph_o9xde_4 _paragraph_xtcu6_10 layout-component text-serif-m layout-normal text-serif-m layout-padded\"><strong class=\"_strong_o9xde_25\">\u2013 Hvis den amerikanske presidenten ser p\u00e5 trusler som kommer fra russiske eller kinesiske fart\u00f8y eller ub\u00e5ter her i regionen, kan vi selvsagt finne svar p\u00e5 dette sammen, sa Wadephul.<\/strong><\/p>\n<p class=\"_paragraph_o9xde_4 _paragraph_xtcu6_10 layout-component text-serif-m layout-normal text-serif-m layout-padded\">Tysklands visekansler Lars Klingbeil uttalte seg ogs\u00e5 om situasjonen tidligere s\u00f8ndag: <\/p>\n<p class=\"_paragraph_o9xde_4 _paragraph_xtcu6_10 layout-component text-serif-m layout-normal text-serif-m layout-padded\">\u2013 Det er utelukkende opp til Danmark og Gr\u00f8nland \u00e5 avgj\u00f8re Gr\u00f8nlands fremtid, sa visekansleren som ogs\u00e5 er finansminister. <\/p>\n<p class=\"_paragraph_o9xde_4 _paragraph_xtcu6_10 layout-component text-serif-m layout-normal text-serif-m layout-padded\">\u2013 Territoriell suverenitet og integritet m\u00e5 respekteres. Disse prinsippene i folkeretten gjelder for alle \u2013 ogs\u00e5 USA. Vi arbeider sammen som NATO-allierte for \u00e5 styrke sikkerheten i Arktis, ikke mot hverandre.<\/p>\n<p>    <img decoding=\"async\" alt=\"Tips oss illustrasjon\" src=\"https:\/\/www.europesays.com\/no\/wp-content\/uploads\/2025\/10\/pssst-small.webp.webp\"\/>    <\/p>\n<p class=\"title-serif-s\">Har du tips?<\/p>\n<p class=\"text-sans-m\">Send oss informasjon, bilder eller video.<\/p>\n<p>  <a href=\"https:\/\/www.vg.no\/tips-oss\" rel=\"nofollow noopener\" target=\"_blank\"> Tips oss <\/a>      <\/p>\n","protected":false},"excerpt":{"rendered":"Flere amerikanske senatorer reiser kommende uke til Danmark hvor de fredag skal m\u00f8te representanter for den danske utenrikskomiteen.&hellip;\n","protected":false},"author":2,"featured_media":134960,"comment_status":"","ping_status":"","sticky":false,"template":"","format":"standard","meta":{"footnotes":""},"categories":[5],"tags":[31,20,21,1524,55,24,25,2112,15,19,22,23,17,18,233,13,30,28,29,14,16,865,26,27,175,50],"class_list":{"0":"post-134959","1":"post","2":"type-post","3":"status-publish","4":"format-standard","5":"has-post-thumbnail","7":"category-overskrifter","8":"tag-breaking","9":"tag-breaking-news","10":"tag-breakingnews","11":"tag-danmark","12":"tag-donald-trump","13":"tag-featured-news","14":"tag-featurednews","15":"tag-gronland","16":"tag-headlines","17":"tag-hovedoppslag","18":"tag-latest-news","19":"tag-latestnews","20":"tag-main-news","21":"tag-mainnews","22":"tag-nato","23":"tag-news","24":"tag-no","25":"tag-norge","26":"tag-norway","27":"tag-nyheter","28":"tag-overskrifter","29":"tag-storbritannia","30":"tag-top-stories","31":"tag-topstories","32":"tag-tyskland","33":"tag-usa"},"share_on_mastodon":{"url":"https:\/\/pubeurope.com\/@no\/115878486630529315","error":""},"_links":{"self":[{"href":"https:\/\/www.europesays.com\/no\/wp-json\/wp\/v2\/posts\/134959","targetHints":{"allow":["GET"]}}],"collection":[{"href":"https:\/\/www.europesays.com\/no\/wp-json\/wp\/v2\/posts"}],"about":[{"href":"https:\/\/www.europesays.com\/no\/wp-json\/wp\/v2\/types\/post"}],"author":[{"embeddable":true,"href":"https:\/\/www.europesays.com\/no\/wp-json\/wp\/v2\/users\/2"}],"replies":[{"embeddable":true,"href":"https:\/\/www.europesays.com\/no\/wp-json\/wp\/v2\/comments?post=134959"}],"version-history":[{"count":0,"href":"https:\/\/www.europesays.com\/no\/wp-json\/wp\/v2\/posts\/134959\/revisions"}],"wp:featuredmedia":[{"embeddable":true,"href":"https:\/\/www.europesays.com\/no\/wp-json\/wp\/v2\/media\/134960"}],"wp:attachment":[{"href":"https:\/\/www.europesays.com\/no\/wp-json\/wp\/v2\/media?parent=134959"}],"wp:term":[{"taxonomy":"category","embeddable":true,"href":"https:\/\/www.europesays.com\/no\/wp-json\/wp\/v2\/categories?post=134959"},{"taxonomy":"post_tag","embeddable":true,"href":"https:\/\/www.europesays.com\/no\/wp-json\/wp\/v2\/tags?post=134959"}],"curies":[{"name":"wp","href":"https:\/\/api.w.org\/{rel}","templated":true}]}}