{"id":134981,"date":"2026-01-11T21:26:22","date_gmt":"2026-01-11T21:26:22","guid":{"rendered":"https:\/\/www.europesays.com\/no\/134981\/"},"modified":"2026-01-11T21:26:22","modified_gmt":"2026-01-11T21:26:22","slug":"fem-gutter-hentet-ut-etter-redningsaksjon-pa-gaustatoppen","status":"publish","type":"post","link":"https:\/\/www.europesays.com\/no\/134981\/","title":{"rendered":"Fem gutter hentet ut etter redningsaksjon p\u00e5 Gaustatoppen"},"content":{"rendered":"<p data-testid=\"textWithMarkup-text\" data-v-81d7dc2b=\"\" data-v-62d58f52=\"\">\u2013 Turf\u00f8lget er fraktet ut av terrenget av redningshelikopteret og de blir tilsett av helsepersonell, skriver operasjonsleder Sigurd Edvardsen i politiloggen rundt klokka 21 l\u00f8rdag kveld.<\/p>\n<p data-testid=\"textWithMarkup-text\" data-v-81d7dc2b=\"\" data-v-62d58f52=\"\">Rundt to timer tidligere fikk politiet melding om at det utenlandske turf\u00f8lget hadde g\u00e5tt seg vill, og satte i gang en omfattende redningsaksjon. <\/p>\n<p data-testid=\"textWithMarkup-text\" data-v-81d7dc2b=\"\" data-v-62d58f52=\"\">Et redningshelikopter ble sendt til omr\u00e5det, og klokka 20.16 kunne de melde at turf\u00f8lget var funnet. <\/p>\n<p data-testid=\"textWithMarkup-text\" data-v-81d7dc2b=\"\" data-v-62d58f52=\"\">\u2013 Det jobbes n\u00e5 med \u00e5 heise dem ut av terrenget, skrev Edvardsen etter at de var funnet. <\/p>\n<p data-testid=\"textWithMarkup-text\" data-v-81d7dc2b=\"\" data-v-62d58f52=\"\">Det er sv\u00e6rt kaldt p\u00e5 stedet, og turf\u00f8lget skal if\u00f8lge politiet ikke ha v\u00e6rt kledd for v\u00e6ret. De fem guttene er i slutten av ten\u00e5rene, if\u00f8lge politiet. <\/p>\n","protected":false},"excerpt":{"rendered":"\u2013 Turf\u00f8lget er fraktet ut av terrenget av redningshelikopteret og de blir tilsett av helsepersonell, skriver operasjonsleder Sigurd&hellip;\n","protected":false},"author":2,"featured_media":134982,"comment_status":"","ping_status":"","sticky":false,"template":"","format":"standard","meta":{"footnotes":""},"categories":[5],"tags":[20,21,24,25,15,19,22,23,17,18,13,30,28,29,14,16,26,27],"class_list":{"0":"post-134981","1":"post","2":"type-post","3":"status-publish","4":"format-standard","5":"has-post-thumbnail","7":"category-overskrifter","8":"tag-breaking-news","9":"tag-breakingnews","10":"tag-featured-news","11":"tag-featurednews","12":"tag-headlines","13":"tag-hovedoppslag","14":"tag-latest-news","15":"tag-latestnews","16":"tag-main-news","17":"tag-mainnews","18":"tag-news","19":"tag-no","20":"tag-norge","21":"tag-norway","22":"tag-nyheter","23":"tag-overskrifter","24":"tag-top-stories","25":"tag-topstories"},"share_on_mastodon":{"url":"https:\/\/pubeurope.com\/@no\/115878584927779947","error":""},"_links":{"self":[{"href":"https:\/\/www.europesays.com\/no\/wp-json\/wp\/v2\/posts\/134981","targetHints":{"allow":["GET"]}}],"collection":[{"href":"https:\/\/www.europesays.com\/no\/wp-json\/wp\/v2\/posts"}],"about":[{"href":"https:\/\/www.europesays.com\/no\/wp-json\/wp\/v2\/types\/post"}],"author":[{"embeddable":true,"href":"https:\/\/www.europesays.com\/no\/wp-json\/wp\/v2\/users\/2"}],"replies":[{"embeddable":true,"href":"https:\/\/www.europesays.com\/no\/wp-json\/wp\/v2\/comments?post=134981"}],"version-history":[{"count":0,"href":"https:\/\/www.europesays.com\/no\/wp-json\/wp\/v2\/posts\/134981\/revisions"}],"wp:featuredmedia":[{"embeddable":true,"href":"https:\/\/www.europesays.com\/no\/wp-json\/wp\/v2\/media\/134982"}],"wp:attachment":[{"href":"https:\/\/www.europesays.com\/no\/wp-json\/wp\/v2\/media?parent=134981"}],"wp:term":[{"taxonomy":"category","embeddable":true,"href":"https:\/\/www.europesays.com\/no\/wp-json\/wp\/v2\/categories?post=134981"},{"taxonomy":"post_tag","embeddable":true,"href":"https:\/\/www.europesays.com\/no\/wp-json\/wp\/v2\/tags?post=134981"}],"curies":[{"name":"wp","href":"https:\/\/api.w.org\/{rel}","templated":true}]}}