{"id":135001,"date":"2026-01-11T21:57:07","date_gmt":"2026-01-11T21:57:07","guid":{"rendered":"https:\/\/www.europesays.com\/no\/135001\/"},"modified":"2026-01-11T21:57:07","modified_gmt":"2026-01-11T21:57:07","slug":"den-fjerde-vinterkrigen-pa-rad-hvordan-gar-det-ved-fronten","status":"publish","type":"post","link":"https:\/\/www.europesays.com\/no\/135001\/","title":{"rendered":"Den fjerde vinterkrigen p\u00e5 rad. Hvordan g\u00e5r det ved fronten?"},"content":{"rendered":"<p class=\"extendedContent hyperion-css-eyn926\" data-test-tag=\"lead-text\">Den fjerde vinteren med krig p\u00e5 rad er i gang i Ukraina. Denne uken brytes en historisk og symboltung grense.<\/p>\n<p><img decoding=\"async\" class=\"image-asset hyperion-css-u06ts1\" data-test-tag=\"image-asset\" src=\"https:\/\/www.europesays.com\/no\/wp-content\/uploads\/2026\/01\/f216a214-c9c0-4eea-a1bf-9bb80de0aab0.png\"  alt=\"En liten kolonne russiske soldater blir overrasket og angrepet av ukrainske droner fra brigaden Madjars fugler. Bildet er en skjermdump fra en ukrainsk dronevideo. Angrepet skjer et par mil fra frontlinjen, og noen sekunder senere er de fleste av soldatene drept eller skadet. \"  loading=\"eager\" fetchpriority=\"high\" style=\"aspect-ratio:2048 \/ 1371\"\/>En liten kolonne russiske soldater blir overrasket og angrepet av ukrainske droner fra brigaden Madjars fugler. Bildet er en skjermdump fra en ukrainsk dronevideo. Angrepet skjer et par mil fra frontlinjen, og noen sekunder senere er de fleste av soldatene drept eller skadet. Foto: Telegram\/ Ukrainske milit\u00e6re<\/p>\n<p>Publisert: 11.01.2026 22:05<\/p>\n<p class=\"paywall hyperion-css-1j42uic\">Andrew Perpetua har en ekstrem jobb. Han er en av de mange analytikerne som unders\u00f8ker ukrainske og russiske videoer fra fronten. Han har sett 63.554 russiske soldater bli drept p\u00e5 dronevideoene. Desember 2025 ble den verste m\u00e5neden.<\/p>\n<p class=\"paywall hyperion-css-1j42uic\">\u2013 Med stor margin har vi aldri sett flere drepte, skriver Osint-analytikerenOsint-analytikerenEn OSINT-analytiker (Open Source Intelligence) er en ekspert p\u00e5 \u00e5 samle inn, analysere og tolke offentlig tilgjengelig informasjon, ofte fra internett, sosiale medier og offentlige registre. p\u00e5 X.<\/p>\n<p class=\"hyperion-css-1qm9e9t\">Les hele saken med abonnement<\/p>\n<p>Allerede abonnent? Logg inn<\/p>\n","protected":false},"excerpt":{"rendered":"Den fjerde vinteren med krig p\u00e5 rad er i gang i Ukraina. Denne uken brytes en historisk og&hellip;\n","protected":false},"author":2,"featured_media":135002,"comment_status":"","ping_status":"","sticky":false,"template":"","format":"standard","meta":{"footnotes":""},"categories":[12],"tags":[20,21,24,25,15,22,23,13,30,28,29,14,16,26,27,42,43,44,45],"class_list":{"0":"post-135001","1":"post","2":"type-post","3":"status-publish","4":"format-standard","5":"has-post-thumbnail","7":"category-verden","8":"tag-breaking-news","9":"tag-breakingnews","10":"tag-featured-news","11":"tag-featurednews","12":"tag-headlines","13":"tag-latest-news","14":"tag-latestnews","15":"tag-news","16":"tag-no","17":"tag-norge","18":"tag-norway","19":"tag-nyheter","20":"tag-overskrifter","21":"tag-top-stories","22":"tag-topstories","23":"tag-verden","24":"tag-world","25":"tag-world-news","26":"tag-worldnews"},"share_on_mastodon":{"url":"https:\/\/pubeurope.com\/@no\/115878706786200868","error":""},"_links":{"self":[{"href":"https:\/\/www.europesays.com\/no\/wp-json\/wp\/v2\/posts\/135001","targetHints":{"allow":["GET"]}}],"collection":[{"href":"https:\/\/www.europesays.com\/no\/wp-json\/wp\/v2\/posts"}],"about":[{"href":"https:\/\/www.europesays.com\/no\/wp-json\/wp\/v2\/types\/post"}],"author":[{"embeddable":true,"href":"https:\/\/www.europesays.com\/no\/wp-json\/wp\/v2\/users\/2"}],"replies":[{"embeddable":true,"href":"https:\/\/www.europesays.com\/no\/wp-json\/wp\/v2\/comments?post=135001"}],"version-history":[{"count":0,"href":"https:\/\/www.europesays.com\/no\/wp-json\/wp\/v2\/posts\/135001\/revisions"}],"wp:featuredmedia":[{"embeddable":true,"href":"https:\/\/www.europesays.com\/no\/wp-json\/wp\/v2\/media\/135002"}],"wp:attachment":[{"href":"https:\/\/www.europesays.com\/no\/wp-json\/wp\/v2\/media?parent=135001"}],"wp:term":[{"taxonomy":"category","embeddable":true,"href":"https:\/\/www.europesays.com\/no\/wp-json\/wp\/v2\/categories?post=135001"},{"taxonomy":"post_tag","embeddable":true,"href":"https:\/\/www.europesays.com\/no\/wp-json\/wp\/v2\/tags?post=135001"}],"curies":[{"name":"wp","href":"https:\/\/api.w.org\/{rel}","templated":true}]}}