{"id":135007,"date":"2026-01-11T22:16:08","date_gmt":"2026-01-11T22:16:08","guid":{"rendered":"https:\/\/www.europesays.com\/no\/135007\/"},"modified":"2026-01-11T22:16:08","modified_gmt":"2026-01-11T22:16:08","slug":"nyheter-askoy-maria-revheim-thorbjornsen-og-john-henrik-revheim-thorbjornsen-matte-evakuere-fra-huset-da-det-brant-pa-hanoy-pa-hauglandshella-pa-askoy","status":"publish","type":"post","link":"https:\/\/www.europesays.com\/no\/135007\/","title":{"rendered":"Nyheter, Ask\u00f8y | Maria Revheim Thorbj\u00f8rnsen og John Henrik Revheim Thorbj\u00f8rnsen m\u00e5tte evakuere fra huset da det brant p\u00e5 Han\u00f8y p\u00e5 Hauglandshella p\u00e5 Ask\u00f8y"},"content":{"rendered":"<p>   <img decoding=\"async\" width=\"6192\" height=\"4128\" fetchpriority=\"high\"  loading=\"eager\"  src=\"https:\/\/www.europesays.com\/no\/wp-content\/uploads\/2026\/01\/ABK_8304.JPG\" alt=\"\" class=\"brick-c-cFOWSL\" style=\"--brick-image-ratio: 6192 \/ 4128;\"\/><\/p>\n<p>      Maria Revheim Thorbj\u00f8rnsen og John Henrik Revheim Thorbj\u00f8rnsen med skiltet som sistnevnte brukte til brannslukking.<br \/>\n      Foto: ANDERS KJ\u00d8LEN\n    <\/p>\n<p>Oppdatert: 11.01.26 22:51Publisert: 11.01.26 22:25<\/p>\n<p data-content=\"lead-text\" class=\"lead-text story brick-c-eOZvhA\">\n<p>          John Henrik Revheim Thorbj\u00f8rnsen skulle ut i garasjen for \u00e5 hente noen planker da han s\u00e5 lyngen i lys lue like ved huset.\n      <\/p>\n<p>    Plussmerking. Denne artikkelen kan bare leses av abonenter<\/p>\n<p>  For abonnenter<\/p>\n<p>    ]]]]>]]><\/p>\n","protected":false},"excerpt":{"rendered":"Maria Revheim Thorbj\u00f8rnsen og John Henrik Revheim Thorbj\u00f8rnsen med skiltet som sistnevnte brukte til brannslukking. Foto: ANDERS KJ\u00d8LEN&hellip;\n","protected":false},"author":2,"featured_media":135008,"comment_status":"","ping_status":"","sticky":false,"template":"","format":"standard","meta":{"footnotes":""},"categories":[5],"tags":[20,21,24,25,15,19,22,23,17,18,13,30,28,29,14,16,26,27],"class_list":{"0":"post-135007","1":"post","2":"type-post","3":"status-publish","4":"format-standard","5":"has-post-thumbnail","7":"category-overskrifter","8":"tag-breaking-news","9":"tag-breakingnews","10":"tag-featured-news","11":"tag-featurednews","12":"tag-headlines","13":"tag-hovedoppslag","14":"tag-latest-news","15":"tag-latestnews","16":"tag-main-news","17":"tag-mainnews","18":"tag-news","19":"tag-no","20":"tag-norge","21":"tag-norway","22":"tag-nyheter","23":"tag-overskrifter","24":"tag-top-stories","25":"tag-topstories"},"share_on_mastodon":{"url":"https:\/\/pubeurope.com\/@no\/115878781430282031","error":""},"_links":{"self":[{"href":"https:\/\/www.europesays.com\/no\/wp-json\/wp\/v2\/posts\/135007","targetHints":{"allow":["GET"]}}],"collection":[{"href":"https:\/\/www.europesays.com\/no\/wp-json\/wp\/v2\/posts"}],"about":[{"href":"https:\/\/www.europesays.com\/no\/wp-json\/wp\/v2\/types\/post"}],"author":[{"embeddable":true,"href":"https:\/\/www.europesays.com\/no\/wp-json\/wp\/v2\/users\/2"}],"replies":[{"embeddable":true,"href":"https:\/\/www.europesays.com\/no\/wp-json\/wp\/v2\/comments?post=135007"}],"version-history":[{"count":0,"href":"https:\/\/www.europesays.com\/no\/wp-json\/wp\/v2\/posts\/135007\/revisions"}],"wp:featuredmedia":[{"embeddable":true,"href":"https:\/\/www.europesays.com\/no\/wp-json\/wp\/v2\/media\/135008"}],"wp:attachment":[{"href":"https:\/\/www.europesays.com\/no\/wp-json\/wp\/v2\/media?parent=135007"}],"wp:term":[{"taxonomy":"category","embeddable":true,"href":"https:\/\/www.europesays.com\/no\/wp-json\/wp\/v2\/categories?post=135007"},{"taxonomy":"post_tag","embeddable":true,"href":"https:\/\/www.europesays.com\/no\/wp-json\/wp\/v2\/tags?post=135007"}],"curies":[{"name":"wp","href":"https:\/\/api.w.org\/{rel}","templated":true}]}}