{"id":135009,"date":"2026-01-11T22:24:10","date_gmt":"2026-01-11T22:24:10","guid":{"rendered":"https:\/\/www.europesays.com\/no\/135009\/"},"modified":"2026-01-11T22:24:10","modified_gmt":"2026-01-11T22:24:10","slug":"drommemal-til-ingen-nytte","status":"publish","type":"post","link":"https:\/\/www.europesays.com\/no\/135009\/","title":{"rendered":"Dr\u00f8mmem\u00e5l til ingen nytte"},"content":{"rendered":"<p>Det var ingen Kylian Mbapp\u00e9 fra start for Real Madrid i Supercopa-finalen mot Barcelona s\u00f8ndag kveld.\u00a0<\/p>\n<p>Superspissen har slitt med en kneskade og startet oppgj\u00f8ret p\u00e5 benken.<\/p>\n<p>Men Real Madrid har flere stjernespillere p\u00e5 laget. For etter at Raphinha hadde gitt Barcelona ledelsen skulle Vin\u00edcius\u00a0J\u00fanior vise seg frem.\u00a0<\/p>\n<p>Brasilianeren fikk ballen ute til venstre og gjorde alt p\u00e5 egen h\u00e5nd. F\u00f8rst en tunnel p\u00e5 Jules\u00a0Kound\u00e9, f\u00f8r han ogs\u00e5 brukte Pau Cubars\u00ed som rundingsb\u00f8ye. Deretter dunket kantspilleren ballen i hj\u00f8rnet.\u00a0<\/p>\n<p>        <img class=\"image__img lazyload\" itemprop=\"image\" title=\"Foto: Vincent West \/ Reuters \/ NTB\" alt=\"DR\u00d8MMEM\u00c5L: Vin\u00edcius J\u00fanior leverte en str\u00e5lende soloscoring mot Barcelona. Foto: Vincent West \/ Reuters \/ NTB\" width=\"978\" height=\"551\" bad-src=\"https:\/\/www.europesays.com\/no\/wp-content\/uploads\/2026\/01\/18453845.webp.jpeg\" fetchpriority=\"auto\" \/><\/p>\n<p>      DR\u00d8MMEM\u00c5L: Vin\u00edcius J\u00fanior leverte en str\u00e5lende soloscoring mot Barcelona.<br \/>\n         Foto: Vincent West \/ Reuters \/ NTB<\/p>\n<p>Scoringer fra Robert Lewandowski og\u00a0Gonzalo Torres s\u00f8rget for at lagene gikk til pause p\u00e5 stillingen 2\u20132.\u00a0<\/p>\n<p>Like fartsfylt ble det ikke i andreomgang, men Raphinha gjorde sitt for \u00e5 underholde publikum i Jeddah.\u00a0<\/p>\n<p>Med et dr\u00f8yt kvarter igjen av oppgj\u00f8ret satt han inn kampens siste m\u00e5l. Barcelona slo dermed sin argeste rival 3\u20132 og er Supercopa-mestere.\u00a0<\/p>\n","protected":false},"excerpt":{"rendered":"Det var ingen Kylian Mbapp\u00e9 fra start for Real Madrid i Supercopa-finalen mot Barcelona s\u00f8ndag kveld.\u00a0 Superspissen har&hellip;\n","protected":false},"author":2,"featured_media":135010,"comment_status":"","ping_status":"","sticky":false,"template":"","format":"standard","meta":{"footnotes":""},"categories":[5],"tags":[20,21,24,25,15,19,22,23,17,18,13,30,28,29,14,16,26,27],"class_list":{"0":"post-135009","1":"post","2":"type-post","3":"status-publish","4":"format-standard","5":"has-post-thumbnail","7":"category-overskrifter","8":"tag-breaking-news","9":"tag-breakingnews","10":"tag-featured-news","11":"tag-featurednews","12":"tag-headlines","13":"tag-hovedoppslag","14":"tag-latest-news","15":"tag-latestnews","16":"tag-main-news","17":"tag-mainnews","18":"tag-news","19":"tag-no","20":"tag-norge","21":"tag-norway","22":"tag-nyheter","23":"tag-overskrifter","24":"tag-top-stories","25":"tag-topstories"},"share_on_mastodon":{"url":"https:\/\/pubeurope.com\/@no\/115878812901340792","error":""},"_links":{"self":[{"href":"https:\/\/www.europesays.com\/no\/wp-json\/wp\/v2\/posts\/135009","targetHints":{"allow":["GET"]}}],"collection":[{"href":"https:\/\/www.europesays.com\/no\/wp-json\/wp\/v2\/posts"}],"about":[{"href":"https:\/\/www.europesays.com\/no\/wp-json\/wp\/v2\/types\/post"}],"author":[{"embeddable":true,"href":"https:\/\/www.europesays.com\/no\/wp-json\/wp\/v2\/users\/2"}],"replies":[{"embeddable":true,"href":"https:\/\/www.europesays.com\/no\/wp-json\/wp\/v2\/comments?post=135009"}],"version-history":[{"count":0,"href":"https:\/\/www.europesays.com\/no\/wp-json\/wp\/v2\/posts\/135009\/revisions"}],"wp:featuredmedia":[{"embeddable":true,"href":"https:\/\/www.europesays.com\/no\/wp-json\/wp\/v2\/media\/135010"}],"wp:attachment":[{"href":"https:\/\/www.europesays.com\/no\/wp-json\/wp\/v2\/media?parent=135009"}],"wp:term":[{"taxonomy":"category","embeddable":true,"href":"https:\/\/www.europesays.com\/no\/wp-json\/wp\/v2\/categories?post=135009"},{"taxonomy":"post_tag","embeddable":true,"href":"https:\/\/www.europesays.com\/no\/wp-json\/wp\/v2\/tags?post=135009"}],"curies":[{"name":"wp","href":"https:\/\/api.w.org\/{rel}","templated":true}]}}