{"id":135019,"date":"2026-01-11T22:52:07","date_gmt":"2026-01-11T22:52:07","guid":{"rendered":"https:\/\/www.europesays.com\/no\/135019\/"},"modified":"2026-01-11T22:52:07","modified_gmt":"2026-01-11T22:52:07","slug":"hevder-united-trolig-vraker-solskjaer-nrk-sport-sportsnyheter-resultater-og-sendeplan","status":"publish","type":"post","link":"https:\/\/www.europesays.com\/no\/135019\/","title":{"rendered":"Hevder United trolig vraker Solskj\u00e6r \u2013 NRK Sport \u2013 Sportsnyheter, resultater og sendeplan"},"content":{"rendered":"<p>Det er anerkjente The Guardian som sent s\u00f8ndag kveld hevder \u00e5 ha opplysninger om at Carrick, etter intervjurundene, n\u00e5 er favoritt til \u00e5 lande jobben.<\/p>\n<p>\u00abUnited-direkt\u00f8rene Omar Berrada og Jason Wilcox lener mot Carrick\u00bb, skriver <a href=\"https:\/\/www.theguardian.com\/football\/2026\/jan\/11\/darren-fletcher-in-dark-over-his-future-after-manchester-uniteds-cup-exit?CMP=Share_iOSApp_Other\" ec-id=\"https:\/\/www.theguardian.com\/football\/2026\/jan\/11\/darren-fletcher-in-dark-over-his-future-after-manchester-uniteds-cup-exit\" ec-name=\"avisen\" rel=\"nofollow noopener\" target=\"_blank\">avisen<\/a>.<\/p>\n<p>Michael Carrick er i likhet med Solskj\u00e6r et stort navn i United-kretser og spilte totalt 464 offisielle kamper for klubben i l\u00f8pet av sin karriere p\u00e5 Old Trafford (2006\u20132018). Han var ogs\u00e5 assistent under Solskj\u00e6r da nordmannen ledet United sist.<\/p>\n<p><img decoding=\"async\"   src=\"data:image\/gif;base64,R0lGODlhAQABAIAAAAAAAP\/\/\/yH5BAEAAAAALAAAAAABAAEAAAIBRAA7\" loading=\"eager\" alt=\"\" title=\"Foto: Dave Thompson \/ AP \/ NTB\"\/><\/p>\n<p class=\"\">CARRICK NY FAVORITT: Mye tyder p\u00e5 at Michael Carrick er i f\u00f8rersetet til \u00e5 f\u00e5 United-jobben.<\/p>\n<p>Foto: Dave Thompson \/ AP \/ NTB<\/p>\n<p>\u2013 Bestemmer seg mandag<\/p>\n<p>The Guardian hevder at b\u00e5de Solskj\u00e6r og Carrick har hatt intervjuer med United-ledelsen ansikt til ansikt, og selv om ingen skal v\u00e6re formelt tilbudt jobben, skal direkt\u00f8rene v\u00e6re p\u00e5 vei til \u00e5 lande p\u00e5 en annen l\u00f8sning enn den norske kristiansunderen, skriver The Guardian.<\/p>\n<p>Ogs\u00e5 nettstedet Talksport sitter p\u00e5 lignende opplysninger. De skriver at United kommer til \u00e5 bestemme seg mandag for hvem som f\u00e5r oppdraget ut sesongen. <\/p>\n<p>De skriver videre at Solskj\u00e6r opprinnelig ble sett p\u00e5 som favoritt til \u00e5 overta vikarstillingen, men at Michael Carrick n\u00e5 seiler opp som et like aktuelt alternativ.<\/p>\n<p>        Vil Solskj\u00e6r v\u00e6re et rett valg av United n\u00e5?<\/p>\n<p>        Ja<\/p>\n<p>        Nei<\/p>\n<p>      Vis resultat<\/p>\n<p class=\"pin-nrkno-poll__disclaimer\">\n    Denne avstemningen viser ikke hva befolkningen mener om sp\u00f8rsm\u00e5let.<br \/>\n    Resultatet viser hva de som selv har valgt \u00e5 stemme mener,<br \/>\n    og avstemningen har ikke et utvalg som gj\u00f8r den representativ for alle som bor i landet.\n  <\/p>\n<p>\u2013 Ville v\u00e6rt veldig rart<\/p>\n<p>Tidligere Liverpool-stjerne Steve McManaman, som spilte 364 kamper for Uniteds argeste rivaler, sier til TNT Sports at han tror Old Trafford-klubben velger en annen l\u00f8sning enn nordmannen.<\/p>\n<p>\u2013 Jeg tror vi alle ville blitt overrasket om Ole kom tilbake. Etter \u00e5 ha betalt mye penger for \u00e5 kvitte seg med ham, ville det v\u00e6rt veldig rart om de hentet ham tilbake, sier McManaman.<\/p>\n<p>\u2013 De trenger blanke ark og at de begynner p\u00e5 nytt, og da m\u00e5 det v\u00e6re Michael Carrick som kommer inn. Jeg mener det er en bedre ansettelse, legger han til.<\/p>\n<p>Tror United kan f\u00e5 kalde f\u00f8tter<\/p>\n<p>McManaman er ikke alene om \u00e5 v\u00e6re kritiske til Solskj\u00e6r. <\/p>\n<p>En lang rekke med britiske eksperter- og aviskommentatorer har alle lagt seg p\u00e5 samme linje den siste uken, de mener det vil v\u00e6re feil \u00e5 gi Solskj\u00e6r, som fikk sparken i 2021, en ny sjanse.<\/p>\n<p>NRK har <a href=\"https:\/\/www.nrk.no\/sport\/hardt-ut-mot-solskjaer-retur_-_-til-a-le-av-1.17718260\" ec-id=\"pp:article:1.17718260\" ec-name=\"omtalt mye av kritikken her\" rel=\"nofollow noopener\" target=\"_blank\">omtalt mye av kritikken her<\/a>.<\/p>\n<p>Lars Tj\u00e6rn\u00e5s har erfaring b\u00e5de fra fotballens verden, blant annet som Premier League-assistent under Drillo i Wimbledon, men ogs\u00e5 fra medieverden som skribent for Aftenposten og TV-ekspert for ulike kanaler. <\/p>\n<p>Han mener det ideelt sett ikke b\u00f8r ha noe \u00e5 si for Uniteds avgj\u00f8relse at omtrent et samlet britisk presse- og ekspertkorps er kritiske til Solskj\u00e6r, men frykter han tar feil.<\/p>\n<p>\u2013 Vi vet at det i praksis likevel kan spille inn. Den viktigste \u00e5rsaken er at de allerede har s\u00e5 mange d\u00e5rlige avgj\u00f8relser og ansettelser bak seg at det kan v\u00e6re mer fristende enn ellers \u00e5 l\u00e5ne \u00f8ret til stemmer med tyngde, sier Tj\u00e6rn\u00e5s til NRK.<\/p>\n<p>\u2013 S\u00e5, i den grad det er et tiln\u00e6rmet d\u00f8dt l\u00f8p, tror jeg faktisk og dessverre at det kan v\u00e6re en faktor som vipper kj\u00f8ttvekta en av veiene, legger han til.\n<\/p>\n<p><img decoding=\"async\"   src=\"data:image\/gif;base64,R0lGODlhAQABAIAAAAAAAP\/\/\/yH5BAEAAAAALAAAAAABAAEAAAIBRAA7\" loading=\"eager\" alt=\"Fire menn st\u00e5r ved et bord p\u00e5 fotballbane, if\u00f8rt formelle kl\u00e6r. De holder mikrofoner og ser inn i kameraet. Bakgrunnen viser tribunene p\u00e5 en stadion, delvis tomme. Bildet gir inntrykk av en sports- eller nyhetssending. (Bildebeskrivelsen er laget av en KI-tjeneste)\" title=\"Foto: Terje Pedersen \/ NTB\"\/><\/p>\n<p class=\"\">F\u00d8LGER MED: Lars Tj\u00e6rn\u00e5s.<\/p>\n<p>Foto: Terje Pedersen \/ NTB<\/p>\n<p>\u2013 Har du en magef\u00f8lelse p\u00e5 hva United velger?<\/p>\n<p>\u2013 Nei. Har gitt opp den n\u00e5r den gjelder Manchester United og Ineos, svarer han.<\/p>\n<p>\u00c9n ting er sikkert: Den som f\u00e5r jobben overtar ikke en klubb i perfekt stand.<\/p>\n<p>N\u00e5 er United ute av ligacupen, ute av FA-cupen, 17 poeng bak Arsenal i Premier League og uten spill i Europa. <\/p>\n<p>\u2013 Jeg m\u00e5 melde meg til Carrington i morgen tidlig, det er alt jeg vet. Jeg har ikke f\u00e5tt noen indikasjoner (om hvem som blir ny vikartrenger), sa Uniteds forel\u00f8pige trenervikar Darren Fletcher p\u00e5 pressekonferansen etter Uniteds nedtur i FA-cupen s\u00f8ndag kveld.<\/p>\n<p>Tapet mot Brighton gj\u00f8r at United bare kommer til \u00e5 spille 40 kamper denne sesongen. S\u00e5 f\u00e5 kamper har de ikke spilt siden 45\/46-sesongen, rett etter andre verdenskrig, skriver The Telegraph.<\/p>\n<p>\u2013 Spillerne m\u00e5 steppe opp og samle seg, sa Fletcher p\u00e5 pressekonferansen etter kampen.<\/p>\n<p>Hargreaves til NRK: \u2013 Selvtilliten er lav<\/p>\n<p>Tidligere Manchester United-spiller Owen Hargreaves, som totalt spilte 39 kamper for United i l\u00f8pet av sine fire sesonger fra 2007-2011, mener klubben har et vanskelig valg foran seg.<\/p>\n<p>Hargreaves, som n\u00e5 jobber som TV-ekspert p\u00e5 ball\u00f8ya, er lunken p\u00e5 tanken om at Solskj\u00e6r skal vende tilbake.<\/p>\n<p>\u2013 Ole gjorde en god jobb og endte blant annet p\u00e5 andreplass. Men m\u00e5ten han avsluttet p\u00e5 var \u00e5penbart ikke s\u00e6rlig fin. Akkurat n\u00e5 er det Fletcher som er vikar, og hvem vet hvem det blir til slutt, sier Hargreaves til NRK.<\/p>\n<p><img decoding=\"async\"   src=\"data:image\/gif;base64,R0lGODlhAQABAIAAAAAAAP\/\/\/yH5BAEAAAAALAAAAAABAAEAAAIBRAA7\" loading=\"eager\" alt=\"Owen Hargreaves\" title=\"Foto: Haron Hussain \/ NRK\"\/><\/p>\n<p class=\"\">SPENT: Owen Hargreaves sier han har en magef\u00f8lelse p\u00e5 hvem United velger som ny trener, men vil ikke r\u00f8pe det.<\/p>\n<p>Foto: Haron Hussain \/ NRK<\/p>\n<p>\u2013 Hvem mener du United b\u00f8r velge?<\/p>\n<p>\u2013 Jeg har en magef\u00f8lelse p\u00e5 hvem det blir, men jeg kommer ikke til \u00e5 si det. Men uansett hvem som tar over, er det en stor jobb. Og du kan fortsette \u00e5 bytte manager s\u00e5 mye du vil. Det er spillerne p\u00e5 banen som m\u00e5 finne ut av det, sier Hargreaves til NRK.<\/p>\n<p>Norske eksperter mer positive<\/p>\n<p>Viaplay-kommentator Kasper Wikestad er, som flere andre norske eksperter, positiv til en Solskj\u00e6r-retur. <\/p>\n<p>Han mener Solskj\u00e6r fram mot sommeren kan v\u00e6re \u00abet utrolig bra valg\u00bb.<\/p>\n<p>\u2013 Han er utrolig flink med mennesker. Han er fotballfaglig sterk. Han kjenner klubbens kultur. Han er veldig flink til \u00e5 frigj\u00f8re energi, f\u00e5 det beste ut av de menneskene han jobber med rundt seg og ikke minst spillere. S\u00e5 hvis man vil ha en effekt, s\u00e5 tror jeg han hadde v\u00e6rt et ypperlig valg for United, sa Wikestad til NRK p\u00e5 Dagsnytt 18 nylig.<\/p>\n<p>\u2013 Er det fordi du er norsk at dere hausser opp Solskj\u00e6r s\u00e5 veldig?<\/p>\n<p>\u2013 Jeg ville aldri sagt noe jeg ikke mener, s\u00e5 \u00e5penbart mener jeg det. Og s\u00e5 kan det godt hende at man er noe farget av nasjonalitet. Og s\u00e5 kan det ogs\u00e5 v\u00e6re at man kjenner Ole Gunnar Solskj\u00e6rs kvaliteter godt, sier Wikestad.\n<\/p>\n<p><img decoding=\"async\"   src=\"data:image\/gif;base64,R0lGODlhAQABAIAAAAAAAP\/\/\/yH5BAEAAAAALAAAAAABAAEAAAIBRAA7\" loading=\"eager\" alt=\"en mann som r\u00f8yker en sigarett\" title=\"Foto: Geir Olsen \/ NTB\"\/><\/p>\n<p class=\"\">LIKER SOLSKJ\u00c6R: Kasper Wikestad.<\/p>\n<p>Foto: Geir Olsen \/ NTB<\/p>\n<p>\u2013 M\u00e5 levere fra start<\/p>\n<p>Han har lagt merke til at det virker \u00e5 v\u00e6re mange britiske fotballeksperter og meningsb\u00e6rere som er sterkt kritisk til at Solskj\u00e6r f\u00e5r jobben nok en gang. <\/p>\n<p>\u2013 De kritiske r\u00f8stene er sterkere og flere enn de var da Solskj\u00e6r kom sist. Det betyr at han egentlig m\u00e5 levere fra start, og blir han ansatt s\u00e5 er det et Manchester-derby han starter med, s\u00e5 presset p\u00e5 Ole Gunnar Solskj\u00e6r denne gangen helt fra start, det er nok st\u00f8rre enn det det var sist, mener Wikestad.<\/p>\n<p>Men n\u00e5 ser det alts\u00e5 ut til at et nytt norsk United-eventyr for Solskj\u00e6r henger i en tynn tr\u00e5d. Mandag kommer etter alt \u00e5 d\u00f8mme svaret p\u00e5 hva r\u00f8dtr\u00f8yene velger.<\/p>\n<p>Publisert<\/p>\n<p>11.01.2026, kl. 23.28<\/p>\n<p>Oppdatert<\/p>\n<p>11.01.2026, kl. 23.49<\/p>\n","protected":false},"excerpt":{"rendered":"Det er anerkjente The Guardian som sent s\u00f8ndag kveld hevder \u00e5 ha opplysninger om at Carrick, etter intervjurundene,&hellip;\n","protected":false},"author":2,"featured_media":135020,"comment_status":"","ping_status":"","sticky":false,"template":"","format":"standard","meta":{"footnotes":""},"categories":[5],"tags":[20,21,24,25,15,19,22,23,17,18,13,30,28,29,14,16,26,27],"class_list":{"0":"post-135019","1":"post","2":"type-post","3":"status-publish","4":"format-standard","5":"has-post-thumbnail","7":"category-overskrifter","8":"tag-breaking-news","9":"tag-breakingnews","10":"tag-featured-news","11":"tag-featurednews","12":"tag-headlines","13":"tag-hovedoppslag","14":"tag-latest-news","15":"tag-latestnews","16":"tag-main-news","17":"tag-mainnews","18":"tag-news","19":"tag-no","20":"tag-norge","21":"tag-norway","22":"tag-nyheter","23":"tag-overskrifter","24":"tag-top-stories","25":"tag-topstories"},"share_on_mastodon":{"url":"https:\/\/pubeurope.com\/@no\/115878922994530557","error":""},"_links":{"self":[{"href":"https:\/\/www.europesays.com\/no\/wp-json\/wp\/v2\/posts\/135019","targetHints":{"allow":["GET"]}}],"collection":[{"href":"https:\/\/www.europesays.com\/no\/wp-json\/wp\/v2\/posts"}],"about":[{"href":"https:\/\/www.europesays.com\/no\/wp-json\/wp\/v2\/types\/post"}],"author":[{"embeddable":true,"href":"https:\/\/www.europesays.com\/no\/wp-json\/wp\/v2\/users\/2"}],"replies":[{"embeddable":true,"href":"https:\/\/www.europesays.com\/no\/wp-json\/wp\/v2\/comments?post=135019"}],"version-history":[{"count":0,"href":"https:\/\/www.europesays.com\/no\/wp-json\/wp\/v2\/posts\/135019\/revisions"}],"wp:featuredmedia":[{"embeddable":true,"href":"https:\/\/www.europesays.com\/no\/wp-json\/wp\/v2\/media\/135020"}],"wp:attachment":[{"href":"https:\/\/www.europesays.com\/no\/wp-json\/wp\/v2\/media?parent=135019"}],"wp:term":[{"taxonomy":"category","embeddable":true,"href":"https:\/\/www.europesays.com\/no\/wp-json\/wp\/v2\/categories?post=135019"},{"taxonomy":"post_tag","embeddable":true,"href":"https:\/\/www.europesays.com\/no\/wp-json\/wp\/v2\/tags?post=135019"}],"curies":[{"name":"wp","href":"https:\/\/api.w.org\/{rel}","templated":true}]}}