{"id":135023,"date":"2026-01-11T22:54:09","date_gmt":"2026-01-11T22:54:09","guid":{"rendered":"https:\/\/www.europesays.com\/no\/135023\/"},"modified":"2026-01-11T22:54:09","modified_gmt":"2026-01-11T22:54:09","slug":"stjernene-ankommer-golden-globe-awards","status":"publish","type":"post","link":"https:\/\/www.europesays.com\/no\/135023\/","title":{"rendered":"Stjernene ankommer Golden Globe Awards"},"content":{"rendered":"\n<p class=\"_lead_o9xde_2 _lead_xtcu6_50 layout-component text-serif-m layout-normal text-serif-l layout-component layout-wide layout-padded _wide_17hqh_1 layout-padded\">Norge stiller med mange vinnersjanser f\u00f8r prisdrysset \u2013 og fikk en skikkelig god oppladning kvelden f\u00f8r.<\/p>\n<p><img alt=\"STJERNEPAR: Filmstjernen Priyanka Chopra og popstjerne-ektemannen Nick Jonas p\u00e5 r\u00f8d l\u00f8per. Foto: AMY SUSSMAN \/ AFP \/ NTB\" class=\"_image_qp4xg_65 layout-component layout-wide\" data-fullscreen- data-track-element-type=\"Article image fullscreen\" data-track-name=\"ImageFullscreen\" fetchpriority=\"high\" decoding=\"sync\" loading=\"eager\" height=\"3075\" itemprop=\"image\"  src=\"https:\/\/www.europesays.com\/no\/wp-content\/uploads\/2026\/01\/379bebd6-7648-442e-80f4-18f929ad3225.jpeg\"  style=\"object-position:0% 0%\" width=\"3268\"\/>STJERNEPAR: Filmstjernen Priyanka Chopra og popstjerne-ektemannen Nick Jonas p\u00e5 r\u00f8d l\u00f8per. Foto: AMY SUSSMAN \/ AFP \/ NTB<\/p>\n<ul aria-hidden=\"true\" class=\"_images_ntbth_112\">\n<li><a class=\"_link_ntbth_117\" href=\"https:\/\/www.vg.no\/forfatter\/catherine-gonsholt-ighanian\" style=\"z-index:2\" title=\"Catherine Gonsholt Ighanian\" rel=\"nofollow noopener\" target=\"_blank\"><img alt=\"Bilde av Catherine Gonsholt Ighanian\" class=\"_image_ntbth_93\" fetchpriority=\"low\" loading=\"lazy\" decoding=\"async\" itemprop=\"image\"  src=\"https:\/\/www.europesays.com\/no\/wp-content\/uploads\/2026\/01\/1768172048_796_72dca32d-ee6f-474c-a50e-72a9bb49f38a.jpeg\"  width=\"480\"\/><\/a><\/li>\n<li><a class=\"_link_ntbth_117\" href=\"https:\/\/www.vg.no\/forfatter\/kari-aarstad-aase\" style=\"z-index:1\" title=\"Kari Aarstad Aase\" rel=\"nofollow noopener\" target=\"_blank\"><img alt=\"Bilde av Kari Aarstad Aase\" class=\"_image_ntbth_93\" fetchpriority=\"low\" loading=\"lazy\" decoding=\"async\" itemprop=\"image\"  src=\"https:\/\/www.europesays.com\/no\/wp-content\/uploads\/2026\/01\/1768172048_916_0dbde33e-6d8e-4680-8e4f-e2a64281e2b8.jpeg\"  width=\"480\"\/><\/a><\/li>\n<\/ul>\n<p> Oppdatert s\u00f8ndag 11. januar kl. 23:43    <\/p>\n<ul class=\"_list_o9xde_3 _list_64s2r_85 _unordered_o9xde_106 text-sans-m\">\n<li class=\"_item_o9xde_30\">Golden Globe Awards g\u00e5r av stabelen i Beverly Hills i natt.<\/li>\n<li class=\"_item_o9xde_30\">Joachim Triers \u00abAffeksjonsverdi\u00bb er nominert i hele \u00e5tte filmkategorier.<\/li>\n<li class=\"_item_o9xde_30\">Nikki Glaser leder showet og innr\u00f8mmer at jobben krever mye forberedelse.<\/li>\n<li class=\"_item_o9xde_30\">VGTV sender live fra den r\u00f8de l\u00f8peren kl. 22.00.<\/li>\n<\/ul>\n<p>Vis mer <\/p>\n<p class=\"_paragraph_o9xde_4 _paragraph_xtcu6_10 layout-component text-serif-m layout-normal text-serif-m layout-padded\">Artikkelen oppdateres. <\/p>\n<p class=\"_paragraph_o9xde_4 _paragraph_xtcu6_10 layout-component text-serif-m layout-normal text-serif-m layout-padded\">Om ikke lenge braker det l\u00f8s i Beverly Hills. Selve utdelingen starter ikke f\u00f8r kl. 02 norsk tid, men gjestene begynte \u00e5 str\u00f8mme til allerede f\u00f8r kl. 22.00.<\/p>\n<p class=\"_paragraph_o9xde_4 _paragraph_xtcu6_10 layout-component text-serif-m layout-normal text-serif-m layout-padded\">Danser og \u00abDancing With The Stars\u00bb-kjendis Derek Hough skrudde skikkelig p\u00e5 sjarmen foran fotografene og danset b\u00e5de p\u00e5 l\u00f8peren og opp trappen.<\/p>\n<p class=\"_paragraph_o9xde_4 _paragraph_xtcu6_10 layout-component text-serif-m layout-normal text-serif-m layout-padded\">Et enormt presseoppbud hadde samlet seg for \u00e5 sikre seg blinkskudd.<\/p>\n<p><img alt=\"Derek Hough viste kunster.  Foto: FREDERIC J. BROWN \/ AFP \/ NTB\" class=\"_image_qp4xg_65 layout-component layout-normal\" data-fullscreen- data-track-element-type=\"Article image fullscreen\" data-track-name=\"ImageFullscreen\" decoding=\"async\" loading=\"lazy\" height=\"4532\" itemprop=\"image\"  src=\"https:\/\/www.europesays.com\/no\/wp-content\/uploads\/2026\/01\/9e8f8b3b-a460-47f9-b017-809e8434a96c.png\"  style=\"object-position:0% 0%\" width=\"6798\"\/>Derek Hough viste kunster.  Foto: FREDERIC J. BROWN \/ AFP \/ NTB<\/p>\n<p class=\"_paragraph_o9xde_4 _paragraph_xtcu6_10 layout-component text-serif-m layout-normal text-serif-m layout-padded\">Tradisjonen tro handler festen ogs\u00e5 om antrekk og glamour \u2013 om \u00e5 s og bli sett.<\/p>\n<p class=\"_paragraph_o9xde_4 _paragraph_xtcu6_10 layout-component text-serif-m layout-normal text-serif-m layout-padded\"><strong class=\"_strong_o9xde_25\">Bildespesial: Se flere gjester her (sveip):<\/strong><\/p>\n<p>Skuespiller Alicia Silverstone. Foto: MICHAEL TRAN \/ AFP \/ NTB<\/p>\n<p class=\"_paragraph_o9xde_4 _paragraph_xtcu6_10 layout-component text-serif-m layout-normal text-serif-m layout-padded\">Joachim Triers \u00abAffeksjonsverdi\u00bb, eller \u00abSentimental Value\u00bb som den heter p\u00e5 engelsk, er nominert <a href=\"http:\/\/www.vg.no\/rampelys\/i\/k0apd6\/affeksjonsverdi-er-nominert-til-golden-globe-2026#:~:text=Renate%20Reinsve%20konkurrerer%20mot%20Julia,beste%20manus%20og%20beste%20dramafilm.\" data-track-element-type=\"Link\" data-track-id=\"link:k0apd6\" class=\"_link_o9xde_39\" rel=\"nofollow noopener\" target=\"_blank\">i hele \u00e5tte filmkategorier<\/a> og betraktes som en av storfavorittene.<\/p>\n<p class=\"_paragraph_o9xde_4 _paragraph_xtcu6_10 layout-component text-serif-m layout-normal text-serif-m layout-padded\">Aldri f\u00f8r har en norsk film f\u00e5tt s\u00e5 mange nominasjoner til <a href=\"https:\/\/www.vg.no\/tag\/golden-globe?utm_source=vg-article&amp;utm_medium=auto-tagger&amp;utm_campaign=j0BQze\" class=\"_link_o9xde_39\" rel=\"nofollow noopener\" target=\"_blank\">Golden Globe<\/a>-utdelingen. <\/p>\n<p class=\"_paragraph_o9xde_4 _paragraph_xtcu6_10 layout-component text-serif-m layout-normal text-serif-m layout-padded\"><strong class=\"_strong_o9xde_25\">Oppdatert?: <a href=\"https:\/\/www.vg.no\/rampelys\/i\/zOggK9\/golden-globe-2025-alle-de-nominerte\" data-track-element-type=\"Link\" data-track-id=\"link:zOggK9\" class=\"_link_o9xde_39\" rel=\"nofollow noopener\" target=\"_blank\">Se listen med alle de nominerte<\/a><\/strong><\/p>\n<p class=\"_paragraph_o9xde_4 _paragraph_xtcu6_10 layout-component text-serif-m layout-normal text-serif-m layout-padded\">Nikki Glaser (41) er vertinne for festen, som finner sted i Los Angeles, n\u00e6rmere bestemt p\u00e5 The Beverly Hilton. TV-kjendisen er \u00e5pen om at det krever mye.<\/p>\n<p class=\"_paragraph_o9xde_4 _paragraph_xtcu6_10 layout-component text-serif-m layout-normal text-serif-m layout-padded\">\u2013 Det finnes folk som klarer s\u00e5nt med liten eller ingen forberedelse, fordi de bare er s\u00e5 dyktige. Jeg er ikke blant dem. Jeg ser p\u00e5 det som om det var OL. Du f\u00e5r bare \u00e9n sjanse, sier hun til <a href=\"https:\/\/www.vanityfair.com\/hollywood\/story\/how-to-watch-the-2026-golden-globes-on-livestream-and-tv#:~:text=Traditionalists%20can%20watch%20the%20Golden,awards%20ceremony%20live%20on%20Paramount%2B.\" class=\"_link_o9xde_39\" rel=\"nofollow noopener\" target=\"_blank\">Vanity Fair<\/a>.<\/p>\n<p><img alt=\"VERTINNE: Amerikanske Nikki Glaser p\u00e5 rullen med den r\u00f8de l\u00f8peren tidligere i uken. I kveld er den rullet ut.  Foto: Chris Pizzello \/ AP \/ NTB\" class=\"_image_qp4xg_65 layout-component layout-normal\" data-fullscreen- data-track-element-type=\"Article image fullscreen\" data-track-name=\"ImageFullscreen\" decoding=\"async\" loading=\"lazy\" height=\"3988\" itemprop=\"image\"  src=\"https:\/\/www.europesays.com\/no\/wp-content\/uploads\/2026\/01\/f15cb413-d32d-4933-a238-e4f06f4c8fbe.jpeg\"  style=\"object-position:0% 0%\" width=\"5983\"\/>VERTINNE: Amerikanske Nikki Glaser p\u00e5 rullen med den r\u00f8de l\u00f8peren tidligere i uken. I kveld er den rullet ut.  Foto: Chris Pizzello \/ AP \/ NTB<\/p>\n<p class=\"_paragraph_o9xde_4 _paragraph_xtcu6_10 layout-component text-serif-m layout-normal text-serif-m layout-padded\">Glaser, som ogs\u00e5 hadde oppdraget i fjor, har r\u00f8pet hva som er den aller st\u00f8rste utfordringen for henne \u2013 <a href=\"https:\/\/www.vg.no\/rampelys\/i\/431zO6\/golden-globe-vertinne-nikki-glasers-hodebry-foer-prisdrysset\" data-track-element-type=\"Link\" data-track-id=\"link:431zO6\" class=\"_link_o9xde_39\" rel=\"nofollow noopener\" target=\"_blank\">les om det her<\/a>. <\/p>\n<p>Norsk triumf i g\u00e5r<\/p>\n<p class=\"_paragraph_o9xde_4 _paragraph_xtcu6_10 layout-component text-serif-m layout-normal text-serif-m layout-padded\">\u00abAffeksjonsverdi\u00bb har h\u00e5vet inn <a href=\"https:\/\/www.vg.no\/rampelys\/i\/L4n5X1\/affeksjonsverdi-kan-vinne-prestisjepris\" data-track-element-type=\"Link\" data-track-id=\"link:L4n5X1\" class=\"_link_o9xde_39\" rel=\"nofollow noopener\" target=\"_blank\">en haug med nominasjoner<\/a> til en rekke utdelinger og allerede vunnet priser. <\/p>\n<p class=\"_paragraph_o9xde_4 _paragraph_xtcu6_10 layout-component text-serif-m layout-normal text-serif-m layout-padded\">Senest i g\u00e5r, l\u00f8rdag, stakk den av med to trofeer \u2013 for beste internasjonale film og beste fremmedspr\u00e5klige film \u2013 under AARP Movies for Grownups Awards i Beverly Hills.<\/p>\n<p><img alt=\"VANT I G\u00c5R: F.v.: Inga Ibsdotter Lilleaas, Elle Fanning, Stellan Skarsgaard og Renate Reinsve med AARP-prisen i L.A. l\u00f8rdag kveld.  Foto: Mario Anzuoni \/ Reuters \/ NTB\" class=\"_image_qp4xg_65 layout-component layout-normal\" data-fullscreen- data-track-element-type=\"Article image fullscreen\" data-track-name=\"ImageFullscreen\" decoding=\"async\" loading=\"lazy\" height=\"4000\" itemprop=\"image\"  src=\"https:\/\/www.europesays.com\/no\/wp-content\/uploads\/2026\/01\/685225b8-7567-4cd4-a284-cfdf3712a03b.jpeg\"  style=\"object-position:0% 0%\" width=\"6000\"\/>VANT I G\u00c5R: F.v.: Inga Ibsdotter Lilleaas, Elle Fanning, Stellan Skarsgaard og Renate Reinsve med AARP-prisen i L.A. l\u00f8rdag kveld.  Foto: Mario Anzuoni \/ Reuters \/ NTB<\/p>\n<p class=\"_paragraph_o9xde_4 _paragraph_xtcu6_10 layout-component text-serif-m layout-normal text-serif-m layout-padded\">Da var b\u00e5de Trier (51) og skuespillerne p\u00e5 plass, Renate Reinsve (38), Inga Ibsdotter Lilleaas (36), Stellan Skarsgaard (74) og Elle Fanning (27).<\/p>\n<p class=\"_paragraph_o9xde_4 _paragraph_xtcu6_10 layout-component text-serif-m layout-normal text-serif-m layout-padded\"><strong class=\"_strong_o9xde_25\">I natt er det alts\u00e5 duket for en enda st\u00f8rre fest. <\/strong><\/p>\n<p class=\"_paragraph_o9xde_4 _paragraph_xtcu6_10 layout-component text-serif-m layout-normal text-serif-m layout-padded\">Golden Globe Awards \u2013 den 83. i rekken \u2013 er den nest gjeveste filmprisen etter Oscar Awards.<\/p>\n<p class=\"_paragraph_o9xde_4 _paragraph_xtcu6_10 layout-component text-serif-m layout-normal text-serif-m layout-padded\">I kategorien beste filmdrama konkurrerer \u00abAffeksjonsverdi\u00bb mot blant andre \u00abSinners\u00bb og \u00abHamnet\u00bb \u2013 som er nominert i henholdsvis syv og seks kategorier.<\/p>\n<p class=\"_paragraph_o9xde_4 _paragraph_xtcu6_10 layout-component text-serif-m layout-normal text-serif-m layout-padded\"><strong class=\"_strong_o9xde_25\">Filmen \u00abOne Battle After Another\u00bb leder an med ni nominasjoner \u2013 og er den eneste som har flere vinnersjanser enn Norges bidrag. <\/strong><\/p>\n<p class=\"_paragraph_o9xde_4 _paragraph_xtcu6_10 layout-component text-serif-m layout-normal text-serif-m layout-padded\">\u00abOne Battle After Another konkurrerer i kategorien musikal eller komedie.<\/p>\n<p class=\"_paragraph_o9xde_4 _paragraph_xtcu6_10 layout-component text-serif-m layout-normal text-serif-m layout-padded\">Til forskjell fra Oscar deler Golden Globe i tillegg ut statuetter for TV-prestasjoner. som ogs\u00e5 deler ut priser for TV-prestasjoner TV.<\/p>\n<p class=\"_paragraph_o9xde_4 _paragraph_xtcu6_10 layout-component text-serif-m layout-normal text-serif-m layout-padded\"><strong class=\"_strong_o9xde_25\">CBS sender utdelingen direkte. <\/strong><\/p>\n<p>Les ogs\u00e5<\/p>\n","protected":false},"excerpt":{"rendered":"Norge stiller med mange vinnersjanser f\u00f8r prisdrysset \u2013 og fikk en skikkelig god oppladning kvelden f\u00f8r. STJERNEPAR: Filmstjernen&hellip;\n","protected":false},"author":2,"featured_media":135024,"comment_status":"","ping_status":"","sticky":false,"template":"","format":"standard","meta":{"footnotes":""},"categories":[58],"tags":[71,460,15422,30,28,29,207,72],"class_list":{"0":"post-135023","1":"post","2":"type-post","3":"status-publish","4":"format-standard","5":"has-post-thumbnail","7":"category-underholdning","8":"tag-entertainment","9":"tag-film","10":"tag-golden-globe","11":"tag-no","12":"tag-norge","13":"tag-norway","14":"tag-tv","15":"tag-underholdning"},"share_on_mastodon":{"url":"https:\/\/pubeurope.com\/@no\/115878930914026351","error":""},"_links":{"self":[{"href":"https:\/\/www.europesays.com\/no\/wp-json\/wp\/v2\/posts\/135023","targetHints":{"allow":["GET"]}}],"collection":[{"href":"https:\/\/www.europesays.com\/no\/wp-json\/wp\/v2\/posts"}],"about":[{"href":"https:\/\/www.europesays.com\/no\/wp-json\/wp\/v2\/types\/post"}],"author":[{"embeddable":true,"href":"https:\/\/www.europesays.com\/no\/wp-json\/wp\/v2\/users\/2"}],"replies":[{"embeddable":true,"href":"https:\/\/www.europesays.com\/no\/wp-json\/wp\/v2\/comments?post=135023"}],"version-history":[{"count":0,"href":"https:\/\/www.europesays.com\/no\/wp-json\/wp\/v2\/posts\/135023\/revisions"}],"wp:featuredmedia":[{"embeddable":true,"href":"https:\/\/www.europesays.com\/no\/wp-json\/wp\/v2\/media\/135024"}],"wp:attachment":[{"href":"https:\/\/www.europesays.com\/no\/wp-json\/wp\/v2\/media?parent=135023"}],"wp:term":[{"taxonomy":"category","embeddable":true,"href":"https:\/\/www.europesays.com\/no\/wp-json\/wp\/v2\/categories?post=135023"},{"taxonomy":"post_tag","embeddable":true,"href":"https:\/\/www.europesays.com\/no\/wp-json\/wp\/v2\/tags?post=135023"}],"curies":[{"name":"wp","href":"https:\/\/api.w.org\/{rel}","templated":true}]}}