{"id":135027,"date":"2026-01-11T23:00:13","date_gmt":"2026-01-11T23:00:13","guid":{"rendered":"https:\/\/www.europesays.com\/no\/135027\/"},"modified":"2026-01-11T23:00:13","modified_gmt":"2026-01-11T23:00:13","slug":"mesternes-mester-isabell-herlovsen-isabell-herlovsen-i-mesternes-mester-a-vaere-tvillingmamma-ga-meg-styrke","status":"publish","type":"post","link":"https:\/\/www.europesays.com\/no\/135027\/","title":{"rendered":"Mesternes Mester, Isabell Herlovsen | Isabell Herlovsen i \u00abMesternes mester\u00bb: \u2013 \u00c5 v\u00e6re tvillingmamma ga meg styrke"},"content":{"rendered":"\n<p>(<a href=\"https:\/\/www.sa.no\/smabarnslivet-ga-isabell-37-et-overraskende-fortrinn-i-mesternes-mester\/s\/5-46-1936922\" rel=\"Follow nofollow noopener\" target=\"_blank\">Sarpsborg Arbeiderblad<\/a>): Tidligere fotballproff og trebarnsmor Isabell Herlovsen er aktuell i \u00e5rets sesong av \u00abMesternes mester\u00bb.<\/p>\n<p>Selv om hun opprinnelig er fra Fredrikstad, bor hun i dag p\u00e5 Gr\u00e5lum sammen med familien sin. Og akkurat det er viktig \u00e5 presisere.<\/p>\n<p>\u2013 Som Fredrikstad-patriot sier jeg aldri navnet p\u00e5 byen jeg bor i, der g\u00e5r grensa. Derfor sier jeg kun at jeg bor p\u00e5 Gr\u00e5lum, sier hun med et glimt i \u00f8yet.<\/p>\n<p>Hun forteller at hun ofte pleier \u00e5 skylde p\u00e5 barna for at hun valgte \u00e5 flytte \u00abtil den andre byen\u00bb, og er tydelig p\u00e5 at planen er klar den dagen ungene flytter hjemmefra.<\/p>\n<p>\u2013 Da g\u00e5r flyttelasset tilbake til Fredrikstad igjen.<\/p>\n<p><b>Les ogs\u00e5: <a href=\"https:\/\/www.nettavisen.no\/kjendis\/mesternes-mester-huset-koster-nesten-300-000-kroner\/s\/5-95-2794742\" rel=\"Follow nofollow noopener\" target=\"_blank\">100.000 i uken: \u00c5rets \u00abMesternes mester\u00bb-hus er stort og flott, men ogs\u00e5 r\u00e5dyrt<\/a><\/b><\/p>\n<p>Ventet p\u00e5 riktig tidspunkt<\/p>\n<p>H\u00f8sten ble alt annet enn vanlig for 37-\u00e5ringen.<\/p>\n<p>Etter at hun la fotballskoene p\u00e5 hylla, har Herlovsen flere ganger blitt spurt om \u00e5 delta i\u00abMesternes mester\u00bb<\/p>\n<p>Totalrenovering av bolig, kombinert med sm\u00e5barnsliv, gjorde det vanskelig \u00e5 takke ja.<\/p>\n<p>\u2013 Det har aldri passet. Sist jeg ble spurt, var jeg midt i en prosess med \u00e5 bli gravid, forteller hun.<\/p>\n<p>   <img decoding=\"async\" width=\"7132\" height=\"4755\" fetchpriority=\"low\"  loading=\"lazy\"  src=\"https:\/\/www.europesays.com\/no\/wp-content\/uploads\/2026\/01\/Mesternesmester2026_Portrettbilder_Fototonjejakobsen_NordiskBanijay_NRK_DSC_1862-3+%281%29.jpg\" alt=\"Fotograf Tonje Jakobsen MM MM17 Mesternes Mester Mesternes Mester 2025 Mesternes Mester 2026 Mesternes Mester Portrett MesternesMester Nordisk Banijay Nrk NrkTV Tonje Jakobsen Film og foto\" class=\"brick-c-cFOWSL\" style=\"--brick-image-ratio: 7132 \/ 4755;\"\/><\/p>\n<p>      P\u00c5 TV: Isabell Herlovsen.<br \/>\n      Foto: Tonje Jakobsen (NRK)\n    <\/p>\n<p>Da foresp\u00f8rselen kom denne gangen, kjente hun imidlertid at tiden var inne.<\/p>\n<p>Huset var ferdig oppusset, og barna hadde blitt store nok til at hun kunne v\u00e6re borte i tre uker.<\/p>\n<p>Likevel var det en kabal som m\u00e5tte g\u00e5 opp.<\/p>\n<p>\u2013 Heldigvis fikk samboeren min, Christine, som egentlig jobber tredelt turnus, lagt om til dagvakter i perioden jeg var borte. Vi har ogs\u00e5 familie i n\u00e6rheten som kunne stille opp n\u00e5r det trengtes. Takket v\u00e6re folk rundt meg lot det seg gj\u00f8re, sier hun.<\/p>\n<p>            Hvem er Isabell Herlovsen?<\/p>\n<p>Hun var i over 15 \u00e5r blant de mest profilerte og m\u00e5lfarlige spillerne i norsk kvinnefotball. <\/p>\n<p>Isabell debuterte p\u00e5 A-landslaget allerede som 16-\u00e5ring i 2005, og ble raskt kjent som et stortalent med eksplosiv fart og h\u00f8yt temperament p\u00e5 banen. Det internasjonale gjennombruddet kom samme \u00e5r, da hun ble den yngste m\u00e5lscoreren noensinne i et EM.<\/p>\n<p>Hun representerte Norge i fire VM (2007, 2011, 2015 og 2019) og i OL 2008, og hun var flere ganger en n\u00f8kkelspiller som leverte viktige m\u00e5l. Totalt har hun spilt 133 landskamper. Med sine 67 landslagsm\u00e5l er hun den spilleren som har scoret flest m\u00e5l for Norge.<\/p>\n<p>P\u00e5 klubbniv\u00e5 spilte hun blant annet for Kolbotn, LSK Kvinner, V\u00e5lerenga og franske Lyon. Hun hadde ogs\u00e5 et kort opphold hos Jiangsu Suning i Kina. Med LSK Kvinner vant hun en rekke seriegull og cupgull, og hun deltok i Champions League med Lyon. I 2021 avsluttet hun karrieren med \u00e5 rykke opp til 2. divisjon med FFK.<\/p>\n<p>Kilde: NRK<\/p>\n<p>  \u2013 Kunne v\u00e6rt bedre trent<\/p>\n<p>Hun takket ja til \u00e5 delta i programmet bare to \u00e5r etter at hun f\u00f8dte tvillingene, og det merket hun godt under forberedelsene. Sm\u00e5barnslivet satte klare begrensninger.<\/p>\n<p>\u2013 Planen var \u00e5 trene m\u00e5lrettet f\u00f8r innspilling, men jeg fikk gjennomf\u00f8rt f\u00e6rre \u00f8kter enn jeg hadde sett for meg. Jeg kunne nok v\u00e6rt bedre trent da jeg kom dit, sier hun.<\/p>\n<p>Samtidig oppdaget hun at morsrollen ga henne et uventet fortrinn i konkurransene.<\/p>\n<p>\u2013 Jeg trener sjelden armer, men i en \u00f8velse med armstyrke overgikk jeg meg selv. Som tvillingmamma blir det mye b\u00e6ring, \u00e9n p\u00e5 hver arm, s\u00e5 jeg har dem \u00e5 takke for det, sier hun og ler.<\/p>\n<p><b>Les ogs\u00e5: <a href=\"https:\/\/www.nettavisen.no\/kjendis\/daniel-andr-tande-i-mesternes-mester-forteller-om-brorens-selvmord-et-utrolig-savn\/s\/5-95-2807642\" rel=\"Follow nofollow noopener\" target=\"_blank\">Brorens selvmord: \u2013 Et utrolig savn<\/a><\/b><\/p>\n<p>Konkurranseinstinktet lever fortsatt<\/p>\n<p>Selv om det er fem \u00e5r siden hun la opp som profesjonell fotballspiller, merket Herlovsen raskt at konkurranseinstinktet fortsatt sitter godt i.<\/p>\n<p>\u2013 Det er faktisk litt deilig \u00e5 f\u00e5 kjenne p\u00e5 det igjen, sier hun.<\/p>\n<p>   <img decoding=\"async\" width=\"3000\" height=\"2000\" fetchpriority=\"low\"  loading=\"lazy\"  src=\"https:\/\/www.europesays.com\/no\/wp-content\/uploads\/2026\/01\/Mesternesmester2026_PGM1_Bakkeeliminering_Fototonjejakobsen_NordiskBanijay_NRK_DSC_5783.jpg\" alt=\"Mesternes mester 2026\" class=\"brick-c-cFOWSL\" style=\"--brick-image-ratio: 3000 \/ 2000;\"\/><\/p>\n<p>      SLITEN: Her ligger Isabell helt utsl\u00e5tt etter \u00e5 ha tapt p\u00e5 m\u00e5lstreken mot skijentene i \u00f8velsen bakkeeliminering i f\u00f8rste episode.<br \/>\n      Foto: Tonje Jakobsen (NRK)\n    <\/p>\n<p>Det blir tydelig allerede i f\u00f8rste episode.<\/p>\n<p>\u2013 I den \u00f8velsen blir jeg skikkelig sint fordi jeg ikke klarer \u00e5 sl\u00e5 skijentene i bakkel\u00f8p. Jeg blir mest irritert p\u00e5 meg selv og over at jeg ikke presterer bedre. Men jeg kjenner meg selv godt nok til \u00e5 vite at noen minutter med frustrasjon er nok, s\u00e5 er jeg meg selv igjen, sier hun.<\/p>\n<p><b>Les ogs\u00e5: <a href=\"https:\/\/www.nettavisen.no\/kjendis\/mesternes-mester-nattesten-endret-etter-klagestorm-mot-nrk-fjerner-fordelen\/s\/5-95-2795051\" rel=\"Follow nofollow noopener\" target=\"_blank\">Klagestorm i fjor: Bekrefter endring<\/a><\/b><\/p>\n<p>Tre sm\u00e5 fans hjemme <\/p>\n<p>Herlovsen har forel\u00f8pig bare sett de to f\u00f8rste episodene, og innr\u00f8mmer at det er litt nervepirrende \u00e5 ikke vite hva som til slutt ender opp p\u00e5 TV-skjermen.<\/p>\n<p>\u2013 N\u00e5r man har kamera og mikrofon p\u00e5 seg hele tiden, blir man spent p\u00e5 hva som blir med videre. Jeg h\u00e5per folk f\u00e5r se et riktig bilde av meg, sier hun.<\/p>\n<p>Hjemme i sofaen f\u00f8lger ogs\u00e5 tre par \u00f8yne n\u00f8ye med n\u00e5r \u00abmammi\u00bb, som barna kaller henne, dukker opp p\u00e5 skjermen.<\/p>\n<p>\u2013 Eldstemann synes det er ekstra g\u00f8y, siden han er gammel nok til \u00e5 forst\u00e5 hva som skjer. F\u00f8r han s\u00e5 f\u00f8rste episode sa han derimot at han skulle heie p\u00e5 en mannlig deltaker, fordi han tror de er sterkere enn damene. Men etterp\u00e5 snudde han seg mot meg og sa: \u00abMammi, jeg heier p\u00e5 deg likevel\u00bb.<\/p>\n<p>\u2013 Heldigvis for det, hvis ikke kunne det blitt d\u00e5rlig stemning hjemme, legger hun sp\u00f8kefullt til.<\/p>\n<p>Klar for \u00e5 komme i gang igjen<\/p>\n<p>De neste ukene byr p\u00e5 b\u00e5de spenning og venting, men hvor langt hun kommer i konkurransen, holder hun tett til brystet.<\/p>\n<p>\u2013 Det er ingen som har f\u00e5tt det ut av meg, og det er ingen som kommer til \u00e5 gj\u00f8re det heller. Da forsvinner jo hele spenningen. De n\u00e6rmeste f\u00e5r bare sm\u00f8re seg med t\u00e5lmodighet.<\/p>\n<p>N\u00e5r TV-kveldene er over, venter imidlertid ikke sofakroken. Trebarnsmoren er klar for \u00e5 finne tilbake til treningsrutinene og f\u00e5 dem inn i hverdagen igjen.<\/p>\n<p>\u2013 Det dabbet veldig av etter at jeg fikk tvillingene, men n\u00e5 savner jeg \u00e5 trene like mye som jeg gjorde f\u00f8r. Jeg har satt meg som m\u00e5l om \u00e5 komme i gang igjen.<\/p>\n<p>\u2013 Har du noen r\u00e5d til andre sm\u00e5barnsforeldre som \u00f8nsker \u00e5 komme i like god form som de en gang var? <\/p>\n<p>\u2013 Det viktigste er \u00e5 huske at alt er bedre enn ingenting. F\u00e5r jeg bare tid til en halvtime med trening, s\u00e5 er det mye bedre enn \u00e5 droppe det helt. Og den halvtimen, bruker jeg hvert fall p\u00e5 \u00e5 gi alt, slik at jeg virkelig kjenner at kroppen har f\u00e5tt jobbet.<\/p>\n","protected":false},"excerpt":{"rendered":"(Sarpsborg Arbeiderblad): Tidligere fotballproff og trebarnsmor Isabell Herlovsen er aktuell i \u00e5rets sesong av \u00abMesternes mester\u00bb. Selv om&hellip;\n","protected":false},"author":2,"featured_media":135028,"comment_status":"","ping_status":"","sticky":false,"template":"","format":"standard","meta":{"footnotes":""},"categories":[59],"tags":[30,28,29,83,82],"class_list":{"0":"post-135027","1":"post","2":"type-post","3":"status-publish","4":"format-standard","5":"has-post-thumbnail","7":"category-sport","8":"tag-no","9":"tag-norge","10":"tag-norway","11":"tag-sport","12":"tag-sports"},"share_on_mastodon":{"url":"https:\/\/pubeurope.com\/@no\/115878954608279616","error":""},"_links":{"self":[{"href":"https:\/\/www.europesays.com\/no\/wp-json\/wp\/v2\/posts\/135027","targetHints":{"allow":["GET"]}}],"collection":[{"href":"https:\/\/www.europesays.com\/no\/wp-json\/wp\/v2\/posts"}],"about":[{"href":"https:\/\/www.europesays.com\/no\/wp-json\/wp\/v2\/types\/post"}],"author":[{"embeddable":true,"href":"https:\/\/www.europesays.com\/no\/wp-json\/wp\/v2\/users\/2"}],"replies":[{"embeddable":true,"href":"https:\/\/www.europesays.com\/no\/wp-json\/wp\/v2\/comments?post=135027"}],"version-history":[{"count":0,"href":"https:\/\/www.europesays.com\/no\/wp-json\/wp\/v2\/posts\/135027\/revisions"}],"wp:featuredmedia":[{"embeddable":true,"href":"https:\/\/www.europesays.com\/no\/wp-json\/wp\/v2\/media\/135028"}],"wp:attachment":[{"href":"https:\/\/www.europesays.com\/no\/wp-json\/wp\/v2\/media?parent=135027"}],"wp:term":[{"taxonomy":"category","embeddable":true,"href":"https:\/\/www.europesays.com\/no\/wp-json\/wp\/v2\/categories?post=135027"},{"taxonomy":"post_tag","embeddable":true,"href":"https:\/\/www.europesays.com\/no\/wp-json\/wp\/v2\/tags?post=135027"}],"curies":[{"name":"wp","href":"https:\/\/api.w.org\/{rel}","templated":true}]}}