{"id":135029,"date":"2026-01-11T23:01:09","date_gmt":"2026-01-11T23:01:09","guid":{"rendered":"https:\/\/www.europesays.com\/no\/135029\/"},"modified":"2026-01-11T23:01:09","modified_gmt":"2026-01-11T23:01:09","slug":"kultur-solor-kolliderer-med-ol-regner-uansett-med-full-sal","status":"publish","type":"post","link":"https:\/\/www.europesays.com\/no\/135029\/","title":{"rendered":"Kultur, Sol\u00f8r | Kolliderer med OL: Regner uansett med full sal"},"content":{"rendered":"\n<p>\u2013 OL-\u00f8velsene g\u00e5r stort sett p\u00e5 dagtid. S\u00e5 vi frykter ikke publikumssvikt. Vi lover v\u00e5rt trofaste publikum at de kommer til \u00e5 huske februarrevyen i \u00e5revis framover. Vi bryter ikke det l\u00f8ftet, lover sjefen for Vaalerrevyen, Henning Myrer.<\/p>\n<p>N\u00e5r OL i Italia \u00e5pner og Vaalerrevyen g\u00e5r p\u00e5 scenen den 6. februar i 2026, blir det fullt kj\u00f8r.<\/p>\n<p>\u2013 Vi foretok en liten unders\u00f8kelse blant publikum. De ga oss klare signal p\u00e5 at det f\u00f8r jul er det mest strid. De mener at de vil nyte revyen bedre i nettopp februar. S\u00e5 vi lytter til dem og gj\u00f8r som de \u00f8nsker, sier Myrer og selve sprellemannen p\u00e5 scenen, Kjell Erik Rostille.<\/p>\n<p>   <img decoding=\"async\" width=\"4633\" height=\"3329\" fetchpriority=\"low\"  loading=\"lazy\"  src=\"https:\/\/www.europesays.com\/no\/wp-content\/uploads\/2026\/01\/DSC00256.JPG\" alt=\"\" class=\"brick-c-cFOWSL\" style=\"--brick-image-ratio: 4633 \/ 3329;\"\/><\/p>\n<p>      IVRIGE: Denne gjengen er ivrig etter \u00e5 komme seg p\u00e5 scenen i bakgrunnen. Fra venstre Tore Johnny Oppeg\u00e5rd, Henning Myrer, Ida Bismo Lerudsmoen, Kjell Erik Rostille, Linda Bareksten og  Liv Merete Djupvik.<br \/>\n      Foto: Foto: Sverre Viggen\n    <\/p>\n<p>Revyen spilles fire ganger, og de to revyveteranene mener at gj\u00f8r de norske ut\u00f8verne i OL det bra, er det grunn til \u00e5 feire med en revy. G\u00e5r det d\u00e5rlig, kan man tr\u00f8ste seg med revyen i V\u00e5ler kommunelokale.<\/p>\n<p>\u00abBrutte l\u00f8fter\u00bb<\/p>\n<p>Dette er navnet p\u00e5 den 11. Vaalerrevyen. N\u00e5 er man ikke langt unna et nytt jubileum. For etter februarrevyen neste \u00e5r blir den deretter dusinet fullt.<\/p>\n<p>S\u00e5 lurer selvsagt mange p\u00e5 hva som skjuler seg under tittelen \u00abBrutte l\u00f8fter\u00bb.<\/p>\n<p>\u2013 Det kan v\u00e6re mye det. Lokalpolitikken er full av muligheter. Det gjelder ogs\u00e5 p\u00e5 den nasjonale politiske scenen. Og i verden ogs\u00e5. Utgangspunktet er knyttet til stortingsvalget og hvor fort regjeringen sto fram og br\u00f8t l\u00f8fter p\u00e5 rekke og rad, sier Henning Myrer til \u00d8stlendingen.<\/p>\n<p>Nytt band under ledelse av Oliver Br\u00e5ten blir husbandet under forestillingene i den 11. revyen.<\/p>\n<p>Noen av de medvirkende i tidligere revyer har gitt seg. Men det er ogs\u00e5 tilgang av nye som gjerne vil bidra p\u00e5 scenen.<\/p>\n<p>\u2013 Det er virkelig moro. Og ekstra moro er at det er lokale personer som blir med. Ida Bismo Lerudsmoen fra Rudskrets her i V\u00e5ler er ny n\u00e5 og klar til \u00e5 g\u00e5 p\u00e5 scenen, forteller Henning Myrer.<\/p>\n<p>N\u00e5 er de seks personer i full sving ved skrivebordet. De kaster fram ideer, tar tak i dem og lager elleville innslag som skal f\u00e5 publikum til \u00e5 storkose seg.<\/p>\n<p>   <img decoding=\"async\" width=\"2038\" height=\"3195\" fetchpriority=\"low\"  loading=\"lazy\"  src=\"https:\/\/www.europesays.com\/no\/wp-content\/uploads\/2026\/01\/dc31ec83-e27d-4e76-8c76-1d5ae12776d3.jpg\" alt=\"\" class=\"brick-c-cFOWSL\" style=\"--brick-image-ratio: 2038 \/ 3195;\"\/><\/p>\n<p>      SPRELLEMANN:  Kjell Erik Rostille er snart klar for \u00e5 slippe seg l\u00f8s p\u00e5 scenen igjen.<br \/>\n      Foto: Sverre Viggen\n    <\/p>\n<p>Vaalerrevyen har alltid v\u00e6rt sangsterk. Det lover ut\u00f8verne at det blir denne gangen ogs\u00e5. Og det kommer ingen brutte l\u00f8fter i den sammenheng.<\/p>\n<p>Billettsalget i gang<\/p>\n<p>Folk er alt i gang med \u00e5 sikre seg billetter til forestillingene i februar.<\/p>\n<p>Billettsalget er denne gang helt digitalt via hjemmesiden til Vaalerrevyen.<\/p>\n<p>\u2013 Det er lettvintere for oss, og vi f\u00e5r en mye bedre kontroll p\u00e5 det hele. I utgangspunktet blir det ikke billetter \u00e5 f\u00e5 luka ved inngang denne gangen. Men er det noen som f\u00e5r problem med \u00e5 kj\u00f8pe digitalt, kan de ringe oss s\u00e5 skal vi finne en l\u00f8sning p\u00e5 det, sier Myrer.<\/p>\n<p>Det kan l\u00f8nne seg \u00e5 v\u00e6re tidlige ute med billettkj\u00f8pet. For mens det tidligere var fem forestillinger, blir det n\u00e5 fire-.<\/p>\n<p>Det pleier \u00e5 v\u00e6re mellom 520 \u2013 og 560 totalt personer som ser revyen.\u00a0<\/p>\n<p>\u2013 Vi h\u00e5per at det skal bli slik denne gangen ogs\u00e5. Og n\u00e5 m\u00e5 det skje i l\u00f8pet av fire forestillinger. Vi finner plass til mellom 130 \u2013 og 150 personer pr. forestilling, lover Vaalerrevyens Henning Myrer.<\/p>\n<p>Skal holde ut<\/p>\n<p>Det er mange revylag rundt om som avvikler sin virksomhet.\u00a0<\/p>\n<p>\u2013 Det handler om tid og \u00f8konomi. Vi er veldig heldige og har mange gode lokale sponsorer. Uten disse hadde det blitt vanskelig. Det er disse som s\u00f8rger for at vi kommer i m\u00e5l \u00e5r etter \u00e5r. Vi har mange i ryggen som ogs\u00e5 synes dette er moro, forteller Myrer og Rostille.<\/p>\n<p>   <img decoding=\"async\" width=\"2000\" height=\"1240\" fetchpriority=\"low\"  loading=\"lazy\"  src=\"https:\/\/www.europesays.com\/no\/wp-content\/uploads\/2026\/01\/370a7e68-1212-4b29-998c-6ce9725555f6.jpg\" alt=\"\" class=\"brick-c-cFOWSL\" style=\"--brick-image-ratio: 2000 \/ 1240;\"\/><\/p>\n<p>      MYE SANG: Det blir mye sang i revyen, som det alltid har v\u00e6rt. Her fra en tidligere revy.<br \/>\n      Foto: Sverre Viggen\n    <\/p>\n<p>De har ingen tanker om \u00e5 avvikle. De vil heller utvikle Vaalerrevyen ytterligere. For mens publikum i salen storkoser seg, gj\u00f8r de seks p\u00e5 scenen minst det samme.<\/p>\n","protected":false},"excerpt":{"rendered":"\u2013 OL-\u00f8velsene g\u00e5r stort sett p\u00e5 dagtid. S\u00e5 vi frykter ikke publikumssvikt. Vi lover v\u00e5rt trofaste publikum at&hellip;\n","protected":false},"author":2,"featured_media":135030,"comment_status":"","ping_status":"","sticky":false,"template":"","format":"standard","meta":{"footnotes":""},"categories":[58],"tags":[36,71,410,30,28,29,478,1510,72,15526,1986],"class_list":{"0":"post-135029","1":"post","2":"type-post","3":"status-publish","4":"format-standard","5":"has-post-thumbnail","7":"category-underholdning","8":"tag-art","9":"tag-entertainment","10":"tag-kultur","11":"tag-no","12":"tag-norge","13":"tag-norway","14":"tag-solor","15":"tag-story","16":"tag-underholdning","17":"tag-vaalerrevyen","18":"tag-valer"},"share_on_mastodon":{"url":"https:\/\/pubeurope.com\/@no\/115878958398243737","error":""},"_links":{"self":[{"href":"https:\/\/www.europesays.com\/no\/wp-json\/wp\/v2\/posts\/135029","targetHints":{"allow":["GET"]}}],"collection":[{"href":"https:\/\/www.europesays.com\/no\/wp-json\/wp\/v2\/posts"}],"about":[{"href":"https:\/\/www.europesays.com\/no\/wp-json\/wp\/v2\/types\/post"}],"author":[{"embeddable":true,"href":"https:\/\/www.europesays.com\/no\/wp-json\/wp\/v2\/users\/2"}],"replies":[{"embeddable":true,"href":"https:\/\/www.europesays.com\/no\/wp-json\/wp\/v2\/comments?post=135029"}],"version-history":[{"count":0,"href":"https:\/\/www.europesays.com\/no\/wp-json\/wp\/v2\/posts\/135029\/revisions"}],"wp:featuredmedia":[{"embeddable":true,"href":"https:\/\/www.europesays.com\/no\/wp-json\/wp\/v2\/media\/135030"}],"wp:attachment":[{"href":"https:\/\/www.europesays.com\/no\/wp-json\/wp\/v2\/media?parent=135029"}],"wp:term":[{"taxonomy":"category","embeddable":true,"href":"https:\/\/www.europesays.com\/no\/wp-json\/wp\/v2\/categories?post=135029"},{"taxonomy":"post_tag","embeddable":true,"href":"https:\/\/www.europesays.com\/no\/wp-json\/wp\/v2\/tags?post=135029"}],"curies":[{"name":"wp","href":"https:\/\/api.w.org\/{rel}","templated":true}]}}