{"id":135031,"date":"2026-01-11T23:07:08","date_gmt":"2026-01-11T23:07:08","guid":{"rendered":"https:\/\/www.europesays.com\/no\/135031\/"},"modified":"2026-01-11T23:07:08","modified_gmt":"2026-01-11T23:07:08","slug":"michael-carrick-favoritt-til-a-bli-manchester-united-manager","status":"publish","type":"post","link":"https:\/\/www.europesays.com\/no\/135031\/","title":{"rendered":"Michael Carrick favoritt til \u00e5 bli Manchester United-manager"},"content":{"rendered":"\n<p class=\"_lead_o9xde_2 _lead_xtcu6_50 layout-component text-serif-m layout-normal text-serif-l layout-component layout-wide layout-padded _wide_17hqh_1 layout-padded\">Den tidligere assistenten til Ole Gunnar Solskj\u00e6r leder kampen om jobben, melder avisen.<\/p>\n<p><img alt=\" Foto: Dave Thompson \/ AP \/ NTB\" class=\"_image_qp4xg_65 layout-component layout-wide\" data-fullscreen- data-track-element-type=\"Article image fullscreen\" data-track-name=\"ImageFullscreen\" fetchpriority=\"high\" decoding=\"sync\" loading=\"eager\" height=\"906\" itemprop=\"image\"  src=\"https:\/\/www.europesays.com\/no\/wp-content\/uploads\/2026\/01\/6978fbcd-0a62-416b-8857-ed1291596cb0.jpeg\"  style=\"object-position:0% 0%\" width=\"1359\"\/> Foto: Dave Thompson \/ AP \/ NTB<\/p>\n<ul aria-hidden=\"true\" class=\"_images_ntbth_112\">\n<li><a class=\"_link_ntbth_117\" href=\"https:\/\/www.vg.no\/forfatter\/jostein-overvik\" style=\"z-index:1\" title=\"Jostein Overvik\" rel=\"nofollow noopener\" target=\"_blank\"><img alt=\"Bilde av Jostein Overvik\" class=\"_image_ntbth_93\" fetchpriority=\"low\" loading=\"lazy\" decoding=\"async\" itemprop=\"image\"  src=\"https:\/\/www.europesays.com\/no\/wp-content\/uploads\/2026\/01\/1768172828_79_9167fa6a-7320-4d6f-b3c9-6c4ecb8beb8c.jpeg\"  width=\"480\"\/><\/a><\/li>\n<\/ul>\n<p> Oppdatert s\u00f8ndag 11. januar kl. 23:55     <\/p>\n<p class=\"_paragraph_o9xde_4 _paragraph_xtcu6_10 layout-component text-serif-m layout-normal text-serif-m layout-padded\">Michael Carrick har g\u00e5tt forbi Ole Gunnar Solskj\u00e6r som favoritt til \u00e5 bli <a href=\"https:\/\/www.vg.no\/tag\/manchester-united?utm_source=vg-article&amp;utm_medium=auto-tagger&amp;utm_campaign=GxayLB\" class=\"_link_o9xde_39\" rel=\"nofollow noopener\" target=\"_blank\">Manchester Uniteds<\/a> midlertidige manager resten av sesongen, skriver\u00a0<a href=\"https:\/\/www.theguardian.com\/football\/2026\/jan\/11\/darren-fletcher-in-dark-over-his-future-after-manchester-uniteds-cup-exit?CMP=Share_iOSApp_Other\" class=\"_link_o9xde_39\" rel=\"nofollow noopener\" target=\"_blank\">The Guardians <\/a>United-korrespondent Jamie Jackson, som har fulgt klubben tett i mange \u00e5r.<\/p>\n<p class=\"_paragraph_o9xde_4 _paragraph_xtcu6_10 layout-component text-serif-m layout-normal text-serif-m layout-padded\">United-ledelsen skal ta den endelige avgj\u00f8relsen mandag, if\u00f8lge avisen.<\/p>\n<p class=\"_paragraph_o9xde_4 _paragraph_xtcu6_10 layout-component text-serif-m layout-normal text-serif-m layout-padded\">B\u00e5de Carrick og Solskj\u00e6r skal ha hatt ansikt-til-ansikt-m\u00f8ter med toppledelsen. Administrerende direkt\u00f8r Omar Berrada og fotballdirekt\u00f8r Jason Wilcox m\u00f8tte Carrick torsdag og Solskj\u00e6r angivelig l\u00f8rdag p\u00e5 treningsanlegget Carrington.<\/p>\n<p class=\"_paragraph_o9xde_4 _paragraph_xtcu6_10 layout-component text-serif-m layout-normal text-serif-m layout-padded\">Solskj\u00e6r ble opprinnelig sett p\u00e5 som hovedkandidaten til \u00e5 returnere til United, hvor han var manager fra desember 2018 til november 2021. Men n\u00e5 skal Carrick ha tatt ledelsen i kampen om jobben.<\/p>\n<p class=\"_paragraph_o9xde_4 _paragraph_xtcu6_10 layout-component text-serif-m layout-normal text-serif-m layout-padded\">Samtidig innr\u00f8mmer midlertidig manager Darren Fletcher at han ikke vet hva som skjer med hans fremtid.<\/p>\n<p class=\"_paragraph_o9xde_4 _paragraph_xtcu6_10 layout-component text-serif-m layout-normal text-serif-m layout-padded\">\u2013 Jeg har ikke hatt noen diskusjoner. Jeg m\u00e5 m\u00f8te opp p\u00e5 Carrington i morgen tidlig, det er alt jeg vet, sa Fletcher etter 1-2-tapet mot Brighton i FA-cupen s\u00f8ndag.<\/p>\n<p class=\"_paragraph_o9xde_4 _paragraph_xtcu6_10 layout-component text-serif-m layout-normal text-serif-m layout-padded\">Det var Fletchers andre kamp som midlertidig sjef, etter 2-2 mot Burnley onsdag.<\/p>\n<p class=\"_paragraph_o9xde_4 _paragraph_xtcu6_10 layout-component text-serif-m layout-normal text-serif-m layout-padded\">Fletcher beskrev United-spillerne som \u00abskj\u00f8re\u00bb etter cupexiten.<\/p>\n<p class=\"_paragraph_o9xde_4 _paragraph_xtcu6_10 layout-component text-serif-m layout-normal text-serif-m layout-padded\">Tapet betyr at United er ute av b\u00e5de FA-cupen og ligacupen ved f\u00f8rste mulighet for f\u00f8rste gang siden 1981\/82-sesongen.<\/p>\n<p class=\"_paragraph_o9xde_4 _paragraph_xtcu6_10 layout-component text-serif-m layout-normal text-serif-m layout-padded\">\u2013 Du kan se at spillerne er skj\u00f8re og de m\u00e5 bygge seg selv opp, sa Fletcher.<\/p>\n<p class=\"_paragraph_o9xde_4 _paragraph_xtcu6_10 layout-component text-serif-m layout-normal text-serif-m layout-padded\">United ligger p\u00e5 sjuendeplass med 32 poeng, tre poeng bak Liverpool p\u00e5 fjerdeplassen som gir sikker Champions League-plass.<\/p>\n","protected":false},"excerpt":{"rendered":"Den tidligere assistenten til Ole Gunnar Solskj\u00e6r leder kampen om jobben, melder avisen. Foto: Dave Thompson \/ AP&hellip;\n","protected":false},"author":2,"featured_media":135032,"comment_status":"","ping_status":"","sticky":false,"template":"","format":"standard","meta":{"footnotes":""},"categories":[59],"tags":[92,158,30,28,29,505,83,82],"class_list":{"0":"post-135031","1":"post","2":"type-post","3":"status-publish","4":"format-standard","5":"has-post-thumbnail","7":"category-sport","8":"tag-fotball","9":"tag-manchester-united","10":"tag-no","11":"tag-norge","12":"tag-norway","13":"tag-ole-gunnar-solskjaer","14":"tag-sport","15":"tag-sports"},"share_on_mastodon":{"url":"https:\/\/pubeurope.com\/@no\/115878982097892717","error":""},"_links":{"self":[{"href":"https:\/\/www.europesays.com\/no\/wp-json\/wp\/v2\/posts\/135031","targetHints":{"allow":["GET"]}}],"collection":[{"href":"https:\/\/www.europesays.com\/no\/wp-json\/wp\/v2\/posts"}],"about":[{"href":"https:\/\/www.europesays.com\/no\/wp-json\/wp\/v2\/types\/post"}],"author":[{"embeddable":true,"href":"https:\/\/www.europesays.com\/no\/wp-json\/wp\/v2\/users\/2"}],"replies":[{"embeddable":true,"href":"https:\/\/www.europesays.com\/no\/wp-json\/wp\/v2\/comments?post=135031"}],"version-history":[{"count":0,"href":"https:\/\/www.europesays.com\/no\/wp-json\/wp\/v2\/posts\/135031\/revisions"}],"wp:featuredmedia":[{"embeddable":true,"href":"https:\/\/www.europesays.com\/no\/wp-json\/wp\/v2\/media\/135032"}],"wp:attachment":[{"href":"https:\/\/www.europesays.com\/no\/wp-json\/wp\/v2\/media?parent=135031"}],"wp:term":[{"taxonomy":"category","embeddable":true,"href":"https:\/\/www.europesays.com\/no\/wp-json\/wp\/v2\/categories?post=135031"},{"taxonomy":"post_tag","embeddable":true,"href":"https:\/\/www.europesays.com\/no\/wp-json\/wp\/v2\/tags?post=135031"}],"curies":[{"name":"wp","href":"https:\/\/api.w.org\/{rel}","templated":true}]}}