{"id":135042,"date":"2026-01-11T23:31:11","date_gmt":"2026-01-11T23:31:11","guid":{"rendered":"https:\/\/www.europesays.com\/no\/135042\/"},"modified":"2026-01-11T23:31:11","modified_gmt":"2026-01-11T23:31:11","slug":"gaming-vil-bli-dyrere","status":"publish","type":"post","link":"https:\/\/www.europesays.com\/no\/135042\/","title":{"rendered":"\u2013 Gaming vil bli dyrere"},"content":{"rendered":"<p>Under teknologimessen CES, som vi har dekket gjennom <a href=\"https:\/\/www.gamer.no\/emne\/hardware\" rel=\"nofollow noopener\" target=\"_blank\">en rekke artikler<\/a>, advarte Samsung om at prisene p\u00e5 TV-er og annen elektronikk vil stige markant i tiden fremover.<\/p>\n<p><strong>\u2013 Vi st\u00e5r overfor en av de t\u00f8ffeste prissituasjonene noensinne, advarte Samsungs administrerende direkt\u00f8r, TM Roh, til et samlet pressekorps under messen. <\/strong><\/p>\n<p>En ekstrem \u00f8kning i ettersp\u00f8rselen av viktige komponenter og halvledere skal v\u00e6re \u00e5rsaken. Den enorme veksten innen kunstig intelligens, fra tekstroboter til tunge bilde- og videogeneratorer, krever massiv datakraft.<\/p>\n<p>Flere teknologiselskaper bygger datasentre i rekordfart for \u00e5 drifte fremtidige KI-modeller, noe som gj\u00f8r at markedet st\u00f8vsuges for lagringsenheter, serverdeler og minnebrikker. <\/p>\n<p><strong>Markedet t\u00f8mmes for deler som ikke er produsert, til bygninger som ikke er bygget, for tjenester man ikke vet om blir l\u00f8nnsomme. <\/strong><\/p>\n<p>        <a href=\"https:\/\/i.bo3.no\/image\/389596\/Testbenk_4.jpg?c=0&amp;h=1280&amp;w=1920\" rel=\"nofollow noopener\" target=\"_blank\"><\/p>\n<p>        <img decoding=\"async\" onload=\"this.style = null\" src=\"https:\/\/www.europesays.com\/no\/wp-content\/uploads\/2026\/01\/1768174271_788_Testbenk_4.jpg\" style=\"background-image: url('data:image\/jpeg;base64,\/9j\/4QC8RXhpZgAASUkqAAgAAAAGABIBAwABAAAAAQAAABoBBQABAAAAVgAAABsBBQABAAAAXgAAACgBAwABAAAAAgAAABMCAwABAAAAAQAAAGmHBAABAAAAZgAAAAAAAADgkwQA6AMAAOCTBADoAwAABgAAkAcABAAAADAyMTABkQcABAAAAAECAwAAoAcABAAAADAxMDABoAMAAQAAAP\/\/AAACoAQAAQAAAB4AAAADoAQAAQAAABQAAAAAAAAA\/9sAQwAIBgYHBgUIBwcHCQkICgwUDQwLCwwZEhMPFB0aHx4dGhwcICQuJyAiLCMcHCg3KSwwMTQ0NB8nOT04MjwuMzQy\/9sAQwEJCQkMCwwYDQ0YMiEcITIyMjIyMjIyMjIyMjIyMjIyMjIyMjIyMjIyMjIyMjIyMjIyMjIyMjIyMjIyMjIyMjIy\/8AAEQgAFAAeAwEiAAIRAQMRAf\/EAB8AAAEFAQEBAQEBAAAAAAAAAAABAgMEBQYHCAkKC\/\/EALUQAAIBAwMCBAMFBQQEAAABfQECAwAEEQUSITFBBhNRYQcicRQygZGhCCNCscEVUtHwJDNicoIJChYXGBkaJSYnKCkqNDU2Nzg5OkNERUZHSElKU1RVVldYWVpjZGVmZ2hpanN0dXZ3eHl6g4SFhoeIiYqSk5SVlpeYmZqio6Slpqeoqaqys7S1tre4ubrCw8TFxsfIycrS09TV1tfY2drh4uPk5ebn6Onq8fLz9PX29\/j5+v\/EAB8BAAMBAQEBAQEBAQEAAAAAAAABAgMEBQYHCAkKC\/\/EALURAAIBAgQEAwQHBQQEAAECdwABAgMRBAUhMQYSQVEHYXETIjKBCBRCkaGxwQkjM1LwFWJy0QoWJDThJfEXGBkaJicoKSo1Njc4OTpDREVGR0hJSlNUVVZXWFlaY2RlZmdoaWpzdHV2d3h5eoKDhIWGh4iJipKTlJWWl5iZmqKjpKWmp6ipqrKztLW2t7i5usLDxMXGx8jJytLT1NXW19jZ2uLj5OXm5+jp6vLz9PX29\/j5+v\/aAAwDAQACEQMRAD8A7y4v7OxI+0yqmfWmDXNOZMrOpFc74w0O61hozbHp1rlx4S16BNqN8tR7vU2vK+h6BceI9LhPz3Kj8asWeoQ3kfmwSBkPcV5RdeB9cum3SN0967vwtp0+m6UtvN98VEkuhcXLqdDCx2ipHY4oopSGiBmOKjZiqjFFFT0KP\/\/Z');background-size:cover;background-position:50% 50%;\" class=\"image-container__image \" width=\"1000\" height=\"667\" loading=\"lazy\" fetchpriority=\"auto\" \/><\/p>\n<p>        <\/a><\/p>\n<p>                                    Mange har allerede merket at RAM koster skjorta for tiden.<\/p>\n<p>                        Mikkjell L\u00f8nning\n                    <\/p>\n<p>Konsekvensen, som vi har v\u00e6rt innom, er at prisen p\u00e5 \u00abvanlige\u00bb komponenter som er mye brukt til produksjon av spillkonsoller og tilbeh\u00f8r skyter i v\u00e6ret. <\/p>\n<p>Samsung har allerede doblet prisen p\u00e5 sine DDR5 RAM-brikker som de selger til andre produsenter. V\u00e5r hardware-redakt\u00f8r Mikkjell L\u00f8nning fortalte blant annet om \u00e9n komponent til sin nye PC-rigg som hadde <a href=\"https:\/\/www.gamer.no\/artikler\/her-er-var-nye-testrigg-ein-komponent-sjudobla-i-pris-pa-tre-manadar\/519769\" rel=\"nofollow noopener\" target=\"_blank\">syvdoblet i pris p\u00e5 tre m\u00e5neder<\/a>. <\/p>\n<p>Samsungs globale markedssjef, Wonjin Lee, snakket ogs\u00e5 om utviklingen i et intervju med Bloomberg for noen dager siden. <\/p>\n<p><strong>\u2013 Prisene g\u00e5r opp selv mens vi snakker. Vi \u00f8nsker selvsagt ikke \u00e5 legge den byrden over p\u00e5 forbrukerne, men vi n\u00e6rmer oss et punkt der vi faktisk m\u00e5 vurdere \u00e5 prise produktene v\u00e5re p\u00e5 nytt, uttalte Lee til \u00f8konomiavisen. <\/strong><\/p>\n<p>Dette rammer ogs\u00e5 TV-markedet hardt, da dagens smart-TV-er i praksis er kraftige datamaskiner som sl\u00e5ss om de samme minnebrikkene og prosessorene.<\/p>\n<p>I tillegg til at priser p\u00e5 skjermer forventes \u00e5 \u00f8ke, vil en dobling i minnepriser p\u00e5virke GPU-markedet, som igjen vil gj\u00f8re det dyrere \u00e5 bygge, eller oppgradere, egen PC. Det kan ogs\u00e5 p\u00e5virke prisniv\u00e5et for fremtidige konsoller, i tillegg til at nye konsoller potensielt kan lanseres senere p\u00e5 grunn av manglende deler.<\/p>\n<p>Da PlayStation 5 ble lansert var det nesten umulig \u00e5 f\u00e5 tak i konsollen i lang tid nettopp p\u00e5 grunn av h\u00f8y ettersp\u00f8rsel etter komponenter. <\/p>\n","protected":false},"excerpt":{"rendered":"Under teknologimessen CES, som vi har dekket gjennom en rekke artikler, advarte Samsung om at prisene p\u00e5 TV-er&hellip;\n","protected":false},"author":2,"featured_media":135043,"comment_status":"","ping_status":"","sticky":false,"template":"","format":"standard","meta":{"footnotes":""},"categories":[56],"tags":[60,61,62,30,28,29],"class_list":{"0":"post-135042","1":"post","2":"type-post","3":"status-publish","4":"format-standard","5":"has-post-thumbnail","7":"category-naeringsliv","8":"tag-business","9":"tag-economy","10":"tag-naeringsliv","11":"tag-no","12":"tag-norge","13":"tag-norway"},"share_on_mastodon":{"url":"https:\/\/pubeurope.com\/@no\/115879076321744656","error":""},"_links":{"self":[{"href":"https:\/\/www.europesays.com\/no\/wp-json\/wp\/v2\/posts\/135042","targetHints":{"allow":["GET"]}}],"collection":[{"href":"https:\/\/www.europesays.com\/no\/wp-json\/wp\/v2\/posts"}],"about":[{"href":"https:\/\/www.europesays.com\/no\/wp-json\/wp\/v2\/types\/post"}],"author":[{"embeddable":true,"href":"https:\/\/www.europesays.com\/no\/wp-json\/wp\/v2\/users\/2"}],"replies":[{"embeddable":true,"href":"https:\/\/www.europesays.com\/no\/wp-json\/wp\/v2\/comments?post=135042"}],"version-history":[{"count":0,"href":"https:\/\/www.europesays.com\/no\/wp-json\/wp\/v2\/posts\/135042\/revisions"}],"wp:featuredmedia":[{"embeddable":true,"href":"https:\/\/www.europesays.com\/no\/wp-json\/wp\/v2\/media\/135043"}],"wp:attachment":[{"href":"https:\/\/www.europesays.com\/no\/wp-json\/wp\/v2\/media?parent=135042"}],"wp:term":[{"taxonomy":"category","embeddable":true,"href":"https:\/\/www.europesays.com\/no\/wp-json\/wp\/v2\/categories?post=135042"},{"taxonomy":"post_tag","embeddable":true,"href":"https:\/\/www.europesays.com\/no\/wp-json\/wp\/v2\/tags?post=135042"}],"curies":[{"name":"wp","href":"https:\/\/api.w.org\/{rel}","templated":true}]}}