{"id":135046,"date":"2026-01-12T00:10:13","date_gmt":"2026-01-12T00:10:13","guid":{"rendered":"https:\/\/www.europesays.com\/no\/135046\/"},"modified":"2026-01-12T00:10:13","modified_gmt":"2026-01-12T00:10:13","slug":"gruppe-tok-seg-inn-pa-omradet-til-irans-ambassade-i-oslo","status":"publish","type":"post","link":"https:\/\/www.europesays.com\/no\/135046\/","title":{"rendered":"Gruppe tok seg inn p\u00e5 omr\u00e5det til Irans ambassade i Oslo"},"content":{"rendered":"\n<p class=\"_lead_o9xde_2 _lead_xtcu6_50 layout-component text-serif-m layout-normal text-serif-l layout-component layout-wide layout-padded _wide_17hqh_1 layout-padded\">En gruppe eksiliranere tok seg s\u00f8ndag kveld inn p\u00e5 omr\u00e5det til den iranske ambassaden i Oslo og byttet ut flagget og skrev slagord.<\/p>\n<ul class=\"_gallery_1qa3s_23\" tabindex=\"0\">\n<li class=\"_item_1qa3s_37\" data-index=\"0\"><img fetchpriority=\"high\" decoding=\"async\" class=\"_image_foru8_23 _introGallery_foru8_43\" data-fullscreen- width=\"7030\" height=\"4686\" itemprop=\"image\" loading=\"eager\"  src=\"https:\/\/www.europesays.com\/no\/wp-content\/uploads\/2026\/01\/66976621-f97e-4fee-844a-3b9e27ce6143.jpeg\"  style=\"object-position:50% 50%;aspect-ratio:var(--gallery-aspect-ratio, 16 \/ 9)\"\/>En person sprayet \u00abJavid Shah\u00bb som betyr \u00abLeve sjahen\u00bb p\u00e5 veggen.  Foto: Javad Parsa \/ NTB<\/li>\n<li class=\"_item_1qa3s_37\" data-index=\"1\"><img decoding=\"async\" class=\"_image_foru8_23 _introGallery_foru8_43\" data-fullscreen- width=\"7952\" height=\"5302\" itemprop=\"image\" loading=\"lazy\"  src=\"https:\/\/www.europesays.com\/no\/wp-content\/uploads\/2026\/01\/1610a732-552b-4edf-ba82-dd8585e6127a.jpeg\"  style=\"object-position:50% 50%;aspect-ratio:var(--gallery-aspect-ratio, 16 \/ 9)\"\/>Politiet rykket ut til Irans ambassade etter at e gruppe eksiliranere tok seg inn p\u00e5 ambassadens omr\u00e5de sent s\u00f8ndag kveld.  Foto: Javad Parsa \/ NTB<\/li>\n<li class=\"_item_1qa3s_37\" data-index=\"2\"><img decoding=\"async\" class=\"_image_foru8_23 _introGallery_foru8_43\" data-fullscreen- width=\"3052\" height=\"2035\" itemprop=\"image\" loading=\"lazy\"  src=\"https:\/\/www.europesays.com\/no\/wp-content\/uploads\/2026\/01\/7a9dce94-b137-4e16-9916-967792133cb9.jpeg\"  style=\"object-position:50% 50%;aspect-ratio:var(--gallery-aspect-ratio, 16 \/ 9)\"\/>Gruppen som tok seg inn p\u00e5 ambassadeomr\u00e5det s\u00f8ndag kveld, firte det iranske flagget og byttet det ut med et flagg fra f\u00f8r den islamske revolusjonen i 1979.  Foto: Javad Parsa \/ NTB<\/li>\n<\/ul>\n<p>En person sprayet \u00abJavid Shah\u00bb som betyr \u00abLeve sjahen\u00bb p\u00e5 veggen.  Foto: Javad Parsa \/ NTB<\/p>\n<ul aria-hidden=\"true\" class=\"_images_ntbth_112\">\n<li><a class=\"_link_ntbth_117\" href=\"https:\/\/www.vg.no\/forfatter\/ntb\" style=\"z-index:1\" title=\"NTB\" rel=\"nofollow noopener\" target=\"_blank\"><img alt=\"Bilde av NTB\" class=\"_image_ntbth_93\" fetchpriority=\"low\" loading=\"lazy\" decoding=\"async\" itemprop=\"image\"  src=\"https:\/\/www.europesays.com\/no\/wp-content\/uploads\/2026\/01\/1768176613_217_c33980b0-5d07-4027-84a1-813f90a7c8d6.png\"  width=\"480\"\/><\/a><\/li>\n<\/ul>\n<p> Oppdatert mandag 12. januar kl. 00:34     <\/p>\n<p class=\"_paragraph_o9xde_4 _paragraph_xtcu6_10 layout-component text-serif-m layout-normal text-serif-m layout-padded\">Det iranske flagget ble erstattet med det gamle flagget fra f\u00f8r revolusjonen i 1979. <\/p>\n<p class=\"_paragraph_o9xde_4 _paragraph_xtcu6_10 layout-component text-serif-m layout-normal text-serif-m layout-padded\">Det ble ogs\u00e5 sprayet \u00abJavid shah\u00bb \u2013 \u00ableve sjahen\u00bb \u2013 p\u00e5 veggen, forteller en NTB-fotograf p\u00e5 stedet.<\/p>\n<p class=\"_paragraph_o9xde_4 _paragraph_xtcu6_10 layout-component text-serif-m layout-normal text-serif-m layout-padded\">\u2013 Det har v\u00e6rt noe skadeverk p\u00e5 en bygning inne p\u00e5 ambassadens omr\u00e5de, bekrefter operasjonsleder Alexander \u00d8sterhaug i <a href=\"https:\/\/www.vg.no\/tag\/oslo-politidistrikt?utm_source=vg-article&amp;utm_medium=auto-tagger&amp;utm_campaign=431BkE\" class=\"_link_o9xde_39\" rel=\"nofollow noopener\" target=\"_blank\">Oslo politidistrikt<\/a> til NTB.<\/p>\n<p class=\"_paragraph_o9xde_4 _paragraph_xtcu6_10 layout-component text-serif-m layout-normal text-serif-m layout-padded\">\u2013 Vi jobber med \u00e5 sikre spor og s\u00f8ker etter gjerningspersoner. Det er nevnt at det var flere personer, muligens fire-fem personer, sier \u00d8sterhaug.<\/p>\n<p class=\"_paragraph_o9xde_4 _paragraph_xtcu6_10 layout-component text-serif-m layout-normal text-serif-m layout-padded\">Han sier politiet fikk melding om hendelsen rundt 23.35 s\u00f8ndag kveld.<\/p>\n<p class=\"_paragraph_o9xde_4 _paragraph_xtcu6_10 layout-component text-serif-m layout-normal text-serif-m layout-padded\">\u2013 Det er ikke st\u00e5ende vakthold ved ambassaden, men vi kom raskt til stedet, forteller operasjonslederen. <\/p>\n","protected":false},"excerpt":{"rendered":"En gruppe eksiliranere tok seg s\u00f8ndag kveld inn p\u00e5 omr\u00e5det til den iranske ambassaden i Oslo og byttet&hellip;\n","protected":false},"author":2,"featured_media":135047,"comment_status":"","ping_status":"","sticky":false,"template":"","format":"standard","meta":{"footnotes":""},"categories":[5],"tags":[20,21,24,25,15,19,3228,22,23,17,18,13,30,28,29,14,1597,16,26,27],"class_list":{"0":"post-135046","1":"post","2":"type-post","3":"status-publish","4":"format-standard","5":"has-post-thumbnail","7":"category-overskrifter","8":"tag-breaking-news","9":"tag-breakingnews","10":"tag-featured-news","11":"tag-featurednews","12":"tag-headlines","13":"tag-hovedoppslag","14":"tag-iran","15":"tag-latest-news","16":"tag-latestnews","17":"tag-main-news","18":"tag-mainnews","19":"tag-news","20":"tag-no","21":"tag-norge","22":"tag-norway","23":"tag-nyheter","24":"tag-oslo-politidistrikt","25":"tag-overskrifter","26":"tag-top-stories","27":"tag-topstories"},"share_on_mastodon":{"url":"https:\/\/pubeurope.com\/@no\/115879229724279053","error":""},"_links":{"self":[{"href":"https:\/\/www.europesays.com\/no\/wp-json\/wp\/v2\/posts\/135046","targetHints":{"allow":["GET"]}}],"collection":[{"href":"https:\/\/www.europesays.com\/no\/wp-json\/wp\/v2\/posts"}],"about":[{"href":"https:\/\/www.europesays.com\/no\/wp-json\/wp\/v2\/types\/post"}],"author":[{"embeddable":true,"href":"https:\/\/www.europesays.com\/no\/wp-json\/wp\/v2\/users\/2"}],"replies":[{"embeddable":true,"href":"https:\/\/www.europesays.com\/no\/wp-json\/wp\/v2\/comments?post=135046"}],"version-history":[{"count":0,"href":"https:\/\/www.europesays.com\/no\/wp-json\/wp\/v2\/posts\/135046\/revisions"}],"wp:featuredmedia":[{"embeddable":true,"href":"https:\/\/www.europesays.com\/no\/wp-json\/wp\/v2\/media\/135047"}],"wp:attachment":[{"href":"https:\/\/www.europesays.com\/no\/wp-json\/wp\/v2\/media?parent=135046"}],"wp:term":[{"taxonomy":"category","embeddable":true,"href":"https:\/\/www.europesays.com\/no\/wp-json\/wp\/v2\/categories?post=135046"},{"taxonomy":"post_tag","embeddable":true,"href":"https:\/\/www.europesays.com\/no\/wp-json\/wp\/v2\/tags?post=135046"}],"curies":[{"name":"wp","href":"https:\/\/api.w.org\/{rel}","templated":true}]}}