{"id":135050,"date":"2026-01-12T00:23:55","date_gmt":"2026-01-12T00:23:55","guid":{"rendered":"https:\/\/www.europesays.com\/no\/135050\/"},"modified":"2026-01-12T00:23:55","modified_gmt":"2026-01-12T00:23:55","slug":"korleis-er-matvareberedskapen-her-om-krisa-rakar-fjordingen-no","status":"publish","type":"post","link":"https:\/\/www.europesays.com\/no\/135050\/","title":{"rendered":"Korleis er matvare\u00adbered\u00adskapen her om krisa r\u00e5kar? &#8211; fjordingen.no"},"content":{"rendered":"<ol>\n<li><a href=\"https:\/\/news.google.com\/rss\/articles\/CBMilwFBVV95cUxPTi13LTZtVXJ4dndCQnZkTjZMUTFMaElTNWlCYU1GY19TMEd4M1B5aTlLb2pnbkNXUFdTdWlUMnBEX2EtdzBGYXJGWDVVajBVUG56RVh2M0labjFiYkZUZVc4V19hWjJOSWNINzZ0NFYxN2VoeG5NZkFEaDZPdEZMdEUwVjdQN3NHaWwzNHlSZ1JMXzgwM3dV?oc=5\" target=\"_blank\" rel=\"nofollow noopener\">Korleis er matvare\u00adbered\u00adskapen her om krisa r\u00e5kar?<\/a>&nbsp;&nbsp;fjordingen.no<\/li>\n<li><a href=\"https:\/\/news.google.com\/rss\/articles\/CBMipgFBVV95cUxNb3NEa1d4WnV4NTBvdHRXbklUb1NvdnZyVEwyNkxKV0hPODctdTZvYktySFVrN3dEUk81N1ZQMmdxcVZualpSYWdvSWpKb3A0dUJQSTNiWWpvNHhWa2pvUHJjdEw5SDd6SnF4VTM0RzJ1UWNVZ2FPa1ljZDJ0SFJLbEdkZE5Bd3BsVFdTX2ZXbmQycWpMU1A5SUUyZXZKNFVNbC1Dd1Jn?oc=5\" target=\"_blank\" rel=\"nofollow noopener\">I en krisesituasjon kan sj\u00f8matn\u00e6ringen forsyne nordmenn med fisk i 20 m\u00e5neder<\/a>&nbsp;&nbsp;NRK<\/li>\n<li><a href=\"https:\/\/news.google.com\/rss\/articles\/CBMisgFBVV95cUxNNUhUelZHa3pVX0RqZkZiZ1NOdUZGdU0ySGswc3BNa3hpTmt1alA3Z19WUFVtSU1SRXdmUXJaR180RXVjYloxYXltQ3BNc0tlZU0zd09QZW1ZaTd3ZVVDWU9Kbm8xa2cyVGNrLXJzb19CZmFDT0xUS3ZsVFpkdmIzUzFXV1pSSjdrNTFnaEdhbTFQWjE0aExXT0lMWTgyMFVYbnF1MDVpeXl5aTEtSG5TcjNR?oc=5\" target=\"_blank\" rel=\"nofollow noopener\">Dette handler ikke om hvor folk b\u00f8r bo, men hvor folk m\u00e5 bo<\/a>&nbsp;&nbsp;Nationen<\/li>\n<li><a href=\"https:\/\/news.google.com\/rss\/articles\/CBMipAFBVV95cUxQVUF2YUJ4cUZVUktoWlhTRnYyQ1dtRXdLdmhGT0paQnlUUjZEWGlCd3A4b1dqWHFFSS1mU0hocFpmZFBRMW02X3BvZlVKWG82dExwMnNhWGJ6RHJOemVKekNMaURiQjA0M1hxS0hPbVFEZmh1Rlg1eWJYcHJTZU9JM2o0ZkVaVGRUZVVYblAzeDZoeHY2M29wM0xQZjhCbHNNMVJGUQ?oc=5\" target=\"_blank\" rel=\"nofollow noopener\">Politikk, Fiskeri | Line Ellingsen: \u2013 Dette er ikke \u00e5ret for festtaler om beredskap<\/a>&nbsp;&nbsp;Lofotposten<\/li>\n<li><a href=\"https:\/\/news.google.com\/rss\/articles\/CBMieEFVX3lxTFBaaXQyVmZkN2RBd1g4cDhCdVpHOTZSdjlHOUJ5Z1pYTzJyU0QweENadDVhUEV1dC1CUkVWZ3lQdTJvOHIzUTVZLTJVanVpMVhZYWp1NU5lV2dlUlJjODZ4VFdxUmdzcWpBYVZmanZxd2FIZFFKZVhIYg?oc=5\" target=\"_blank\" rel=\"nofollow noopener\">Sj\u00f8mat er ogs\u00e5 trygghet og beredskap<\/a>&nbsp;&nbsp;Romerikes Blad<\/li>\n<\/ol>\n","protected":false},"excerpt":{"rendered":"Korleis er matvare\u00adbered\u00adskapen her om krisa r\u00e5kar?&nbsp;&nbsp;fjordingen.no I en krisesituasjon kan sj\u00f8matn\u00e6ringen forsyne nordmenn med fisk i 20&hellip;\n","protected":false},"author":2,"featured_media":135051,"comment_status":"","ping_status":"","sticky":false,"template":"","format":"standard","meta":{"footnotes":""},"categories":[10],"tags":[20,21,24,25,15,22,23,13,30,28,29,14,16,26,27],"class_list":{"0":"post-135050","1":"post","2":"type-post","3":"status-publish","4":"format-standard","5":"has-post-thumbnail","7":"category-norge","8":"tag-breaking-news","9":"tag-breakingnews","10":"tag-featured-news","11":"tag-featurednews","12":"tag-headlines","13":"tag-latest-news","14":"tag-latestnews","15":"tag-news","16":"tag-no","17":"tag-norge","18":"tag-norway","19":"tag-nyheter","20":"tag-overskrifter","21":"tag-top-stories","22":"tag-topstories"},"share_on_mastodon":{"url":"https:\/\/pubeurope.com\/@no\/115879284747560920","error":""},"_links":{"self":[{"href":"https:\/\/www.europesays.com\/no\/wp-json\/wp\/v2\/posts\/135050","targetHints":{"allow":["GET"]}}],"collection":[{"href":"https:\/\/www.europesays.com\/no\/wp-json\/wp\/v2\/posts"}],"about":[{"href":"https:\/\/www.europesays.com\/no\/wp-json\/wp\/v2\/types\/post"}],"author":[{"embeddable":true,"href":"https:\/\/www.europesays.com\/no\/wp-json\/wp\/v2\/users\/2"}],"replies":[{"embeddable":true,"href":"https:\/\/www.europesays.com\/no\/wp-json\/wp\/v2\/comments?post=135050"}],"version-history":[{"count":0,"href":"https:\/\/www.europesays.com\/no\/wp-json\/wp\/v2\/posts\/135050\/revisions"}],"wp:featuredmedia":[{"embeddable":true,"href":"https:\/\/www.europesays.com\/no\/wp-json\/wp\/v2\/media\/135051"}],"wp:attachment":[{"href":"https:\/\/www.europesays.com\/no\/wp-json\/wp\/v2\/media?parent=135050"}],"wp:term":[{"taxonomy":"category","embeddable":true,"href":"https:\/\/www.europesays.com\/no\/wp-json\/wp\/v2\/categories?post=135050"},{"taxonomy":"post_tag","embeddable":true,"href":"https:\/\/www.europesays.com\/no\/wp-json\/wp\/v2\/tags?post=135050"}],"curies":[{"name":"wp","href":"https:\/\/api.w.org\/{rel}","templated":true}]}}