{"id":135054,"date":"2026-01-12T00:44:13","date_gmt":"2026-01-12T00:44:13","guid":{"rendered":"https:\/\/www.europesays.com\/no\/135054\/"},"modified":"2026-01-12T00:44:13","modified_gmt":"2026-01-12T00:44:13","slug":"donald-trump-gronland-absurd-forslag-til-donald-trump-gift-bort-sonnen-for-gronland","status":"publish","type":"post","link":"https:\/\/www.europesays.com\/no\/135054\/","title":{"rendered":"Donald Trump, Gr\u00f8nland | Absurd forslag til Donald Trump: \u2013 Gift bort s\u00f8nnen for Gr\u00f8nland"},"content":{"rendered":"\n<p>Et bisart forslag fra den amerikanske journalisten og TV-profilen Megyn Kelly har skapt ville spekulasjoner p\u00e5 nettet.<\/p>\n<p>Kelly foresl\u00e5r p\u00e5 X at presidents\u00f8nnen Barron Trump og prinsesse Isabella av Danmark burde gifte seg og at Gr\u00f8nland gis til USA som bryllupsgave.<\/p>\n<p>Kelly jobbet mellom 2004 og 2017 i Fox News og er en offentlig Trump-tilhenger.<\/p>\n<p>Hun beskriver forholdet som en \u00abmetapolitisk satire\u00bb, og med sine 3,6 millioner f\u00f8lgere har innlegget f\u00e5tt massiv oppmerksomhet.<\/p>\n<p><b>Les ogs\u00e5: <a rel=\"Follow nofollow noopener\" href=\"https:\/\/www.nettavisen.no\/nyheter\/donald-trump-varsku-overtakelsen-av-gronland-i-gang\/s\/5-95-2818568\" target=\"_blank\">Trump-varsku: \u2013 Overtakelsen av Gr\u00f8nland er i gang<\/a><\/b><\/p>\n<p>Ser ikke humoren<\/p>\n<p>Det har blant annet blitt publisert en rekke KI-genererte bilder av det p\u00e5st\u00e5tte paret som sirkulerer p\u00e5 nettet.<\/p>\n<p>Til tross for en rekke vitser i kommentarfeltene, synes ikke den danske kongehuseksperten, Lars Hovbakke S\u00f8rensen, at det er noe morsomt og avviser forslaget kontant.<\/p>\n<p>\u2013 Svaret p\u00e5 det er nei. Det er ikke realistisk n\u00e5 til dags, sier han til BT.<\/p>\n<p>Han p\u00e5peker at arrangerte ekteskap som diplomatisk verkt\u00f8y opph\u00f8rte tidlig p\u00e5 1900-tallet.<\/p>\n<p>Raser mot Trump<\/p>\n<p>Bakgrunnen for det absurde forslaget er Donald Trumps gjentatte uttalelser om at han \u00f8nsker \u00e5 ta over Gr\u00f8nland.<\/p>\n<p>Uttalelsene har m\u00f8tt massiv motstand i b\u00e5de Danmark og blant flere europeiske allierte.<\/p>\n<p>Den tidligere \u00f8verstkommanderende generalen for de amerikanske styrkene i Europa, Ben Hodges, er heller ikke imponert over den amerikanske presidenten.<\/p>\n<p>\u2013 Det er pinlig for oss alle n\u00e5r presidenten eller visepresidenten i USA sier at dere ikke har v\u00e6rt gode allierte. Vi som var i Afghanistan, husker tapene som de danske enhetene led, sier han til <a href=\"https:\/\/www.berlingske.dk\/internationalt\/han-var-amerikanernes-topgeneral-i-europa-her-er-hans-raad-til-danmark\" rel=\"Follow nofollow noopener\" target=\"_blank\">Berlingske<\/a>.<\/p>\n<p>Trump m\u00e5tte ogs\u00e5 nylig svare for om han ser noen grenser for sin globale makt i et intervju med New York Times.<\/p>\n<p>\u2013 Ja, det er \u00e9n ting: min egen moral. Mitt eget sinn. Det er det eneste som kan stoppe meg, svarte han.<\/p>\n<p>    Vil du se neste video?<\/p>\n<p>    <a href=\"https:\/\/www.nettavisen.no\/nyheter\/pete-hegseth-avbryter-plutselig-marco-rubio-klikker-pa-direkten\/v\/5-95-2813524\" class=\"recommend-poster\" data-adp-clicklabel=\"video-recommend\" data-adp-clickvalue=\"poster\" rel=\"nofollow noopener\" target=\"_blank\"><br \/>\n      <img decoding=\"async\" width=\"200\" height=\"200\" loading=\"lazy\" src=\"https:\/\/www.europesays.com\/no\/wp-content\/uploads\/2026\/01\/Hegseth+til+cue.jpg\" alt=\"\" class=\"brick-c-cFOWSL\" style=\"--brick-image-ratio: 200 \/ 200;\"\/><\/p>\n<p>Avbryter plutselig: Klikker p\u00e5 direkten1:05<\/p>\n<p>    <\/a><\/p>\n","protected":false},"excerpt":{"rendered":"Et bisart forslag fra den amerikanske journalisten og TV-profilen Megyn Kelly har skapt ville spekulasjoner p\u00e5 nettet. Kelly&hellip;\n","protected":false},"author":2,"featured_media":133095,"comment_status":"","ping_status":"","sticky":false,"template":"","format":"standard","meta":{"footnotes":""},"categories":[12],"tags":[20,21,24,25,15,22,23,13,30,28,29,14,16,26,27,42,43,44,45],"class_list":{"0":"post-135054","1":"post","2":"type-post","3":"status-publish","4":"format-standard","5":"has-post-thumbnail","7":"category-verden","8":"tag-breaking-news","9":"tag-breakingnews","10":"tag-featured-news","11":"tag-featurednews","12":"tag-headlines","13":"tag-latest-news","14":"tag-latestnews","15":"tag-news","16":"tag-no","17":"tag-norge","18":"tag-norway","19":"tag-nyheter","20":"tag-overskrifter","21":"tag-top-stories","22":"tag-topstories","23":"tag-verden","24":"tag-world","25":"tag-world-news","26":"tag-worldnews"},"share_on_mastodon":{"url":"https:\/\/pubeurope.com\/@no\/115879363423191595","error":""},"_links":{"self":[{"href":"https:\/\/www.europesays.com\/no\/wp-json\/wp\/v2\/posts\/135054","targetHints":{"allow":["GET"]}}],"collection":[{"href":"https:\/\/www.europesays.com\/no\/wp-json\/wp\/v2\/posts"}],"about":[{"href":"https:\/\/www.europesays.com\/no\/wp-json\/wp\/v2\/types\/post"}],"author":[{"embeddable":true,"href":"https:\/\/www.europesays.com\/no\/wp-json\/wp\/v2\/users\/2"}],"replies":[{"embeddable":true,"href":"https:\/\/www.europesays.com\/no\/wp-json\/wp\/v2\/comments?post=135054"}],"version-history":[{"count":0,"href":"https:\/\/www.europesays.com\/no\/wp-json\/wp\/v2\/posts\/135054\/revisions"}],"wp:featuredmedia":[{"embeddable":true,"href":"https:\/\/www.europesays.com\/no\/wp-json\/wp\/v2\/media\/133095"}],"wp:attachment":[{"href":"https:\/\/www.europesays.com\/no\/wp-json\/wp\/v2\/media?parent=135054"}],"wp:term":[{"taxonomy":"category","embeddable":true,"href":"https:\/\/www.europesays.com\/no\/wp-json\/wp\/v2\/categories?post=135054"},{"taxonomy":"post_tag","embeddable":true,"href":"https:\/\/www.europesays.com\/no\/wp-json\/wp\/v2\/tags?post=135054"}],"curies":[{"name":"wp","href":"https:\/\/api.w.org\/{rel}","templated":true}]}}