{"id":135055,"date":"2026-01-12T00:47:28","date_gmt":"2026-01-12T00:47:28","guid":{"rendered":"https:\/\/www.europesays.com\/no\/135055\/"},"modified":"2026-01-12T00:47:28","modified_gmt":"2026-01-12T00:47:28","slug":"kent-bergersen-landslaget-tarene-rorte-norge-sa-kom-det-en-telefon","status":"publish","type":"post","link":"https:\/\/www.europesays.com\/no\/135055\/","title":{"rendered":"Kent Bergersen, Landslaget | T\u00e5rene r\u00f8rte Norge. S\u00e5 kom det en telefon"},"content":{"rendered":"\n<p>HALDEN (Nettavisen): Bildene har allerede lagt seg inn i historieb\u00f8kene da Norges store stjerner valgte \u00e5 returnere til hovedstaden for \u00e5 ta imot hyllesten fra det norske folk etter \u00e5 ha sikret VM-billett i Milano i november.<\/p>\n<p>Og mens det gjerne er Erling Braut Haaland og Martin \u00d8degaard som stjeler de st\u00f8rste overskriftene, var det verken dem eller landslagssjef St\u00e5le Solbakken som p\u00e5 mange m\u00e5ter ble ansiktet p\u00e5 det som for mange ble en sv\u00e6rt emosjonell seanse.<\/p>\n<p>For da Solbakken kom ut p\u00e5 terrassen p\u00e5 R\u00e5dhusplassen og tok imot hyllesten fra opp mot 50.000 nordmenn, ble det for mye for en av landslagssjefens n\u00e6rmeste kolleger og beste venner.<\/p>\n<p>TV-bildene fanget raskt opp assistenttrener Kent Bergersen, som n\u00e6rmest hulkende m\u00e5tte legge ansiktet i hendene over balkongkanten.<\/p>\n<p>\u2013 Jeg er ikke noe glad i oppmerksomheten p\u00e5 den m\u00e5ten, forteller Bergersen, som heller ikke har for vane \u00e5 slippe f\u00f8lelsene l\u00f8s.<\/p>\n<p>\u2013 Jeg er stort sett iskald, men s\u00e5 blir jeg r\u00f8rt n\u00e5r jeg ser store idrettsprestasjoner.<\/p>\n<p>\u2013 Hvordan var det for familien \u00e5 se?<\/p>\n<p>\u2013 Jeg fikk jo raskt en telefon fra hun ene datteren min, som sa at hun kun hadde sett meg gr\u00e5te to ganger.<\/p>\n<p><b>Les ogs\u00e5: <a href=\"https:\/\/www.nettavisen.no\/sport\/reagerer-pa-at-hareide-ikke-ble-hedret-forundret\/s\/5-95-2818738\" rel=\"Follow nofollow noopener\" target=\"_blank\">Reagerer p\u00e5 at Hareide ikke ble hedret: \u2013 Forundret<\/a><\/b><\/p>\n<p>   <img decoding=\"async\" width=\"3620\" height=\"2416\" fetchpriority=\"low\"  loading=\"lazy\"  src=\"https:\/\/www.europesays.com\/no\/wp-content\/uploads\/2026\/01\/cueres_scp-mangler_navn_8sFuam3uEME.jpg\" alt=\"Oslo 20251117. &#10;Norges herrelandslaget i fotball hilser til folket fra r\u00e5dhusbalkongen etter seieren i VM-kvalifiseringskampen i fotball mellom Norge og Italia p\u00e5 San Siro.&#10;Foto: Heiko Junge \/ NTB\" class=\"brick-c-cFOWSL\" style=\"--brick-image-ratio: 3620 \/ 2416;\"\/><\/p>\n<p>      R\u00d8RT: Bildene av Kent Bergersen og Brede Hangeland viser hvor mye det bet\u00f8d for det norske landslaget \u00e5 kvalifisere seg til VM.<br \/>\n      Foto: Heiko Junge\n    <\/p>\n<p>  \u2013 Merket at det vibrerte noe voldsomt<\/p>\n<p>Nettavisen m\u00f8ter ham i hans egen toppleilighet i Halden.<\/p>\n<p>Til tross for at han er Solbakkens n\u00e6rmeste i det norske st\u00f8tteapparatet, stjeler han sjelden de st\u00f8rste overskriftene.<\/p>\n<p>Bergersen selv han liker \u00e5 holde seg i bakgrunnen, men da hans livslange venn mottok hyllest av et antall nordmenn som ville fylt Ullevaal b\u00e5de \u00e9n og to ganger, ble det for mye for assistenten.<\/p>\n<p>\u2013 Det var f\u00f8rst da jeg fikk utl\u00f8p for alt vi har v\u00e6rt gjennom, forteller Bergersen.<\/p>\n<p>    Vil du se neste video?<\/p>\n<p>    <a href=\"https:\/\/www.nettavisen.no\/nyheter\/ukrainsk-jagerfly-odelegger-for-vladimir-putin-i-pokrovsk\/v\/5-95-2807927\" class=\"recommend-poster\" data-adp-clicklabel=\"video-recommend\" data-adp-clickvalue=\"poster\" rel=\"nofollow noopener\" target=\"_blank\"><br \/>\n      <img decoding=\"async\" width=\"200\" height=\"200\" loading=\"lazy\" src=\"https:\/\/www.europesays.com\/no\/wp-content\/uploads\/2026\/01\/JAGERFLY+BREDDE.jpg\" alt=\"\" class=\"brick-c-cFOWSL\" style=\"--brick-image-ratio: 200 \/ 200;\"\/><\/p>\n<p>Nye bilder: Rammer Putin hardt0:41<\/p>\n<p>    <\/a><\/p>\n<p>        St\u00f8tteapparatet var tydelig r\u00f8rt over hyllesten landslaget fikk p\u00e5 R\u00e5dhusplassen i Oslo etter laget sikret VM-plass.<\/p>\n<p>Til vanlig er han og resten av landslaget i en helt egen boble mens de er p\u00e5 landslagssamling.<\/p>\n<p>Den store stjernefaktorene til de st\u00f8rste spillerne gj\u00f8r at de ikke kan ferdes som en hvilken som helst annen innbygger, og Bergersen tegner et bilde av en forholdsvis str\u00f8mlinjeformet hverdag p\u00e5 samling.<\/p>\n<p>\u2013 Vi er p\u00e5 hotellet, vi er i m\u00f8terom, vi er i garderoben, vi trener fotball og er i bussen, f\u00f8r vi blir kj\u00f8rt til flyet, og s\u00e5 rett hjem igjen, forteller han.<\/p>\n<p>Etter at nedsablingen av Italia i Milano og VM-billetten var et faktum, fikk de imidlertid et sjeldent pusterom.<\/p>\n<p>F\u00f8rst fikk de lufte seg og feire VM-billetten i den italienske motebyen, f\u00f8r de reiste til Norge og feiret videre i det som ble et ellevilt d\u00f8gn.<\/p>\n<p>Og det var f\u00f8rst oppe p\u00e5 r\u00e5dhuset at Bergersen tillot seg \u00e5 innse hva han hadde v\u00e6rt med p\u00e5 og f\u00e5tt til med resten av Norge.<\/p>\n<p>\u2013 Du veit du er med p\u00e5 noe stort n\u00e5r du er inne p\u00e5 r\u00e5dhuset og m\u00f8ter hele den politiske eliten, forteller Grue-mannen som ble hentet opp p\u00e5 landslaget av Solbakken fra Kvik Halden i 2. divisjon for fem \u00e5r siden.<\/p>\n<p>   <img decoding=\"async\" width=\"4940\" height=\"3293\" fetchpriority=\"low\"  loading=\"lazy\"  src=\"https:\/\/www.europesays.com\/no\/wp-content\/uploads\/2026\/01\/cueres_scp-mangler_navn_0w7OwAdpBnE.jpg\" alt=\"Oslo 20251117. &#10;Norges herrelandslaget blir tatt i mot p\u00e5 R\u00e5dhuset. Herrelandslaget venter folkefest p\u00e5 R\u00e5dhusplassen etter seieren i VM-kvalifiseringskampen i fotball mellom Norge og Italia p\u00e5 San Siro.&#10;Foto: Terje Pedersen \/ NTB\" class=\"brick-c-cFOWSL\" style=\"--brick-image-ratio: 4940 \/ 3293;\"\/><\/p>\n<p>      MINNER FOR LIVET: For Kent Bergersen og det norske landslaget etter at VM-billetten ble sikret.<br \/>\n      Foto: Terje Pedersen\n    <\/p>\n<p>Etter at \u00e9n og \u00e9n spiller hadde blitt ropt ut p\u00e5 balkongen for \u00e5 motta sin hyllest, var det til slutt sjefen sin tur.<\/p>\n<p>Det utl\u00f8ste et voldsomt f\u00f8lelsesregister hos Bergersen, som har st\u00e5tt ved Solbakkens side mens det har stormet som mest i l\u00f8pet av tiden sammen p\u00e5 landslaget.<\/p>\n<p>\u2013 S\u00e5 kommer liksom kompisen din da, som er sjefen for hele greia. Og jeg veit alt. Alt hva han har v\u00e6rt igjennom og s\u00e5nn. Da fikk jeg s\u00e5 mye reaksjon med en gang, forteller han.<\/p>\n<p>Bildene av en n\u00e6rmest hulkende Bergersen traff raskt de fleste forsider i Norge, og ble et slags symbol p\u00e5 hva det bet\u00f8d at en 26 \u00e5r lang mesterskapst\u00f8rke er over.<\/p>\n<p>Han forteller at han ikke rakk \u00e5 g\u00e5 av r\u00e5dhusbalkongen f\u00f8r det ringte i telefonen.<\/p>\n<p>\u2013 Jeg hadde jo telefonen i lomma, og merka at det begynte \u00e5 vibrere noe voldsomt p\u00e5 telefonen. S\u00e5 kom noen fra st\u00f8tteapparatet og sa at det er bilde av meg p\u00e5 f\u00f8rstesidene, forteller han.<\/p>\n<p>Slik er hverdagen som landslagsassistent<\/p>\n<p>Det er antakelig f\u00e5 mennesker i Norge som ser mer europeisk fotball i l\u00f8pet av en uke enn Bergersen og landslagets analyseansvarlig Andrew Findlay.<\/p>\n<p>De to har ansvaret for \u00e5 f\u00f8lge norske spillere i inn- og utland, og dem har det blitt mange av de siste \u00e5rene.<\/p>\n<p>For \u00e9n ting er spillerne som til enhver tid er i landslagstroppen, men Bergersen f\u00f8lger ogs\u00e5 spillere som er i skorpa til \u00e5 v\u00e6re i landslagstroppene med argus\u00f8yne.<\/p>\n<p>Ingen aktuelle spillere skal f\u00f8le at landslagsledelsen ikke har fulgt dem nok f\u00f8r et uttak, og der har Bergersen en n\u00f8kkelrolle.<\/p>\n<p>58-\u00e5ringen tar Nettavisen med til TV-hj\u00f8rnet i leiligheten i Halden, og f\u00f8rst ut er stresslessen.<\/p>\n<p>En typisk stressless der noen sikkert vil hevde at komfort trumfer estetikk.<\/p>\n<p>Her starter 58-\u00e5ringen det han omtaler som \u00abmaratondager\u00bb l\u00f8rdag og s\u00f8ndag, hvis han ikke er p\u00e5 klubbes\u00f8k hos norske spillere i utlandet.<\/p>\n<p>F\u00f8rst er det gjerne en 13.30-kamp, f\u00f8r det eksploderer med haugevis av kamper klokken 16:00 hvor utallige norske stjerner er involvert, som Bergersen m\u00e5 kartlegge.<\/p>\n<p>\u2013 Det g\u00e5r an \u00e5 kj\u00f8re litt p\u00e5 ryggen p\u00e5 den, s\u00e5 du kan justere ned den litt. Og n\u00e5r den butter borti veggen, da er det \u00e5 flytte seg over i sofaen, gliser landslagsassistenten mens han illustrerer stolens funksjoner.<\/p>\n<p>\u2013 N\u00e5r er brytningspunktet fra stol til sofa?<\/p>\n<p>\u2013 Det kan v\u00e6re fra start eller i pausen i 18.30-kampen. Du ser ikke mange La Liga-kamper fra stolen! ler han, og sikter til den spanske toppdivisjonen hvor Norge-stjernen Alexander S\u00f8rloth gjerne spiller senkamp som ikke starter f\u00f8r klokken 22.00 norsk tid.<\/p>\n<p>   <img decoding=\"async\" width=\"2268\" height=\"4032\" fetchpriority=\"low\"  loading=\"lazy\"  src=\"https:\/\/www.europesays.com\/no\/wp-content\/uploads\/2026\/01\/IMG_3793.jpg\" alt=\"\" class=\"brick-c-cFOWSL\" style=\"--brick-image-ratio: 2268 \/ 4032;\"\/><\/p>\n<p>      F\u00d8LGER MED: Bergersen f\u00e5r med seg det meste som involverer landslagsaktuelle spillere i l\u00f8pet av en uke.<br \/>\n      Foto: Adrian Richvoldsen (Nettavisen).\n    <\/p>\n<p>For Bergersen nytter det imidlertid ikke bare \u00e5 ha et halvt \u00f8ye p\u00e5 kampen han ser p\u00e5. Parallelt med at han f\u00f8lger norske de norske spillerne, sitter Grue-mannen gjerne med programmet  p\u00e5 PC-en for \u00e5 kartlegge spillernes prestasjoner og aksjoner utover det man ser gjennom TV-skjermen..<\/p>\n<p>\u2013 Min jobb er jo \u00e5 observere spillere. B\u00e5de med tanke p\u00e5 \u00e5 sjekke formen deres, og inn mot uttak.<\/p>\n<p>En typisk uke utenfor samling best\u00e5r av ekstreme mengder analysearbeid for at de til enhver tid skal v\u00e6re oppdatert p\u00e5 hvordan norske spillere presterer i sine respektive klubber.<\/p>\n<p>\u2013 Hvor mange timer fotball m\u00e5 du konsumere i l\u00f8pet av en uke?<\/p>\n<p>\u2013 St\u00e5le sier at det er to stykker i teamet v\u00e5rt som ikke har noe liv. Det er meg og Andrew Findlay (analyseansvarlig), ler Bergersen, f\u00f8r han resonnerer seg fram til snaue 20 kamper i l\u00f8pet av en uke.<\/p>\n<p>Jobben for et landslag b\u00e6rer preg av kontrastfylte perioder.<\/p>\n<p>Fra \u00e5 analysere og kartlegge godt over 50 spillere ukentlig i klubb, til fullstendig altoppslukende uker n\u00e5r det st\u00e5r p\u00e5 i landslagssamlinger \u2013 som det stadig blir flere av i l\u00f8pet av et kalender\u00e5r.<\/p>\n<p>Frem til sommeren er det et bikkjeslagsm\u00e5l blant en sv\u00e6rt stor pott aktuelle norske stjerner, hvor alle har samme m\u00e5l;<\/p>\n<p>\u00c5 spille seg inn i en norsk VM-tropp f\u00f8r mesterskapet i USA til sommeren.<\/p>\n","protected":false},"excerpt":{"rendered":"HALDEN (Nettavisen): Bildene har allerede lagt seg inn i historieb\u00f8kene da Norges store stjerner valgte \u00e5 returnere til&hellip;\n","protected":false},"author":2,"featured_media":135056,"comment_status":"","ping_status":"","sticky":false,"template":"","format":"standard","meta":{"footnotes":""},"categories":[59],"tags":[30,28,29,83,82],"class_list":{"0":"post-135055","1":"post","2":"type-post","3":"status-publish","4":"format-standard","5":"has-post-thumbnail","7":"category-sport","8":"tag-no","9":"tag-norge","10":"tag-norway","11":"tag-sport","12":"tag-sports"},"share_on_mastodon":{"url":"https:\/\/pubeurope.com\/@no\/115879375217983614","error":""},"_links":{"self":[{"href":"https:\/\/www.europesays.com\/no\/wp-json\/wp\/v2\/posts\/135055","targetHints":{"allow":["GET"]}}],"collection":[{"href":"https:\/\/www.europesays.com\/no\/wp-json\/wp\/v2\/posts"}],"about":[{"href":"https:\/\/www.europesays.com\/no\/wp-json\/wp\/v2\/types\/post"}],"author":[{"embeddable":true,"href":"https:\/\/www.europesays.com\/no\/wp-json\/wp\/v2\/users\/2"}],"replies":[{"embeddable":true,"href":"https:\/\/www.europesays.com\/no\/wp-json\/wp\/v2\/comments?post=135055"}],"version-history":[{"count":0,"href":"https:\/\/www.europesays.com\/no\/wp-json\/wp\/v2\/posts\/135055\/revisions"}],"wp:featuredmedia":[{"embeddable":true,"href":"https:\/\/www.europesays.com\/no\/wp-json\/wp\/v2\/media\/135056"}],"wp:attachment":[{"href":"https:\/\/www.europesays.com\/no\/wp-json\/wp\/v2\/media?parent=135055"}],"wp:term":[{"taxonomy":"category","embeddable":true,"href":"https:\/\/www.europesays.com\/no\/wp-json\/wp\/v2\/categories?post=135055"},{"taxonomy":"post_tag","embeddable":true,"href":"https:\/\/www.europesays.com\/no\/wp-json\/wp\/v2\/tags?post=135055"}],"curies":[{"name":"wp","href":"https:\/\/api.w.org\/{rel}","templated":true}]}}