{"id":135057,"date":"2026-01-12T00:51:30","date_gmt":"2026-01-12T00:51:30","guid":{"rendered":"https:\/\/www.europesays.com\/no\/135057\/"},"modified":"2026-01-12T00:51:30","modified_gmt":"2026-01-12T00:51:30","slug":"en-livsfarlig-reise-mot-england","status":"publish","type":"post","link":"https:\/\/www.europesays.com\/no\/135057\/","title":{"rendered":"En livsfarlig reise mot England"},"content":{"rendered":"<p>    M\u00e5let til Ali er \u00e5 bo med s\u00f8steren og familien i England. I stedet har han bodd \u00e9n m\u00e5ned i en hangar i Calais. Politiet gj\u00f8r det de kan for \u00e5 stoppe dem i \u00e5 krysse vannet.<\/p>\n<p>\n        Ali (14) fra Sudan er en av 200.000 mindre\u00e5rige flyktninger som ankom Europa i fjor. N\u00e5 er han tvunget til et liv p\u00e5 gata i Frankrike til han n\u00e5r endedestinasjonen sin.<br \/>\n        Morten Risberg\n    <\/p>\n<p class=\"kicker t30 tertiary color_mobile_tertiary\" style=\"\">Verden<\/p>\n<p>Det tomme oppholdsrommet er lyst og lunt.\u00a0En tralle med frokostblanding, juice og sjokolademelk st\u00e5r klar ved spisebordet.<\/p>\n<p>Over bordet henger en bred oppslagstavle med diverse tegninger av barnehender.<\/p>\n<p>Blant tegninger av tr\u00e6r, landskap, hus og ansikter, er det ogs\u00e5 flere flagg, fra blant annet Sudan, Egypt, og Syria.<\/p>\n","protected":false},"excerpt":{"rendered":"M\u00e5let til Ali er \u00e5 bo med s\u00f8steren og familien i England. I stedet har han bodd \u00e9n&hellip;\n","protected":false},"author":2,"featured_media":135058,"comment_status":"","ping_status":"","sticky":false,"template":"","format":"standard","meta":{"footnotes":""},"categories":[12],"tags":[20,21,24,25,15,22,23,13,30,28,29,14,16,26,27,42,43,44,45],"class_list":{"0":"post-135057","1":"post","2":"type-post","3":"status-publish","4":"format-standard","5":"has-post-thumbnail","7":"category-verden","8":"tag-breaking-news","9":"tag-breakingnews","10":"tag-featured-news","11":"tag-featurednews","12":"tag-headlines","13":"tag-latest-news","14":"tag-latestnews","15":"tag-news","16":"tag-no","17":"tag-norge","18":"tag-norway","19":"tag-nyheter","20":"tag-overskrifter","21":"tag-top-stories","22":"tag-topstories","23":"tag-verden","24":"tag-world","25":"tag-world-news","26":"tag-worldnews"},"share_on_mastodon":{"url":"https:\/\/pubeurope.com\/@no\/115879390899773853","error":""},"_links":{"self":[{"href":"https:\/\/www.europesays.com\/no\/wp-json\/wp\/v2\/posts\/135057","targetHints":{"allow":["GET"]}}],"collection":[{"href":"https:\/\/www.europesays.com\/no\/wp-json\/wp\/v2\/posts"}],"about":[{"href":"https:\/\/www.europesays.com\/no\/wp-json\/wp\/v2\/types\/post"}],"author":[{"embeddable":true,"href":"https:\/\/www.europesays.com\/no\/wp-json\/wp\/v2\/users\/2"}],"replies":[{"embeddable":true,"href":"https:\/\/www.europesays.com\/no\/wp-json\/wp\/v2\/comments?post=135057"}],"version-history":[{"count":0,"href":"https:\/\/www.europesays.com\/no\/wp-json\/wp\/v2\/posts\/135057\/revisions"}],"wp:featuredmedia":[{"embeddable":true,"href":"https:\/\/www.europesays.com\/no\/wp-json\/wp\/v2\/media\/135058"}],"wp:attachment":[{"href":"https:\/\/www.europesays.com\/no\/wp-json\/wp\/v2\/media?parent=135057"}],"wp:term":[{"taxonomy":"category","embeddable":true,"href":"https:\/\/www.europesays.com\/no\/wp-json\/wp\/v2\/categories?post=135057"},{"taxonomy":"post_tag","embeddable":true,"href":"https:\/\/www.europesays.com\/no\/wp-json\/wp\/v2\/tags?post=135057"}],"curies":[{"name":"wp","href":"https:\/\/api.w.org\/{rel}","templated":true}]}}