{"id":135059,"date":"2026-01-12T00:54:26","date_gmt":"2026-01-12T00:54:26","guid":{"rendered":"https:\/\/www.europesays.com\/no\/135059\/"},"modified":"2026-01-12T00:54:26","modified_gmt":"2026-01-12T00:54:26","slug":"fa-cupen-sportsvarsel-kritikken-hagler-mot-manchester-united-etter-tap-mot-brighton-i-fa-cupen","status":"publish","type":"post","link":"https:\/\/www.europesays.com\/no\/135059\/","title":{"rendered":"FA-cupen, Sportsvarsel | Kritikken hagler mot Manchester United etter tap mot Brighton i FA Cupen"},"content":{"rendered":"\n<p><b><a href=\"https:\/\/live.nettavisen.no\/fotball\/1\/2026-01-11\/kamp\/2711456\" rel=\"Follow nofollow noopener\" target=\"_blank\">MANCHESTER UNITED-BRIGHTON 1\u20132<\/a><\/b><\/p>\n<p>Det ble ingen opptur for Manchester United i FA-cupen hjemme mot Brighton.<\/p>\n<p>Brajan Gruda sendte gjestene i ledelsen etter 12 minutter etter et innlegg fra venstre, f\u00f8r Danny Welbeck doblet ledelsen etter 64 minutter. <\/p>\n<p>\u2013 Det m\u00e5let kan gj\u00f8re mye for \u00e5 \u00f8delegge sesongen til Manchester United, sier TV 2s ekspert Simen Stams\u00f8 M\u00f8ller.<\/p>\n<p>Benjamin Sesko reduserte fem minutter f\u00f8r slutt p\u00e5 en corner, men det var ikke nok.<\/p>\n<p><b>Les ogs\u00e5: <a href=\"https:\/\/www.nettavisen.no\/sport\/manchester-uniteds-store-fall-darlige-darlig-og-darlig\/s\/5-95-2814141\" rel=\"Follow nofollow noopener\" target=\"_blank\">Manchester Uniteds fall: \u2013 Skrekkelig<\/a><\/b><\/p>\n<p>   <img decoding=\"async\" width=\"3024\" height=\"2016\" fetchpriority=\"low\"  loading=\"lazy\"  src=\"https:\/\/www.europesays.com\/no\/wp-content\/uploads\/2026\/01\/NTB_3kLwnSVyB-8_1.jpg\" alt=\"Brighton's Danny Welbeck celebrates after scoring during the FA Cup third round soccer match between Manchester United and Brighton in Manchester, England, Sunday, Jan. 11, 2026. (AP Photo\/Jon Super)\" class=\"brick-c-cFOWSL\" style=\"--brick-image-ratio: 3024 \/ 2016;\"\/><\/p>\n<p>      M\u00c5LSCORER: Danny Welbeck.<br \/>\n      Foto: Jon Super\n    <\/p>\n<p>  \u2013 Svakt<\/p>\n<p>Manchester United og spesielt Diogo Dalot kom til flere gode muligheter, men portugiseren og lagkameratene misbrukte sjansene de fikk med noen svake avslutninger.<\/p>\n<p>\u2013 Fletcher m\u00e5 ta en prat med laget i pausen, for dette har v\u00e6rt svakt, skriver lokalavisen Manchester Evening News like f\u00f8r pause.<\/p>\n<p>Manchester United hadde mest ball, men slet med \u00e5 bryte ned Brighton og komme til de ordentlig store sjansene p\u00e5 eget gress.<\/p>\n<p>\u2013 Old Trafford-publikummet er ut\u00e5lmodige, kommenterte \u00d8yvind Alsaker.<\/p>\n<p>Sky Sports p\u00e5pekte den avventende stemningen.<\/p>\n<p>\u2013 Old Trafford er et merkelig sted for \u00f8yeblikket. Det er et stadion som ivrig venter p\u00e5 at noe skal skje, all den hvite spenningen og frustrasjonen fortsetter \u00e5 bygge seg opp, melder de litt ut i andre omgang.<\/p>\n<p><b>Les ogs\u00e5: <a href=\"https:\/\/www.nettavisen.no\/sport\/kundene-raser-mot-viaplays-grep-usmakelig\/s\/5-95-2819157\" rel=\"Follow nofollow noopener\" target=\"_blank\">Kundene raser mot Viaplays grep: \u2013 Usmakelig<\/a><\/b><\/p>\n<p>   <img decoding=\"async\" width=\"2472\" height=\"1621\" fetchpriority=\"low\"  loading=\"lazy\"  src=\"https:\/\/www.europesays.com\/no\/wp-content\/uploads\/2026\/01\/NTB_6iWjlheTQ2g_1.jpg\" alt=\"Soccer Football - FA Cup - Third Round - Manchester United v Brighton &amp; Hove Albion - Old Trafford, Manchester, Britain - January 11, 2026&#10;Manchester United interim manager Darren Fletcher reacts REUTERS\/Scott Heppell\" class=\"brick-c-cFOWSL\" style=\"--brick-image-ratio: 2472 \/ 1621;\"\/><\/p>\n<p>      FRUSTRERENDE KVELD: For midlertidig manager Darren Fletcher.<br \/>\n      Foto: Scott Heppell\n    <\/p>\n<p>Det var like f\u00f8r Welbeck la p\u00e5 til 2\u20130. Da ble ikke stemningen spesielt mye bedre, snarere tvert om.<\/p>\n<p>\u2013 United f\u00f8les rett og slett ikke overbevisende i begge ender. I angrep pr\u00f8ver de \u00e5 bygge litt press, men en dum avgj\u00f8relse \u2013 en feilpasning eller en dum felling \u2013 \u00f8delegger momentumet.<\/p>\n<p>\u2013 I mellomtiden fortsetter Brighton \u00e5 finne hull i angrepet og ser ut som de kan score hver gang de kommer fram. En klubb uten reell retning p\u00e5 de fleste omr\u00e5der, skriver Sky Sports.<\/p>\n<p>De p\u00e5pekte at midlertidig manager Darren Fletcher fors\u00f8kte \u00e5 oppildne publikum etter pausen.<\/p>\n<p>Etter gjestenes andre m\u00e5l stilte Alsaker sp\u00f8rsm\u00e5l ved det vid\u00e5pne forsvaret til United.<\/p>\n<p>\u2013 Hva skjer med forsvarsspillet. Det er vid\u00e5pent, sier Alsaker.<\/p>\n<p>Mot slutten av oppgj\u00f8ret kastet Fletcher inn Harry Maguire og Casemiro, og United fikk uttelling p\u00e5 et hj\u00f8rnespark hvor Sesko var h\u00f8yest.<\/p>\n<p>Like f\u00f8r slutt ble United redusert til ti mann. Shea Lacey fikk se sitt andre gule kort for \u00e5 vise frustrasjon etter et noe billig frispark og m\u00e5tte rusle i garderoben.<\/p>\n<p>Mot kun 40 kamper denne sesongen<\/p>\n<p>Med tap i s\u00f8ndagens kamp er United n\u00e5 ute av FA-cupen. De g\u00e5r n\u00e5 mot en sesong med 40 kamper, noe som er det laveste antallet siden 2025, da de spilte 44 kamper.<\/p>\n<p>\u2013 Det \u00e5ret sendte Welbeck dem ut av FA Cupen med en scoring p\u00e5 Old Trafford. Det ser ut til at han gj\u00f8r det samme elleve \u00e5r senere, skriver Sky Sport og konkluderte med at scoringen og ledelsen var helt fortjent.<\/p>\n<p>Brighton-manager Fabian H\u00fcrzeler hadde ogs\u00e5 valgt \u00e5 spare flere av sine beste spillere.<\/p>\n<p>De neste dagene er det ventet at Manchester United skal ta en beslutning om hvem som skal lede laget ut sesongen. Ole Gunnar Solskj\u00e6r nevnes som en av de heteste kandidatene og skal if\u00f8lge flere medier ha v\u00e6rt i et m\u00f8te med klubbledelsen l\u00f8rdag.<\/p>\n<p>\u2013 Han er en person som kjenner klubben b\u00e5de som spiller og manager. Hvis det blir han, vil vi motta ham med \u00e5pne armer, sier Diogo Dalot til TNT Sports.<\/p>\n<p>   <img decoding=\"async\" width=\"5109\" height=\"3406\" fetchpriority=\"low\"  loading=\"lazy\"  src=\"https:\/\/www.europesays.com\/no\/wp-content\/uploads\/2026\/01\/NTB_90CvmGj-OEI.jpg\" alt=\"Manchester United's Diogo Dalot during the English Premier League soccer match between Manchester United and West Ham United in Manchester, England, Thursday, Dec. 4, 2025. (AP Photo\/Ian Hodgson)\" class=\"brick-c-cFOWSL\" style=\"--brick-image-ratio: 5109 \/ 3406;\"\/><\/p>\n<p>      KJENNER SOLSKJ\u00c6R: Diogo Dalot.<br \/>\n      Foto: Ian Hodgson\n    <\/p>\n","protected":false},"excerpt":{"rendered":"MANCHESTER UNITED-BRIGHTON 1\u20132 Det ble ingen opptur for Manchester United i FA-cupen hjemme mot Brighton. Brajan Gruda sendte&hellip;\n","protected":false},"author":2,"featured_media":135060,"comment_status":"","ping_status":"","sticky":false,"template":"","format":"standard","meta":{"footnotes":""},"categories":[59],"tags":[30,28,29,83,82],"class_list":{"0":"post-135059","1":"post","2":"type-post","3":"status-publish","4":"format-standard","5":"has-post-thumbnail","7":"category-sport","8":"tag-no","9":"tag-norge","10":"tag-norway","11":"tag-sport","12":"tag-sports"},"share_on_mastodon":{"url":"https:\/\/pubeurope.com\/@no\/115879402740139382","error":""},"_links":{"self":[{"href":"https:\/\/www.europesays.com\/no\/wp-json\/wp\/v2\/posts\/135059","targetHints":{"allow":["GET"]}}],"collection":[{"href":"https:\/\/www.europesays.com\/no\/wp-json\/wp\/v2\/posts"}],"about":[{"href":"https:\/\/www.europesays.com\/no\/wp-json\/wp\/v2\/types\/post"}],"author":[{"embeddable":true,"href":"https:\/\/www.europesays.com\/no\/wp-json\/wp\/v2\/users\/2"}],"replies":[{"embeddable":true,"href":"https:\/\/www.europesays.com\/no\/wp-json\/wp\/v2\/comments?post=135059"}],"version-history":[{"count":0,"href":"https:\/\/www.europesays.com\/no\/wp-json\/wp\/v2\/posts\/135059\/revisions"}],"wp:featuredmedia":[{"embeddable":true,"href":"https:\/\/www.europesays.com\/no\/wp-json\/wp\/v2\/media\/135060"}],"wp:attachment":[{"href":"https:\/\/www.europesays.com\/no\/wp-json\/wp\/v2\/media?parent=135059"}],"wp:term":[{"taxonomy":"category","embeddable":true,"href":"https:\/\/www.europesays.com\/no\/wp-json\/wp\/v2\/categories?post=135059"},{"taxonomy":"post_tag","embeddable":true,"href":"https:\/\/www.europesays.com\/no\/wp-json\/wp\/v2\/tags?post=135059"}],"curies":[{"name":"wp","href":"https:\/\/api.w.org\/{rel}","templated":true}]}}