{"id":135061,"date":"2026-01-12T00:58:29","date_gmt":"2026-01-12T00:58:29","guid":{"rendered":"https:\/\/www.europesays.com\/no\/135061\/"},"modified":"2026-01-12T00:58:29","modified_gmt":"2026-01-12T00:58:29","slug":"financial-times-donald-trump-er-uten-hemninger","status":"publish","type":"post","link":"https:\/\/www.europesays.com\/no\/135061\/","title":{"rendered":"Financial Times: \u2013 Donald Trump er uten hemninger"},"content":{"rendered":"<p><b>Dette skriver utenlandske aviser p\u00e5 lederplass<\/b><\/p>\n<p><b><a href=\"https:\/\/www.ft.com\/content\/de864a4d-e2f9-4827-8731-4abae3d30b9e\" target=\"_blank\" rel=\"nofollow noopener\">Financial Times<\/a><\/b><\/p>\n<p>I l\u00f8pet av syv dager ble Venezuelas president tatt til fange av USA. Donald Trump erkl\u00e6rte kontroll over landet, og slengte ut trusler mot Cuba, Colombia, Mexico, Gr\u00f8nland, og Irans ledere. Verden har \u00e5 gj\u00f8re med en Trump uten hemninger.<\/p>\n<p>S\u00e5 oppsiktsvekkende har \u00e5pningen av januar v\u00e6rt at USAs luftangrep mot Nigeria 25. desember allerede f\u00f8les som fjern fortid.\u00a0<\/p>\n<p>Trump f\u00f8ler seg n\u00e5 lite hemmet p\u00e5 hjemmebane. Internasjonalt hevder han USAs rett til \u00e5 handle slik det passer ham.\u00a0<\/p>\n<p>Dette inneb\u00e6rer en kraftig opptrapping av Trumps \u00abAmerica First\u00bb-utenrikspolitikk.\u00a0<\/p>\n<p>Samtidig fortsetter presidenten \u00e5 bruke tyngden sin hjemme.\u00a0<\/p>\n<p>De hardhendte metodene til b\u00f8llene fra Trumps Immigration and Customs Enforcement f\u00f8rte til at en ubev\u00e6pnet kvinne i Minneapolis ble skutt og drept, noe som utl\u00f8ste protester. Videoopptak har reist tvil om Trumps p\u00e5stand om at hun kj\u00f8rte over en ICE-agent.<\/p>\n<p>Det kan diskuteres hvorvidt handlingene hans har opprinnelse i et konsistent verdensbilde. Dette er en president som f\u00f8lger innfallene sine og magef\u00f8lelsen.\u00a0<\/p>\n<p>Men milit\u00e6r eventyrpolitikk i utlandet avleder oppmerksomheten fra svake meningsm\u00e5linger hjemme. I en alder av 79 er hyperaktiviteten ogs\u00e5 et motsvar til rykter om skr\u00f8pelighet og d\u00e5rlig helse.<\/p>\n<p>Likevel: Der mange i administrasjonen i hans f\u00f8rste periode fors\u00f8kte \u00e5 holde ham i t\u00f8ylene, omfavner mektige skikkelser i Det hvite hus i hans andre periode presidentens dristighet og fremstiller den som strategi.\u00a0<\/p>\n<p><img decoding=\"async\" class=\"lazyload \" src=\"https:\/\/www.europesays.com\/no\/wp-content\/uploads\/2026\/01\/1768179507_711_pipe.jpeg\"  data- alt=\"\"\/><\/p>\n<p>VIL HA VENEZUELANSK OLJE: Fra venstre innenriksminister Doug Burgum, visepresident JD Vance, president Donald Trump, utenriksminister Marco Rubio og energiminister Chris Wright. <strong>Foto: Bloomberg<\/strong><\/p>\n<p><b><a href=\"https:\/\/www.wsj.com\/opinion\/iran-protests-regime-ayatollah-ali-khamenei-reza-pahlavi-donald-trump-cb62342d?mod=opinion_lead_pos1\" target=\"_blank\" rel=\"nofollow noopener\">The Wall Street Journal<\/a><\/b><\/p>\n<p>Protestb\u00f8lgen i Iran har eksplodert. Den iranske staten er i ferd med \u00e5 bryte sammen, b\u00e5de n\u00e5r det gjelder valuta, priser, vann, elektrisitet og forsvar. Hvis regimet benytter vold, kan oppr\u00f8ret bli enda st\u00f8rre.<\/p>\n<p><b style=\"letter-spacing: 0.003em;\"><a href=\"https:\/\/www.welt.de\/debatte\/article6960e9dc4d1d5f581eeb1154\/transatlantisches-buendnis-europa-muss-jetzt-im-zeitraffer-erwachsen-werden.html\" target=\"_blank\" rel=\"nofollow noopener\">Die Welt<\/a><\/b><\/p>\n<p>Det europeisk-amerikanske forholdet i det transatlantiske alliansesystemet ligner et ekteskap p\u00e5 1800-tallet. Den gangen var kvinnen overlatt til seg selv ved skilsmisse eller i krisetider. USAs president sier hva han mener, mens europeerne knapt kan gj\u00f8re noe for \u00e5 hevde seg.<\/p>\n<p><b><a href=\"https:\/\/www.economist.com\/leaders\/2026\/01\/08\/france-is-paralysed-and-everyone-is-to-blame\" target=\"_blank\" rel=\"nofollow noopener\">The Economist<\/a><\/b><\/p>\n<p>Frankrike har ikke klart \u00e5 vedta et budsjett for 2026, og st\u00e5r overfor nok en runde med parlamentarisk hestehandel for \u00e5 f\u00e5 vedtatt et budsjett innen utgangen av m\u00e5neden. Budsjettfloken er symptom p\u00e5 et dypere problem: Et alvorlig tilfelle av kollektiv politisk udugelighet. Alle de store akt\u00f8rene i fransk politikk burde skamme seg.<\/p>\n<p><img decoding=\"async\" class=\"lazyload \" src=\"https:\/\/www.europesays.com\/no\/wp-content\/uploads\/2026\/01\/1768179509_241_pipe.jpeg\"  data- alt=\"\"\/><\/p>\n<p>ANKLAGES FOR UDUGELIGHET: \u00c9lys\u00e9epalasset er den franske presidentens offisielle residens i Paris. <strong>Foto: Dreamstime<\/strong><\/p>\n","protected":false},"excerpt":{"rendered":"Dette skriver utenlandske aviser p\u00e5 lederplass Financial Times I l\u00f8pet av syv dager ble Venezuelas president tatt til&hellip;\n","protected":false},"author":2,"featured_media":135062,"comment_status":"","ping_status":"","sticky":false,"template":"","format":"standard","meta":{"footnotes":""},"categories":[12],"tags":[20,21,24,25,15,22,23,13,30,28,29,14,16,26,27,42,43,44,45],"class_list":{"0":"post-135061","1":"post","2":"type-post","3":"status-publish","4":"format-standard","5":"has-post-thumbnail","7":"category-verden","8":"tag-breaking-news","9":"tag-breakingnews","10":"tag-featured-news","11":"tag-featurednews","12":"tag-headlines","13":"tag-latest-news","14":"tag-latestnews","15":"tag-news","16":"tag-no","17":"tag-norge","18":"tag-norway","19":"tag-nyheter","20":"tag-overskrifter","21":"tag-top-stories","22":"tag-topstories","23":"tag-verden","24":"tag-world","25":"tag-world-news","26":"tag-worldnews"},"share_on_mastodon":{"url":"https:\/\/pubeurope.com\/@no\/115879418480674332","error":""},"_links":{"self":[{"href":"https:\/\/www.europesays.com\/no\/wp-json\/wp\/v2\/posts\/135061","targetHints":{"allow":["GET"]}}],"collection":[{"href":"https:\/\/www.europesays.com\/no\/wp-json\/wp\/v2\/posts"}],"about":[{"href":"https:\/\/www.europesays.com\/no\/wp-json\/wp\/v2\/types\/post"}],"author":[{"embeddable":true,"href":"https:\/\/www.europesays.com\/no\/wp-json\/wp\/v2\/users\/2"}],"replies":[{"embeddable":true,"href":"https:\/\/www.europesays.com\/no\/wp-json\/wp\/v2\/comments?post=135061"}],"version-history":[{"count":0,"href":"https:\/\/www.europesays.com\/no\/wp-json\/wp\/v2\/posts\/135061\/revisions"}],"wp:featuredmedia":[{"embeddable":true,"href":"https:\/\/www.europesays.com\/no\/wp-json\/wp\/v2\/media\/135062"}],"wp:attachment":[{"href":"https:\/\/www.europesays.com\/no\/wp-json\/wp\/v2\/media?parent=135061"}],"wp:term":[{"taxonomy":"category","embeddable":true,"href":"https:\/\/www.europesays.com\/no\/wp-json\/wp\/v2\/categories?post=135061"},{"taxonomy":"post_tag","embeddable":true,"href":"https:\/\/www.europesays.com\/no\/wp-json\/wp\/v2\/tags?post=135061"}],"curies":[{"name":"wp","href":"https:\/\/api.w.org\/{rel}","templated":true}]}}