{"id":135067,"date":"2026-01-12T01:29:08","date_gmt":"2026-01-12T01:29:08","guid":{"rendered":"https:\/\/www.europesays.com\/no\/135067\/"},"modified":"2026-01-12T01:29:08","modified_gmt":"2026-01-12T01:29:08","slug":"irans-ambassade-i-oslo-utsatt-for-haerverk-stor-oslo","status":"publish","type":"post","link":"https:\/\/www.europesays.com\/no\/135067\/","title":{"rendered":"Irans ambassade i Oslo utsatt for h\u00e6rverk \u2013 Stor-Oslo"},"content":{"rendered":"<p>En gruppe tok seg s\u00f8ndag kveld inn p\u00e5 Irans ambassade i Oslo. De byttet ut flagget og skrev slagord.<\/p>\n<p>NTBs fotograf var p\u00e5 stedet da det skjedde.<\/p>\n<p>Det iranske flagget ved ambassaden ble erstattet med det gamle flagget fra f\u00f8r revolusjonen i 1979.<\/p>\n<p><strong>Det ble ogs\u00e5 sprayet \u00abJavid shah\u00bb \u2013 \u00ableve sjahen\u00bb \u2013 p\u00e5 veggen, forteller NTB-fotografen.<\/strong><\/p>\n<p><img decoding=\"async\"   src=\"data:image\/gif;base64,R0lGODlhAQABAIAAAAAAAP\/\/\/yH5BAEAAAAALAAAAAABAAEAAAIBRAA7\" loading=\"eager\" alt=\"Bilde viser en nattlig scene med en vakthytte merket med &quot;POLITI&quot; i forgrunnen, samt en bygning i bakgrunnen. Tykkere gjerder omkranser bygningen, og det kan sees flagg. Vaktboden er utsatt for graffiti, og omgivelsene er preget av sn\u00f8. Belysningen fra bygningen skaper kontrast mot m\u00f8rket. (Bildebeskrivelsen er laget av en KI-tjeneste)\" title=\"Foto: Javad Parsa \/ NTB\"\/><\/p>\n<p class=\"\">Tagging ogs\u00e5 p\u00e5 politiets bod.<\/p>\n<p>Foto: Javad Parsa \/ NTB<\/p>\n<p>Politiet kom til stedet like etter.<\/p>\n<p>\u2013 Vi fikk varsling fra ansatte ved ambassaden, sier operasjonsleder Alexander \u00d8sterhaug i Oslo-politiet. De s\u00f8ker etter gjerningspersonene.<\/p>\n<p><strong>Det p\u00e5g\u00e5r store demonstrasjoner i Iran og flere hundre er drept.<\/strong><\/p>\n<p>Kan v\u00e6re flere lovbrudd<\/p>\n<p>Politiet sier de n\u00e5 jobber ut ifra at \u00a7184 og \u00a7155 i straffeloven kan v\u00e6re brutt.<\/p>\n<p><strong>Det dreier seg om krenkelse av representasjonen til en fremmed stat og skadeverk.<\/strong><\/p>\n<p>Oslo-politiet utelukker heller ikke at andre lovbrudd ogs\u00e5 kan gj\u00f8re seg gjeldende i denne saken.<\/p>\n<p>Brudd p\u00e5<a href=\"https:\/\/lovdata.no\/dokument\/NL\/lov\/2005-05-20-28\/KAPITTEL_2-5#%C2%A7191\" onclick=\"window.open(this.href, &#039;&#039;, &#039;resizable=no,status=no,location=no,toolbar=no,menubar=no,fullscreen=no,scrollbars=no,dependent=no&#039;); return false;\" ec-id=\"https:\/\/lovdata.no\/dokument\/NL\/lov\/2005-05-20-28\/KAPITTEL_2-5\" ec-name=\"\u00a7184\" rel=\"nofollow noopener\" target=\"_blank\"> \u00a7184<\/a> kan gi bot eller fengsel inntil ett \u00e5r.<\/p>\n<p>Politiet s\u00f8kte etter gjerningspersonene, men s\u00f8ket ble avsluttet like f\u00f8r klokka 02.00.<\/p>\n<p><img decoding=\"async\"   src=\"data:image\/gif;base64,R0lGODlhAQABAIAAAAAAAP\/\/\/yH5BAEAAAAALAAAAAABAAEAAAIBRAA7\" loading=\"eager\" alt=\"En person, if\u00f8rt svart jakke og lue, kneeler foran en bygning om natten. Det er sn\u00f8 p\u00e5 bakken, og vedkommende har en sprayboks i h\u00e5nden. P\u00e5 veggen bak er det nylig sprayet graffiti i rosa. Bygningens vinduer har dekorative gitre. (Bildebeskrivelsen er laget av en KI-tjeneste)\" title=\"Foto: Javad Parsa \/ NTB\"\/><\/p>\n<p>Foto: Javad Parsa \/ NTB<\/p>\n<p>Protester flere steder<\/p>\n<p>Demonstranter som protesterer mot det iranske regimet har i l\u00f8pet av helgen samlet seg utenfor ambassader over hele verden, og i Oslo.<\/p>\n<p><strong>I Vest-London klatret en av demonstrantene opp p\u00e5 balkongen til den iranske ambassaden og rev ned flagget, skriver <a href=\"https:\/\/www.bbc.com\/news\/articles\/cy09yvd57x2o\" ec-id=\"https:\/\/www.bbc.com\/news\/articles\/cy09yvd57x2o\" ec-name=\"BBC.\" rel=\"nofollow noopener\" target=\"_blank\">BBC.<\/a><\/strong><\/p>\n<p>Protestene startet i Iran den 28. desember.<\/p>\n<p><img decoding=\"async\"   src=\"data:image\/gif;base64,R0lGODlhAQABAIAAAAAAAP\/\/\/yH5BAEAAAAALAAAAAABAAEAAAIBRAA7\" loading=\"eager\" alt=\"En person st\u00e5r p\u00e5 taket av en bil og holder opp et flagg med gr\u00f8nne, hvite og r\u00f8de striper. Bakgrunnen viser en travel gate med en r\u00f8d buss og mennesker i uniform foran en bygning med stillas. Bilene i veien er parkert og det er noen fotgjengere i n\u00e6rheten. Scenen ser ut til \u00e5 v\u00e6re fra en offentlig demonstrasjon eller feiring. (Bildebeskrivelsen er laget av en KI-tjeneste)\" title=\"Foto: Suzanne Plunkett \/ Reuters \/ NTB\"\/><\/p>\n<p>Foto: Suzanne Plunkett \/ Reuters \/ NTB<\/p>\n<p>Publisert<\/p>\n<p>12.01.2026, kl. 01.28<\/p>\n<p>Oppdatert<\/p>\n<p>12.01.2026, kl. 01.56<\/p>\n","protected":false},"excerpt":{"rendered":"En gruppe tok seg s\u00f8ndag kveld inn p\u00e5 Irans ambassade i Oslo. De byttet ut flagget og skrev&hellip;\n","protected":false},"author":2,"featured_media":135068,"comment_status":"","ping_status":"","sticky":false,"template":"","format":"standard","meta":{"footnotes":""},"categories":[5],"tags":[20,21,24,25,15,19,22,23,17,18,13,30,28,29,14,16,26,27],"class_list":{"0":"post-135067","1":"post","2":"type-post","3":"status-publish","4":"format-standard","5":"has-post-thumbnail","7":"category-overskrifter","8":"tag-breaking-news","9":"tag-breakingnews","10":"tag-featured-news","11":"tag-featurednews","12":"tag-headlines","13":"tag-hovedoppslag","14":"tag-latest-news","15":"tag-latestnews","16":"tag-main-news","17":"tag-mainnews","18":"tag-news","19":"tag-no","20":"tag-norge","21":"tag-norway","22":"tag-nyheter","23":"tag-overskrifter","24":"tag-top-stories","25":"tag-topstories"},"share_on_mastodon":{"url":"https:\/\/pubeurope.com\/@no\/115879540356890371","error":""},"_links":{"self":[{"href":"https:\/\/www.europesays.com\/no\/wp-json\/wp\/v2\/posts\/135067","targetHints":{"allow":["GET"]}}],"collection":[{"href":"https:\/\/www.europesays.com\/no\/wp-json\/wp\/v2\/posts"}],"about":[{"href":"https:\/\/www.europesays.com\/no\/wp-json\/wp\/v2\/types\/post"}],"author":[{"embeddable":true,"href":"https:\/\/www.europesays.com\/no\/wp-json\/wp\/v2\/users\/2"}],"replies":[{"embeddable":true,"href":"https:\/\/www.europesays.com\/no\/wp-json\/wp\/v2\/comments?post=135067"}],"version-history":[{"count":0,"href":"https:\/\/www.europesays.com\/no\/wp-json\/wp\/v2\/posts\/135067\/revisions"}],"wp:featuredmedia":[{"embeddable":true,"href":"https:\/\/www.europesays.com\/no\/wp-json\/wp\/v2\/media\/135068"}],"wp:attachment":[{"href":"https:\/\/www.europesays.com\/no\/wp-json\/wp\/v2\/media?parent=135067"}],"wp:term":[{"taxonomy":"category","embeddable":true,"href":"https:\/\/www.europesays.com\/no\/wp-json\/wp\/v2\/categories?post=135067"},{"taxonomy":"post_tag","embeddable":true,"href":"https:\/\/www.europesays.com\/no\/wp-json\/wp\/v2\/tags?post=135067"}],"curies":[{"name":"wp","href":"https:\/\/api.w.org\/{rel}","templated":true}]}}