{"id":135071,"date":"2026-01-12T01:50:11","date_gmt":"2026-01-12T01:50:11","guid":{"rendered":"https:\/\/www.europesays.com\/no\/135071\/"},"modified":"2026-01-12T01:50:11","modified_gmt":"2026-01-12T01:50:11","slug":"prisene-drysser-na-skarsgaard-vant-for-affeksjonsverdi","status":"publish","type":"post","link":"https:\/\/www.europesays.com\/no\/135071\/","title":{"rendered":"Prisene drysser n\u00e5 &#8211; Skarsgaard vant for \u00abAffeksjonsverdi\u00bb"},"content":{"rendered":"\n<p class=\"_lead_o9xde_2 _lead_xtcu6_50 layout-component text-serif-m layout-normal text-serif-l layout-component layout-wide layout-padded _wide_17hqh_1 layout-padded\">Svenske Stellan Skarsg\u00e5rd vant \u00e5rets Golden Globe-pris for beste mannlige birolle for sin innsats i den norske filmen \u00abAffeksjonsverdi\u00bb.<\/p>\n<p><img alt=\"Stellan Skarsgaard vant for beste birolle i Trier-filmen \u00abAffeksjonsverdi\u00bb Foto: Jordan Strauss \/ AP \/ NTB\" class=\"_image_qp4xg_65 layout-component layout-wide\" data-fullscreen- data-track-element-type=\"Article image fullscreen\" data-track-name=\"ImageFullscreen\" fetchpriority=\"high\" decoding=\"sync\" loading=\"eager\" height=\"2476\" itemprop=\"image\"  src=\"https:\/\/www.europesays.com\/no\/wp-content\/uploads\/2026\/01\/6126975a-ff49-40f8-b70d-bf90d29e6bfe.jpeg\"  style=\"object-position:0% 0%\" width=\"3714\"\/>Stellan Skarsgaard vant for beste birolle i Trier-filmen \u00abAffeksjonsverdi\u00bb Foto: Jordan Strauss \/ AP \/ NTB<\/p>\n<ul aria-hidden=\"true\" class=\"_images_ntbth_112\">\n<li><a class=\"_link_ntbth_117\" href=\"https:\/\/www.vg.no\/forfatter\/kari-aarstad-aase\" style=\"z-index:1\" title=\"Kari Aarstad Aase\" rel=\"nofollow noopener\" target=\"_blank\"><img alt=\"Bilde av Kari Aarstad Aase\" class=\"_image_ntbth_93\" fetchpriority=\"low\" loading=\"lazy\" decoding=\"async\" itemprop=\"image\"  src=\"https:\/\/www.europesays.com\/no\/wp-content\/uploads\/2026\/01\/1768182609_663_0dbde33e-6d8e-4680-8e4f-e2a64281e2b8.jpeg\"  width=\"480\"\/><\/a><\/li>\n<\/ul>\n<p> Oppdatert mandag 12. januar kl. 02:45     <\/p>\n<p class=\"_paragraph_o9xde_4 _paragraph_xtcu6_10 layout-component text-serif-m layout-normal text-serif-m layout-padded\">\u2013 Jeg var selvf\u00f8lgelig ikke forberedt p\u00e5 dette, for jeg trodde jeg var for gammel, sp\u00f8kte Skarsg\u00e5rd da han tok imot prisen.<\/p>\n<p class=\"_paragraph_o9xde_4 _paragraph_xtcu6_10 layout-component text-serif-m layout-normal text-serif-m layout-padded\">Den erfarne skuespilleren la til at han er takknemlig for at filmen blir lagt merke til, fordi det er en liten norsk film \u00abuten penger til reklame eller noe som helst, som f\u00e5r vise seg frem for verden p\u00e5 denne m\u00e5ten. Forh\u00e5pentligvis f\u00e5r dere sett den p\u00e5 kino, for de er en truet art n\u00e5\u00bb.<\/p>\n<p class=\"_paragraph_o9xde_4 _paragraph_xtcu6_10 layout-component text-serif-m layout-normal text-serif-m layout-padded\">\u00abAffeksjonsverdi\u00bb hadde ogs\u00e5 to nominerte til prisen for beste kvinnelige birolle \u2013 amerikanske Elle Fanning og norske Inga Ibsdotter Lilleaas \u2013 men den gikk til Teyana Taylor, som spiller Perfidia Beverly Hills i \u00abOne Battle After Another\u00bb.<\/p>\n<p class=\"_paragraph_o9xde_4 _paragraph_xtcu6_10 layout-component text-serif-m layout-normal text-serif-m layout-padded\">Komikeren Nikki Glaser, som er vert for andre gang i \u00e5r, \u00e5pnet monologen sin med en sp\u00f8k og kalte Globes \u00abUten tvil det viktigste som skjer i verden akkurat n\u00e5.\u00bb<\/p>\n<p><img alt=\"Nikki Glaser  Foto: CHRIS TORRES \/ EPA \/ NTB\" class=\"_image_qp4xg_65 layout-component layout-normal\" data-fullscreen- data-track-element-type=\"Article image fullscreen\" data-track-name=\"ImageFullscreen\" decoding=\"async\" loading=\"lazy\" height=\"5000\" itemprop=\"image\"  src=\"https:\/\/www.europesays.com\/no\/wp-content\/uploads\/2026\/01\/ed1c5ec0-9cdf-435a-9cfd-81d5b7d12948.jpeg\"  style=\"object-position:0% 0%\" width=\"3334\"\/>Nikki Glaser  Foto: CHRIS TORRES \/ EPA \/ NTB<\/p>\n<p class=\"_paragraph_o9xde_4 _paragraph_xtcu6_10 layout-component text-serif-m layout-normal text-serif-m layout-padded\">Golden Globe-prisen markerer tradisjonelt starten p\u00e5 prisutdelingssesongen, der noen av de beste TV-seriene og filmene fra det siste \u00e5ret f\u00e5r muligheten til \u00e5 utpeke seg som favoritter i sine kategorier. <\/p>\n<p><img alt=\"Renate Reinsve  Foto: AMY SUSSMAN \/ AFP \/ NTB\" class=\"_image_qp4xg_65 layout-component layout-normal\" data-fullscreen- data-track-element-type=\"Article image fullscreen\" data-track-name=\"ImageFullscreen\" decoding=\"async\" loading=\"lazy\" height=\"5000\" itemprop=\"image\"  src=\"https:\/\/www.europesays.com\/no\/wp-content\/uploads\/2026\/01\/464d3b67-811b-411e-a746-d8691564b454.jpeg\"  style=\"object-position:0% 0%\" width=\"3333\"\/>Renate Reinsve  Foto: AMY SUSSMAN \/ AFP \/ NTB<\/p>\n<p class=\"_paragraph_o9xde_4 _paragraph_xtcu6_10 layout-component text-serif-m layout-normal text-serif-m layout-padded\">Det er ikke ofte representanter fra det norske filmmilj\u00f8et er \u00e5 se p\u00e5 den store scenen, men i \u00e5r er  \u00abAffeksjonsverdi\u00bb nominert i hele \u00e5tte kategorier.<\/p>\n<p><img alt=\"Foto: Mario Anzuoni \/ Reuters \/ NTB\" class=\"_image_qp4xg_65 layout-component layout-normal\" data-fullscreen- data-track-element-type=\"Article image fullscreen\" data-track-name=\"ImageFullscreen\" decoding=\"async\" loading=\"lazy\" height=\"4000\" itemprop=\"image\"  src=\"https:\/\/www.europesays.com\/no\/wp-content\/uploads\/2026\/01\/aa0e82f4-5f49-43f5-af0a-ad6cce5df879.jpeg\"  style=\"object-position:0% 0%\" width=\"6000\"\/>Foto: Mario Anzuoni \/ Reuters \/ NTBDette er de \u00e5tte nominasjonene:<\/p>\n<p class=\"_paragraph_o9xde_4 _paragraph_xtcu6_10 layout-component text-serif-m layout-normal text-serif-m layout-padded\">* Beste dramafilm<\/p>\n<p class=\"_paragraph_o9xde_4 _paragraph_xtcu6_10 layout-component text-serif-m layout-normal text-serif-m layout-padded\">* Beste kvinnelige hovedrolle \u2013 norske Renate Reinsve<\/p>\n<p class=\"_paragraph_o9xde_4 _paragraph_xtcu6_10 layout-component text-serif-m layout-normal text-serif-m layout-padded\">* Beste ikke-engelskspr\u00e5klige film<\/p>\n<p class=\"_paragraph_o9xde_4 _paragraph_xtcu6_10 layout-component text-serif-m layout-normal text-serif-m layout-padded\">* Beste mannlige birolle \u2013 svenske Stellan Skarsg\u00e5rd<\/p>\n<p class=\"_paragraph_o9xde_4 _paragraph_xtcu6_10 layout-component text-serif-m layout-normal text-serif-m layout-padded\">* Beste manus \u2013 Eskil Vogt og <a href=\"https:\/\/www.vg.no\/tag\/joachim-trier?utm_source=vg-article&amp;utm_medium=auto-tagger&amp;utm_campaign=7pK3OV\" class=\"_link_o9xde_39\" rel=\"nofollow noopener\" target=\"_blank\">Joachim Trier<\/a><\/p>\n<p class=\"_paragraph_o9xde_4 _paragraph_xtcu6_10 layout-component text-serif-m layout-normal text-serif-m layout-padded\">* Beste kvinnelige birolle \u2013 b\u00e5de amerikanske Elle Fanning og norske Inga Ibsdotter Lilleaas<\/p>\n<p class=\"_paragraph_o9xde_4 _paragraph_xtcu6_10 layout-component text-serif-m layout-normal text-serif-m layout-padded\">* Beste regi \u2013 Joachim Trier<\/p>\n<p><img alt=\"Foto: Caroline Brehman \/ Reuters \/ NTB\" class=\"_image_qp4xg_65 layout-component layout-normal\" data-fullscreen- data-track-element-type=\"Article image fullscreen\" data-track-name=\"ImageFullscreen\" decoding=\"async\" loading=\"lazy\" height=\"4760\" itemprop=\"image\"  src=\"https:\/\/www.europesays.com\/no\/wp-content\/uploads\/2026\/01\/e5cf946a-c610-46e5-830b-27be683bf42a.png\"  style=\"object-position:0% 0%\" width=\"7137\"\/>Foto: Caroline Brehman \/ Reuters \/ NTB<\/p>\n<p class=\"_paragraph_o9xde_4 _paragraph_xtcu6_10 layout-component text-serif-m layout-normal text-serif-m layout-padded\">Golden Globe-nominasjonene ble kjent f\u00f8r jul i 2025:<\/p>\n<p class=\"_paragraph_o9xde_4 _paragraph_xtcu6_10 layout-component text-serif-m layout-normal text-serif-m layout-padded\">\u2013 I dag er en veldig god dag \u00e5 v\u00e6re regiss\u00f8r for \u00abAffeksjonsverdi\u00bb. Jeg er uendelig glad for alle nominasjonene og for at s\u00e5 mange i gjengen blir anerkjent, sa Trier da til NTB.<\/p>\n<p class=\"_paragraph_o9xde_4 _paragraph_xtcu6_10 layout-component text-serif-m layout-normal text-serif-m layout-padded\">En r\u00f8rt Renate Reinsve sa dette til NRK:<\/p>\n<p class=\"_paragraph_o9xde_4 _paragraph_xtcu6_10 layout-component text-serif-m layout-normal text-serif-m layout-padded\">\u2013 Dette f\u00f8les helt utrolig stort. Jeg er s\u00e5 stolt over \u00e5 v\u00e6re en del av denne filmen og at vi har blitt nominert til s\u00e5 mange kategorier i Golden Globe, sa hun.<\/p>\n","protected":false},"excerpt":{"rendered":"Svenske Stellan Skarsg\u00e5rd vant \u00e5rets Golden Globe-pris for beste mannlige birolle for sin innsats i den norske filmen&hellip;\n","protected":false},"author":2,"featured_media":135072,"comment_status":"","ping_status":"","sticky":false,"template":"","format":"standard","meta":{"footnotes":""},"categories":[5],"tags":[20,21,3317,24,25,15,19,3244,22,23,17,18,13,30,28,29,14,16,3243,3242,26,27],"class_list":{"0":"post-135071","1":"post","2":"type-post","3":"status-publish","4":"format-standard","5":"has-post-thumbnail","7":"category-overskrifter","8":"tag-breaking-news","9":"tag-breakingnews","10":"tag-elle-fanning","11":"tag-featured-news","12":"tag-featurednews","13":"tag-headlines","14":"tag-hovedoppslag","15":"tag-joachim-trier","16":"tag-latest-news","17":"tag-latestnews","18":"tag-main-news","19":"tag-mainnews","20":"tag-news","21":"tag-no","22":"tag-norge","23":"tag-norway","24":"tag-nyheter","25":"tag-overskrifter","26":"tag-renate-reinsve","27":"tag-stellan-skarsgard","28":"tag-top-stories","29":"tag-topstories"},"share_on_mastodon":{"url":"https:\/\/pubeurope.com\/@no\/115879622948182174","error":""},"_links":{"self":[{"href":"https:\/\/www.europesays.com\/no\/wp-json\/wp\/v2\/posts\/135071","targetHints":{"allow":["GET"]}}],"collection":[{"href":"https:\/\/www.europesays.com\/no\/wp-json\/wp\/v2\/posts"}],"about":[{"href":"https:\/\/www.europesays.com\/no\/wp-json\/wp\/v2\/types\/post"}],"author":[{"embeddable":true,"href":"https:\/\/www.europesays.com\/no\/wp-json\/wp\/v2\/users\/2"}],"replies":[{"embeddable":true,"href":"https:\/\/www.europesays.com\/no\/wp-json\/wp\/v2\/comments?post=135071"}],"version-history":[{"count":0,"href":"https:\/\/www.europesays.com\/no\/wp-json\/wp\/v2\/posts\/135071\/revisions"}],"wp:featuredmedia":[{"embeddable":true,"href":"https:\/\/www.europesays.com\/no\/wp-json\/wp\/v2\/media\/135072"}],"wp:attachment":[{"href":"https:\/\/www.europesays.com\/no\/wp-json\/wp\/v2\/media?parent=135071"}],"wp:term":[{"taxonomy":"category","embeddable":true,"href":"https:\/\/www.europesays.com\/no\/wp-json\/wp\/v2\/categories?post=135071"},{"taxonomy":"post_tag","embeddable":true,"href":"https:\/\/www.europesays.com\/no\/wp-json\/wp\/v2\/tags?post=135071"}],"curies":[{"name":"wp","href":"https:\/\/api.w.org\/{rel}","templated":true}]}}