{"id":135078,"date":"2026-01-12T02:04:15","date_gmt":"2026-01-12T02:04:15","guid":{"rendered":"https:\/\/www.europesays.com\/no\/135078\/"},"modified":"2026-01-12T02:04:15","modified_gmt":"2026-01-12T02:04:15","slug":"nar-stillheten-blir-den-storste-feilen","status":"publish","type":"post","link":"https:\/\/www.europesays.com\/no\/135078\/","title":{"rendered":"N\u00e5r stillheten blir den st\u00f8rste feilen"},"content":{"rendered":"<p>Skrevet av Karl Erik Klingenberg, pensjonist \/ skribent og tidligere ansatt i omsorgstjenesten<\/p>\n<p>Vi kaller det utelatt helsehjelp, den hjelpen som er planlagt, forventet eller lovp\u00e5lagt, men som i praksis aldri blir gitt.<\/p>\n<p><strong>Jeg har sett <\/strong>dette p\u00e5 n\u00e6rt hold i over ti \u00e5r, som p\u00e5r\u00f8rende og som omsorgsassistent. Jeg har v\u00e6rt p\u00e5 dag, natt og terminalvakter. Og det som sl\u00e5r meg er ikke bare svikten i seg selv, men stillheten rundt den.<\/p>\n<p>Det som ikke skjer, telles ikke. Taushet er blitt en del av systemet<\/p>\n<p><strong>N\u00e5r ansatte ikke<\/strong> melder avvik fordi de vet det ikke f\u00f8rer til noe \u2013 eller fordi de frykter for jobben \u2013 oppst\u00e5r det forskningen kaller institusjonell taushet. Systemet bel\u00f8nner tilpasning, ikke varsling. Slik skapes et helsevesen som ser ryddig ut p\u00e5 papiret, men som i praksis svikter de mest s\u00e5rbare.<\/p>\n<p><strong>Jeg har sett<\/strong> pasienter ligge i smerte i timevis mens vi ventet p\u00e5 legetilsyn. Jeg har sett p\u00e5r\u00f8rende rydde rommet samme dag pasienten d\u00f8de, fordi neste sto i k\u00f8. Jeg har sett demente plasseres i \u00absansehager\u00bb uten sollys, der dagene minner mer om lufteg\u00e5rd enn omsorg. Disse historiene gjentas. Ikke som unntak, men som m\u00f8nstre.<\/p>\n<p><strong>Dette blir enda <\/strong>farligere n\u00e5r helsetjenester blir butikk.<\/p>\n<p>I Nord\u2011Norge ble det nylig avdekket hvordan private psykologer kunne fakturere millioner til Helfo \u2013 med mangelfull journalf\u00f8ring, svak oppf\u00f8lging og pasientkontakt som knapt eksisterte.<\/p>\n<p><strong>Systemet sviktet i<\/strong> begge ender. Pasientene ble st\u00e5ende alene. Akt\u00f8rene kunne tjene stort. Dette handler ikke om \u00e9n person, \u00e9n institusjon eller \u00e9n feil. Det handler om et system som ikke t\u00e5ler virkeligheten, og som unng\u00e5r den \u2013 i stillhet.<\/p>\n<p>N\u00e5r Riksrevisjonen sl\u00e5r fast at styring og ledelse i helsetjenesten er \u00abikke tilfredsstillende\u00bb, n\u00e5r Helsetilsynet leter etter feil i permer, men aldri finner den likegyldigheten som skjer bak d\u00f8ra p\u00e5 pasientrommet \u2013 da m\u00e5 vi stille sp\u00f8rsm\u00e5let:<\/p>\n<p><strong>Hva med pasienten<\/strong> som ikke f\u00e5r smertelindring, fordi legen ikke rekker frem? Hva med dem som d\u00f8r ikke av sykdom, men av forsinket hjelp \u2013 eller hjelpen som aldri kom? Hva med p\u00e5r\u00f8rende som st\u00e5r alene med sp\u00f8rsm\u00e5lene, fordi ingen t\u00f8r \u00e5 snakke sant? Det som svikter, er ikke f\u00f8rst og fremst fagfolk. Det er ledelse, kultur og system.<\/p>\n<ul class=\"List\">\n<li>\n<p>Vi trenger ikke bare flere hender.<\/p>\n<\/li>\n<li>\n<p>men ledere som t\u00e5ler d\u00e5rlige nyheter.<\/p>\n<\/li>\n<li>\n<p>systemer som bel\u00f8nner \u00e5penhet, ikke stillhet.<\/p>\n<\/li>\n<li>\n<p>dokumentasjon som ikke stopper ved permer, men ser p\u00e5 virkeligheten.<\/p>\n<\/li>\n<li>\n<p>og en politisk ledelse som t\u00f8r \u00e5 prioritere mennesker, ikke bare drift.<\/p>\n<\/li>\n<\/ul>\n<p><strong>Hvor mange d\u00f8r <\/strong>i Norge hvert \u00e5r ikke av sykdom \u2013 men av uteblitt oppf\u00f8lging, forsinket behandling eller ansvar som forsvinner mellom niv\u00e5er? Det sp\u00f8rsm\u00e5let m\u00e5 vi t\u00f8re \u00e5 stille. Og vi m\u00e5 begynne \u00e5 svare p\u00e5 det. F\u00f8r stillheten blir den st\u00f8rste feilen av dem alle.<\/p>\n","protected":false},"excerpt":{"rendered":"Skrevet av Karl Erik Klingenberg, pensjonist \/ skribent og tidligere ansatt i omsorgstjenesten Vi kaller det utelatt helsehjelp,&hellip;\n","protected":false},"author":2,"featured_media":135079,"comment_status":"","ping_status":"","sticky":false,"template":"","format":"standard","meta":{"footnotes":""},"categories":[10],"tags":[20,21,24,25,15,22,23,13,30,28,29,14,16,26,27],"class_list":{"0":"post-135078","1":"post","2":"type-post","3":"status-publish","4":"format-standard","5":"has-post-thumbnail","7":"category-norge","8":"tag-breaking-news","9":"tag-breakingnews","10":"tag-featured-news","11":"tag-featurednews","12":"tag-headlines","13":"tag-latest-news","14":"tag-latestnews","15":"tag-news","16":"tag-no","17":"tag-norge","18":"tag-norway","19":"tag-nyheter","20":"tag-overskrifter","21":"tag-top-stories","22":"tag-topstories"},"share_on_mastodon":{"url":"https:\/\/pubeurope.com\/@no\/115879678154365311","error":""},"_links":{"self":[{"href":"https:\/\/www.europesays.com\/no\/wp-json\/wp\/v2\/posts\/135078","targetHints":{"allow":["GET"]}}],"collection":[{"href":"https:\/\/www.europesays.com\/no\/wp-json\/wp\/v2\/posts"}],"about":[{"href":"https:\/\/www.europesays.com\/no\/wp-json\/wp\/v2\/types\/post"}],"author":[{"embeddable":true,"href":"https:\/\/www.europesays.com\/no\/wp-json\/wp\/v2\/users\/2"}],"replies":[{"embeddable":true,"href":"https:\/\/www.europesays.com\/no\/wp-json\/wp\/v2\/comments?post=135078"}],"version-history":[{"count":0,"href":"https:\/\/www.europesays.com\/no\/wp-json\/wp\/v2\/posts\/135078\/revisions"}],"wp:featuredmedia":[{"embeddable":true,"href":"https:\/\/www.europesays.com\/no\/wp-json\/wp\/v2\/media\/135079"}],"wp:attachment":[{"href":"https:\/\/www.europesays.com\/no\/wp-json\/wp\/v2\/media?parent=135078"}],"wp:term":[{"taxonomy":"category","embeddable":true,"href":"https:\/\/www.europesays.com\/no\/wp-json\/wp\/v2\/categories?post=135078"},{"taxonomy":"post_tag","embeddable":true,"href":"https:\/\/www.europesays.com\/no\/wp-json\/wp\/v2\/tags?post=135078"}],"curies":[{"name":"wp","href":"https:\/\/api.w.org\/{rel}","templated":true}]}}