{"id":135082,"date":"2026-01-12T02:11:14","date_gmt":"2026-01-12T02:11:14","guid":{"rendered":"https:\/\/www.europesays.com\/no\/135082\/"},"modified":"2026-01-12T02:11:14","modified_gmt":"2026-01-12T02:11:14","slug":"gult-farevarsel-for-kraftige-vindkast-vy-innstiller-bussruter-i-sunndal-nrk-more-og-romsdal-lokale-nyheter-tv-og-radio","status":"publish","type":"post","link":"https:\/\/www.europesays.com\/no\/135082\/","title":{"rendered":"Gult farevarsel for kraftige vindkast \u2013 Vy innstiller bussruter i Sunndal \u2013 NRK M\u00f8re og Romsdal \u2013 Lokale nyheter, TV og radio"},"content":{"rendered":"<p>Meteorologene har sendt ut gult farevarsel om kraftige vindkast som gjelder fra natt til mandag og utover dagen.<\/p>\n<p>Det er ventet lokalt kraftige vindkast p\u00e5 27\u201333 m\/s, som vil ramme hele fylket, if\u00f8lge vakthavende meteorolog Per Egil Haga.<\/p>\n<p><strong>\u2013 Men det kan se ut til at Nordm\u00f8re er litt mer utsatt enn Romsdal og Sunnm\u00f8re. De indre str\u00f8kene av Nordm\u00f8re er de som er mest utsatt. <\/strong><\/p>\n<p>Haga sier de der venter at vinden skal \u00f8ke p\u00e5 fra en s\u00f8r\u00f8stlig retning, og i fjellet vil det bli periodevis full storm.<\/p>\n<p>\u2013 Og vi venter at denne vinden kan sl\u00e5 ned mange steder, ogs\u00e5 i lavlandsstr\u00f8kene.<\/p>\n<p><strong>Det har f\u00f8rt til at busselskapet Vy har kansellert alle skoleruter i Sunndal kommune mandag. Ogs\u00e5 andre ruter er p\u00e5virket.<\/strong><\/p>\n<p>Bussrutene som rammes<\/p>\n<p>Alle skoleruter i Sunndal blir innstilt.<\/p>\n<p>Busser som betjener grunnskoler i Surnadal, Tingvoll og Eidsv\u00e5g g\u00e5r som normalt.<\/p>\n<p>Busser som betjener videreg\u00e5ende skole i Sunndal og Tingvoll er innstilt. Disse bussene g\u00e5r fra Surnadal og Eidsv\u00e5g, opplyser Siv Egger Westin i Vy.<\/p>\n<p><strong>Ogs\u00e5 disse rutene rammes av farevarselet:<\/strong><\/p>\n<p>Rute 901 fra Kristiansund kl 0630 som blir kj\u00f8rt til Meisingset, denne bussen snur og tar opp rute fra Meisingset til Kristiansund med en liten forsinkelse.<\/p>\n<p>Rute 901 fra Kristiansund kl 1045 kj\u00f8res til Krifast for korrespondanse med rute 905 til Trondheim.<\/p>\n<p>Rute 901 fra Kristiansund kl 1330 kj\u00f8res til Tingvoll. Denne bussen returnerer fra Tingvoll kl 1520 til Kristiansund.<\/p>\n<p>Rute 901 fra Kristiansund kl 1635 kj\u00f8res til Tingvoll. Denne bussen returnerer fra Tingvoll kl 2020 til Kristiansund.<\/p>\n<p>Rute 901 fra Kristiansund kl 2125 innstilles.<\/p>\n<p>Rute 901 fra Oppdal innstilles i sin helhet.<\/p>\n<p>Rute 902 fra Sunndals\u00f8ra kl 0555 til Molde innstilles mellom Sunndals\u00f8ra og Eidsv\u00e5g. Kj\u00f8res fra Eidsv\u00e5g kl 0635 til Molde som normalt.<\/p>\n<p>Rute 902 fra Surnadal kl 0625 til Molde\/Kristiansund innstilles.<\/p>\n<p>Rute 902 fra Sunndals\u00f8ra kl 0630 til Surnadal innstilles, men ruta kj\u00f8res fra Kvanne kl 0710 til Skei for korrespondanse med 905 til Trondheim.<\/p>\n<p>Rute 902 fra Eidsv\u00e5g kl 0705 til Sunndals\u00f8ra innstilles.<\/p>\n<p>Rute 902 fra Sunndals\u00f8ra kl 0910 til Molde innstilles fra Sunndals\u00f8ra, men g\u00e5r som normalt fra Eidsv\u00e5g kl 0940.<\/p>\n<p>Rute 902 fra Molde kl 1025 til Sunndals\u00f8ra\/Surnadal innstilles.<\/p>\n<p>Rute 902 fra Surnadal kl 1210 til Molde innstilles.<\/p>\n<p>Rute 902 fra Molde kl 1350 kj\u00f8res kun til Eidsv\u00e5g.<\/p>\n<p>Rute 902 fra Sunndals\u00f8ra kl 1445 til Eidsv\u00e5g innstilles.<\/p>\n<p>Rute 902 fra Surnadal kl 1540 til Molde innstilles.<\/p>\n<p>Rute 902 fra Sunndals\u00f8ra kl 1545 til Eidsv\u00e5g innstilles.<\/p>\n<p>Rute 902 fra Surnadal kl 1640 til Trondheim kj\u00f8res som normalt.<\/p>\n<p>Rute 902 fra Molde kl 1620 til Sunndals\u00f8ra\/Surnadal innstilles.<\/p>\n<p>Rute 902 fra Surnadal kl 1910 til Sunndals\u00f8ra innstilles.<\/p>\n<p>Rute 902 fra Trondheim kl 1945 til Sunndals\u00f8ra kj\u00f8res kun til Surnadal.<\/p>\n<p>For oppdatert informasjon m\u00e5 man sjekke frammr.no.<\/p>\n<p>Ingen skolebusser, men skolen er \u00e5pen<\/p>\n<p>If\u00f8lge v\u00e6rmeldingen p\u00e5 Yr, er det meldt vindkast oppe i 40 m\/s i Sunndal, alts\u00e5 orkan i kasta.<\/p>\n<p>Siv Egger Westin, kommunikasjonssjef i Vy, sier at de velger \u00e5 innstille ruter i Sunndal fordi det er av omr\u00e5dene som kan bli hardest rammet av vinden.<\/p>\n<p><strong>\u2013 Det er ikke noe vi gj\u00f8r ofte, vil jeg si &#8211; i hvert fall ikke i en hel kommune. Og s\u00e5 er det heldigvis ikke ofte det er s\u00e5 heftig v\u00e6rmelding heller, sier Westin.<\/strong><\/p>\n<p><img decoding=\"async\"   src=\"data:image\/gif;base64,R0lGODlhAQABAIAAAAAAAP\/\/\/yH5BAEAAAAALAAAAAABAAEAAAIBRAA7\" loading=\"eager\" alt=\"Siv Egger Westin\" title=\"Foto: Mads Kristiansen \/ Vy\"\/><\/p>\n<p>Foto: Mads Kristiansen \/ Vy<\/p>\n<p>De gj\u00f8r dette for \u00e5 ta hensyn til sikkerheten, og for \u00e5 v\u00e6re f\u00f8re var.<\/p>\n<p>\u2013 Fordi vi vet jo at noe av det verste er jo \u00e5 st\u00e5 der, og s\u00e5 har man ikke f\u00e5tt noe informasjon eller ikke vet om det. Og s\u00e5 st\u00e5r man fast, p\u00e5 en m\u00e5te. Det \u00f8nsker vi jo ikke, sier hun.<\/p>\n<p><strong>Men skoler og SFO skal likevel holdes \u00e5pne.<\/strong><\/p>\n<p>\u2013 Vi har tatt l\u00e6rdom fra tidligere hendelser, sier ordf\u00f8rer i Sunndal, St\u00e5le Refstie.<\/p>\n<p><img decoding=\"async\"   src=\"data:image\/gif;base64,R0lGODlhAQABAIAAAAAAAP\/\/\/yH5BAEAAAAALAAAAAABAAEAAAIBRAA7\" loading=\"eager\" alt=\"St\u00e5le Refstie, ordf\u00f8rer i Sunndal kommune.\" title=\"Foto: Marius Andr\u00e9 Jenssen Stenberg \/ NRK\"\/><\/p>\n<p>Foto: Marius Andr\u00e9 Jenssen Stenberg \/ NRK<\/p>\n<p>Sist gang det kom et s\u00e5nn farevarsel og bussruter ble kansellert, valgte de nemlig \u00e5 stenge skolene, if\u00f8lge ordf\u00f8reren. Det skapte utfordringer for flere.<\/p>\n<p>\u2013 S\u00e5 vi har sendt ut til foreldrene at skolene er \u00e5pne hvis elevene klarer \u00e5 komme seg dit. Hvis ikke er det greit at de holder seg hjemme.<\/p>\n<p><strong>Han understreker ogs\u00e5 at mange elever ikke er avhengige av skoleskyss, og at det p\u00e5 denne m\u00e5ten blir lettere for alle.<\/strong><\/p>\n<p>\u2013 Stormbyger i vente<\/p>\n<p>Det kan komme vindkast opp mot 40 m\/s i Sunndal kommune i morgen, if\u00f8lge v\u00e6rmeldingene p\u00e5 Yr.<\/p>\n<p><strong>\u2013 N\u00e5r det er s\u00e5 kraftige vindkast, s\u00e5 er det, slik danskene bruker \u00e5 si, stormbyger vi har i vente. Stormbyger er et litt upresist begrep, men det gir kanskje en bedre forst\u00e5else av hvor kraftig disse vindkastene kan bli, sier statsmeteorologen.<\/strong><\/p>\n<p><img decoding=\"async\"   src=\"data:image\/gif;base64,R0lGODlhAQABAIAAAAAAAP\/\/\/yH5BAEAAAAALAAAAAABAAEAAAIBRAA7\" loading=\"eager\" alt=\"Statstatsmeteorolog Per Egil Haga\" title=\"Foto: Sophie Lorch-Falck\"\/><\/p>\n<p class=\"\">Arkivbilde av statsmeteorolog Per Egil Haga.<\/p>\n<p>Foto: Sophie Lorch-Falck<\/p>\n<p>Og da kan det bli utfordringer.<\/p>\n<p>\u2013 L\u00f8se gjenstander kan bl\u00e5se av g\u00e5rde, det kan bli problemer med \u00e5 komme frem p\u00e5 veier, tr\u00e6r kan bl\u00e5se over ende og kanskje ogs\u00e5 da bli en utfordring for str\u00f8mtilf\u00f8rselen, sier Haga.<\/p>\n<p><strong>\u2013 Og i fjellet, for de som m\u00e5tte v\u00e6re der, s\u00e5 vil jo ogs\u00e5 sn\u00f8fokk kunne bli en utfordring.<\/strong><\/p>\n<p>Han oppfordrer folk til \u00e5 sikre l\u00f8se gjenstander, og vurdere om man kan utsette en reise.<\/p>\n<p>\u2013 Ikke utfordre v\u00e6ret mer enn det som er n\u00f8dvendig. M\u00e5 man ut i morgen, s\u00e5 m\u00e5 man beregne ekstra reisetid.<\/p>\n<p>Publisert<\/p>\n<p>11.01.2026, kl. 20.35<\/p>\n<p>Oppdatert<\/p>\n<p>11.01.2026, kl. 20.53<\/p>\n","protected":false},"excerpt":{"rendered":"Meteorologene har sendt ut gult farevarsel om kraftige vindkast som gjelder fra natt til mandag og utover dagen.&hellip;\n","protected":false},"author":2,"featured_media":135083,"comment_status":"","ping_status":"","sticky":false,"template":"","format":"standard","meta":{"footnotes":""},"categories":[10],"tags":[20,21,24,25,15,22,23,13,30,28,29,14,16,26,27],"class_list":{"0":"post-135082","1":"post","2":"type-post","3":"status-publish","4":"format-standard","5":"has-post-thumbnail","7":"category-norge","8":"tag-breaking-news","9":"tag-breakingnews","10":"tag-featured-news","11":"tag-featurednews","12":"tag-headlines","13":"tag-latest-news","14":"tag-latestnews","15":"tag-news","16":"tag-no","17":"tag-norge","18":"tag-norway","19":"tag-nyheter","20":"tag-overskrifter","21":"tag-top-stories","22":"tag-topstories"},"share_on_mastodon":{"url":"https:\/\/pubeurope.com\/@no\/115879705390357565","error":""},"_links":{"self":[{"href":"https:\/\/www.europesays.com\/no\/wp-json\/wp\/v2\/posts\/135082","targetHints":{"allow":["GET"]}}],"collection":[{"href":"https:\/\/www.europesays.com\/no\/wp-json\/wp\/v2\/posts"}],"about":[{"href":"https:\/\/www.europesays.com\/no\/wp-json\/wp\/v2\/types\/post"}],"author":[{"embeddable":true,"href":"https:\/\/www.europesays.com\/no\/wp-json\/wp\/v2\/users\/2"}],"replies":[{"embeddable":true,"href":"https:\/\/www.europesays.com\/no\/wp-json\/wp\/v2\/comments?post=135082"}],"version-history":[{"count":0,"href":"https:\/\/www.europesays.com\/no\/wp-json\/wp\/v2\/posts\/135082\/revisions"}],"wp:featuredmedia":[{"embeddable":true,"href":"https:\/\/www.europesays.com\/no\/wp-json\/wp\/v2\/media\/135083"}],"wp:attachment":[{"href":"https:\/\/www.europesays.com\/no\/wp-json\/wp\/v2\/media?parent=135082"}],"wp:term":[{"taxonomy":"category","embeddable":true,"href":"https:\/\/www.europesays.com\/no\/wp-json\/wp\/v2\/categories?post=135082"},{"taxonomy":"post_tag","embeddable":true,"href":"https:\/\/www.europesays.com\/no\/wp-json\/wp\/v2\/tags?post=135082"}],"curies":[{"name":"wp","href":"https:\/\/api.w.org\/{rel}","templated":true}]}}