{"id":135084,"date":"2026-01-12T02:17:08","date_gmt":"2026-01-12T02:17:08","guid":{"rendered":"https:\/\/www.europesays.com\/no\/135084\/"},"modified":"2026-01-12T02:17:08","modified_gmt":"2026-01-12T02:17:08","slug":"ekskjaeresten-pagrepet-for-dobbeltdrap-i-ohio","status":"publish","type":"post","link":"https:\/\/www.europesays.com\/no\/135084\/","title":{"rendered":"Ekskj\u00e6resten p\u00e5grepet for dobbeltdrap i Ohio"},"content":{"rendered":"\n<p class=\"_lead_o9xde_2 _lead_xtcu6_50 layout-component text-serif-m layout-normal text-serif-l layout-component layout-wide layout-padded _wide_17hqh_1 layout-padded\">To sm\u00e5barn var i huset da foreldrene deres ble drept. Etter ti dager p\u00e5 flukt er Michael McKee tatt.<\/p>\n<p><img alt=\"Michael McKee. Foto: Winnebago County Sheriff's Office\" class=\"_image_qp4xg_65 layout-component layout-wide\" data-fullscreen- data-track-element-type=\"Article image fullscreen\" data-track-name=\"ImageFullscreen\" fetchpriority=\"high\" decoding=\"sync\" loading=\"eager\" height=\"525\" itemprop=\"image\"  src=\"https:\/\/www.europesays.com\/no\/wp-content\/uploads\/2026\/01\/2a34956c-6182-4280-9e96-983c5a5606d2.jpeg\"  style=\"object-position:0% 0%\" width=\"378\"\/>Michael McKee. Foto: Winnebago County Sheriff&#8217;s Office<\/p>\n<ul aria-hidden=\"true\" class=\"_images_ntbth_112\">\n<li><a class=\"_link_ntbth_117\" href=\"https:\/\/www.vg.no\/forfatter\/emma-fondenes-oevreboe\" style=\"z-index:1\" title=\"Emma Fondenes \u00d8vreb\u00f8\" rel=\"nofollow noopener\" target=\"_blank\"><img alt=\"Bilde av Emma Fondenes \u00d8vreb\u00f8\" class=\"_image_ntbth_93\" fetchpriority=\"low\" loading=\"lazy\" decoding=\"async\" itemprop=\"image\"  src=\"https:\/\/www.europesays.com\/no\/wp-content\/uploads\/2026\/01\/1768184228_485_a3715f19-7e77-4fbf-b20f-7d6f5cb479de.jpeg\"  width=\"480\"\/><\/a><\/li>\n<\/ul>\n<p> Oppdatert mandag 12. januar kl. 02:50    <\/p>\n<ul class=\"_list_o9xde_3 _list_64s2r_85 _unordered_o9xde_106 text-sans-m\">\n<li class=\"_item_o9xde_30\">Michael David McKee (39) arrestert for drapet p\u00e5 tannlegen Spencer Tepe (37) og hans kone Monique Tepe (39).<\/li>\n<li class=\"_item_o9xde_30\">Han var tidligere gift med Monique Tepes.<\/li>\n<li class=\"_item_o9xde_30\">Ekteparet ble funnet skutt i sitt hjem i Ohio.<\/li>\n<li class=\"_item_o9xde_30\">Parets to sm\u00e5 barn var hjemme under drapet, men er uskadet.<\/li>\n<\/ul>\n<p>Vis mer <\/p>\n<p class=\"_paragraph_o9xde_4 _paragraph_xtcu6_10 layout-component text-serif-m layout-normal text-serif-m layout-padded\">Politiet i Ohio i <a href=\"https:\/\/www.vg.no\/tag\/usa?utm_source=vg-article&amp;utm_medium=auto-tagger&amp;utm_campaign=GxaMmV\" class=\"_link_o9xde_39\" rel=\"nofollow noopener\" target=\"_blank\">USA<\/a> har p\u00e5grepet Michael David McKee (39) for drapet p\u00e5 tannlegen Spencer Tepe (37) og hans kone Monique Tepe (39). Ekteparet ble funnet skutt og drept i sitt hjem tirsdag 30. desember, melder <a href=\"https:\/\/edition.cnn.com\/2026\/01\/10\/us\/michael-mckee-murder-arrest-tepe\" class=\"_link_o9xde_39\" rel=\"nofollow noopener\" target=\"_blank\">CNN<\/a>.<\/p>\n<p class=\"_paragraph_o9xde_4 _paragraph_xtcu6_10 layout-component text-serif-m layout-normal text-serif-m layout-padded\">McKee er Monique Tepes eksmann og ble p\u00e5grepet l\u00f8rdag i Rockford i Illinois etter ti dagers politijakt. CNN skriver at de jobber med \u00e5 finne ut om McKee har en advokat.<\/p>\n<p class=\"_paragraph_o9xde_4 _paragraph_xtcu6_10 layout-component text-serif-m layout-normal text-serif-m layout-padded\"><strong class=\"_strong_o9xde_25\">Parets to barn p\u00e5 fire \u00e5r og ett \u00e5r var i huset da foreldrene ble drept, men kom ikke til skade. De blir n\u00e5 ivaretatt av slektninger. <\/strong><\/p>\n<p class=\"_paragraph_o9xde_4 _paragraph_xtcu6_10 layout-component text-serif-m layout-normal text-serif-m layout-padded\">Politiet tror at drapene skjedde 30 desember mellom klokken 2 og 5. F\u00f8r p\u00e5gripelsen av McKee publiserte politiet overv\u00e5kningsvideoer som viste en person som gikk i n\u00e6rheten av huset i dette tidsrommet: <\/p>\n<p><img alt=\"Politiet publiserte overv\u00e5kningsvideoer.  Foto: Politiet i Columbus, USA\" class=\"_image_qp4xg_65 layout-component layout-normal\" data-fullscreen- data-track-element-type=\"Article image fullscreen\" data-track-name=\"ImageFullscreen\" decoding=\"async\" loading=\"lazy\" height=\"450\" itemprop=\"image\"  src=\"https:\/\/www.europesays.com\/no\/wp-content\/uploads\/2026\/01\/417129b9-b930-4ff0-b8ab-5df97a727588.png\"  style=\"object-position:0% 0%\" width=\"639\"\/>Politiet publiserte overv\u00e5kningsvideoer.  Foto: Politiet i Columbus, USA<\/p>\n<p class=\"_paragraph_o9xde_4 _paragraph_xtcu6_10 layout-component text-serif-m layout-normal text-serif-m layout-padded\">Kollegaer ved Spencer Tepes tannlegepraksis ringte til n\u00f8detatene da han ikke m\u00f8tte p\u00e5 jobb. Det var sv\u00e6rt uvanlig.<\/p>\n<p class=\"_paragraph_o9xde_4 _paragraph_xtcu6_10 layout-component text-serif-m layout-normal text-serif-m layout-padded\">Han og kona var alltid tilgjengelige, if\u00f8lge eieren av klinikken hans, Mark Valrose, men ingen fikk tak i dem den morgenen.<\/p>\n<p class=\"_paragraph_o9xde_4 _paragraph_xtcu6_10 layout-component text-serif-m layout-normal text-serif-m layout-padded\">\u2013 Jeg vet ikke hvordan jeg skal si dette, men vi er veldig, veldig bekymret. Dette er helt utypisk for ham, sa Valrose til n\u00f8detatene.<\/p>\n<p class=\"_paragraph_o9xde_4 _paragraph_xtcu6_10 layout-component text-serif-m layout-normal text-serif-m layout-padded\">Han ba politiet om \u00e5 gjennomf\u00f8re en velferdssjekk, og politiet rykket ut, men ingen \u00e5pnet d\u00f8ren, rapporterte WSYX med henvisning til politidokumenter.<\/p>\n<p>\u2013 Han ser d\u00f8d ut<\/p>\n<p class=\"_paragraph_o9xde_4 _paragraph_xtcu6_10 layout-component text-serif-m layout-normal text-serif-m layout-padded\">Rundt klokka 10.30 p\u00e5 formiddagen kikket vennen inn gjennom vinduet.<\/p>\n<p class=\"_paragraph_o9xde_4 _paragraph_xtcu6_10 layout-component text-serif-m layout-normal text-serif-m layout-padded\">\u2013 Det er &#8230; det er en kropp, sa vennen til n\u00f8doperat\u00f8ren, if\u00f8lge lydopptak fra n\u00f8dsamtalen, skriver CNN.<\/p>\n<p class=\"_paragraph_o9xde_4 _paragraph_xtcu6_10 layout-component text-serif-m layout-normal text-serif-m layout-padded\">\u2013 Vi kom nettopp hit. Og han ser d\u00f8d ut.<\/p>\n<p class=\"_paragraph_o9xde_4 _paragraph_xtcu6_10 layout-component text-serif-m layout-normal text-serif-m layout-padded\">Kollegaer og en venn hadde ankommet hjemmet rundt 30 minutter tidligere. Det var da en av dem ringte n\u00f8detatene for \u00e5 melde fra om at de h\u00f8rte barn som gr\u00e5t inne i huset.<\/p>\n<p>Aktiver kart<\/p>\n<p class=\"_paragraph_o9xde_4 _paragraph_xtcu6_10 layout-component text-serif-m layout-normal text-serif-m layout-padded\">Da n\u00f8doperat\u00f8ren spurte om Tepe hadde v\u00e6rt syk, svarte vennen:<\/p>\n<p class=\"_paragraph_o9xde_4 _paragraph_xtcu6_10 layout-component text-serif-m layout-normal text-serif-m layout-padded\">\u2013 Nei, nei. Jeg var sammen med ham i g\u00e5r.<\/p>\n<p class=\"_paragraph_o9xde_4 _paragraph_xtcu6_10 layout-component text-serif-m layout-normal text-serif-m layout-padded\">Politiet fant ingen tegn til innbrudd eller v\u00e5pen p\u00e5 \u00e5stedet. De vil offentliggj\u00f8re ytterligere informasjon \u00abn\u00e5r det passer seg\u00bb for \u00e5 unng\u00e5 \u00e5 skade \u00aben aktiv og p\u00e5g\u00e5ende etterforskning\u00bb og oppfordrer folk til \u00e5 kontakte dem med all informasjon knyttet til dobbeltdrapet.<\/p>\n<p class=\"_paragraph_o9xde_4 _paragraph_xtcu6_10 layout-component text-serif-m layout-normal text-serif-m layout-padded\">McKee skal m\u00f8te i retten mandag.<\/p>\n","protected":false},"excerpt":{"rendered":"To sm\u00e5barn var i huset da foreldrene deres ble drept. Etter ti dager p\u00e5 flukt er Michael McKee&hellip;\n","protected":false},"author":2,"featured_media":135085,"comment_status":"","ping_status":"","sticky":false,"template":"","format":"standard","meta":{"footnotes":""},"categories":[12],"tags":[20,21,377,24,25,15,22,23,13,30,28,29,14,16,26,27,50,42,46,43,44,45],"class_list":{"0":"post-135084","1":"post","2":"type-post","3":"status-publish","4":"format-standard","5":"has-post-thumbnail","7":"category-verden","8":"tag-breaking-news","9":"tag-breakingnews","10":"tag-drap","11":"tag-featured-news","12":"tag-featurednews","13":"tag-headlines","14":"tag-latest-news","15":"tag-latestnews","16":"tag-news","17":"tag-no","18":"tag-norge","19":"tag-norway","20":"tag-nyheter","21":"tag-overskrifter","22":"tag-top-stories","23":"tag-topstories","24":"tag-usa","25":"tag-verden","26":"tag-vgai","27":"tag-world","28":"tag-world-news","29":"tag-worldnews"},"share_on_mastodon":{"url":"https:\/\/pubeurope.com\/@no\/115879729169205793","error":""},"_links":{"self":[{"href":"https:\/\/www.europesays.com\/no\/wp-json\/wp\/v2\/posts\/135084","targetHints":{"allow":["GET"]}}],"collection":[{"href":"https:\/\/www.europesays.com\/no\/wp-json\/wp\/v2\/posts"}],"about":[{"href":"https:\/\/www.europesays.com\/no\/wp-json\/wp\/v2\/types\/post"}],"author":[{"embeddable":true,"href":"https:\/\/www.europesays.com\/no\/wp-json\/wp\/v2\/users\/2"}],"replies":[{"embeddable":true,"href":"https:\/\/www.europesays.com\/no\/wp-json\/wp\/v2\/comments?post=135084"}],"version-history":[{"count":0,"href":"https:\/\/www.europesays.com\/no\/wp-json\/wp\/v2\/posts\/135084\/revisions"}],"wp:featuredmedia":[{"embeddable":true,"href":"https:\/\/www.europesays.com\/no\/wp-json\/wp\/v2\/media\/135085"}],"wp:attachment":[{"href":"https:\/\/www.europesays.com\/no\/wp-json\/wp\/v2\/media?parent=135084"}],"wp:term":[{"taxonomy":"category","embeddable":true,"href":"https:\/\/www.europesays.com\/no\/wp-json\/wp\/v2\/categories?post=135084"},{"taxonomy":"post_tag","embeddable":true,"href":"https:\/\/www.europesays.com\/no\/wp-json\/wp\/v2\/tags?post=135084"}],"curies":[{"name":"wp","href":"https:\/\/api.w.org\/{rel}","templated":true}]}}