{"id":135088,"date":"2026-01-12T02:25:17","date_gmt":"2026-01-12T02:25:17","guid":{"rendered":"https:\/\/www.europesays.com\/no\/135088\/"},"modified":"2026-01-12T02:25:17","modified_gmt":"2026-01-12T02:25:17","slug":"fire-domt-etter-onlyfans-kontroller-skatteetaten-varsler-ny-runde","status":"publish","type":"post","link":"https:\/\/www.europesays.com\/no\/135088\/","title":{"rendered":"Fire d\u00f8mt etter OnlyFans-kontroller \u2013 Skatteetaten varsler ny runde"},"content":{"rendered":"<p data-testid=\"textWithMarkup-markup\" data-v-62d58f52=\"\"> \u2013 Med tanke p\u00e5 den synligheten som har v\u00e6rt knyttet til v\u00e5re tidligere kontroller, forventer vi n\u00e5 at alle som har inntekt fra OnlyFans, eller andre digitale plattformer, er godt kjent med at dette skal innberettes til Skatteetaten, skriver divisjonsdirekt\u00f8r Odd Woxholt i Skatteetaten i en epost til <a href=\"https:\/\/e24.no\/naeringsliv\/i\/QJo5qR\/skatteetaten-slaar-til-mot-onlyfans-profiler-har-skjult-penger-i-utlandet\" rel=\"noopener nofollow\" target=\"_blank\">E24<\/a>.<\/p>\n<p data-testid=\"textWithMarkup-text\" data-v-81d7dc2b=\"\" data-v-62d58f52=\"\">I fjor kontrollerte skattemyndighetene i overkant av 50 personer med inntekter fra OnlyFans, de fleste av dem unge kvinner. <\/p>\n<p data-testid=\"textWithMarkup-text\" data-v-81d7dc2b=\"\" data-v-62d58f52=\"\">I \u00e5r er planen 40 nye kontroller. <\/p>\n<p data-testid=\"textWithMarkup-text\" data-v-81d7dc2b=\"\" data-v-62d58f52=\"\">2025-aksjonen resulterte if\u00f8lge E24 med: <\/p>\n<p data-testid=\"textWithMarkup-text\" data-v-81d7dc2b=\"\" data-v-62d58f52=\"\">* 43 vedtak med samlet fastsatt inntekts\u00f8kning p\u00e5 43 millioner kroner<\/p>\n<p data-testid=\"textWithMarkup-text\" data-v-81d7dc2b=\"\" data-v-62d58f52=\"\">* 25 saker med 40\u201360 prosent tilleggsskatt<\/p>\n<p data-testid=\"textWithMarkup-text\" data-v-81d7dc2b=\"\" data-v-62d58f52=\"\">* Seks saker med 20 prosent tilleggsskatt<\/p>\n<p data-testid=\"textWithMarkup-text\" data-v-81d7dc2b=\"\" data-v-62d58f52=\"\">* 8 innberetninger til Nav om mulig trygdemisbruk. Tre av de fire straffesakene fra i fjor, endte med fengselsstraffer p\u00e5 mellom seks m\u00e5neder og 1 \u00e5r og 5 m\u00e5neder. I \u00e5rets kontroll skal Skatteetaten unders\u00f8ke inntekts\u00e5rene fra 2022 til 2024. De minner om at det er mulig \u00e5 rette skattemeldingen tre \u00e5r tilbake i tid. \u2013 De som retter p\u00e5 eget initiativ f\u00f8r de blir tatt ut til kontroll reduserer risikoen for anmeldelse, men tilleggsskatt vil bli vurdert, skriver Woxholt.<\/p>\n<p data-testid=\"textWithMarkup-text\" data-v-81d7dc2b=\"\" data-v-62d58f52=\"\">OnlyFans er en nettplattform hvor brukerne kan dele innhold direkte med betalende f\u00f8lgere. Den er mye brukt til s\u00e5kalt vokseninnhold. <\/p>\n","protected":false},"excerpt":{"rendered":"\u2013 Med tanke p\u00e5 den synligheten som har v\u00e6rt knyttet til v\u00e5re tidligere kontroller, forventer vi n\u00e5 at&hellip;\n","protected":false},"author":2,"featured_media":135089,"comment_status":"","ping_status":"","sticky":false,"template":"","format":"standard","meta":{"footnotes":""},"categories":[12],"tags":[20,21,24,25,15,22,23,13,30,28,29,14,16,26,27,42,43,44,45],"class_list":{"0":"post-135088","1":"post","2":"type-post","3":"status-publish","4":"format-standard","5":"has-post-thumbnail","7":"category-verden","8":"tag-breaking-news","9":"tag-breakingnews","10":"tag-featured-news","11":"tag-featurednews","12":"tag-headlines","13":"tag-latest-news","14":"tag-latestnews","15":"tag-news","16":"tag-no","17":"tag-norge","18":"tag-norway","19":"tag-nyheter","20":"tag-overskrifter","21":"tag-top-stories","22":"tag-topstories","23":"tag-verden","24":"tag-world","25":"tag-world-news","26":"tag-worldnews"},"share_on_mastodon":{"url":"https:\/\/pubeurope.com\/@no\/115879760606292096","error":""},"_links":{"self":[{"href":"https:\/\/www.europesays.com\/no\/wp-json\/wp\/v2\/posts\/135088","targetHints":{"allow":["GET"]}}],"collection":[{"href":"https:\/\/www.europesays.com\/no\/wp-json\/wp\/v2\/posts"}],"about":[{"href":"https:\/\/www.europesays.com\/no\/wp-json\/wp\/v2\/types\/post"}],"author":[{"embeddable":true,"href":"https:\/\/www.europesays.com\/no\/wp-json\/wp\/v2\/users\/2"}],"replies":[{"embeddable":true,"href":"https:\/\/www.europesays.com\/no\/wp-json\/wp\/v2\/comments?post=135088"}],"version-history":[{"count":0,"href":"https:\/\/www.europesays.com\/no\/wp-json\/wp\/v2\/posts\/135088\/revisions"}],"wp:featuredmedia":[{"embeddable":true,"href":"https:\/\/www.europesays.com\/no\/wp-json\/wp\/v2\/media\/135089"}],"wp:attachment":[{"href":"https:\/\/www.europesays.com\/no\/wp-json\/wp\/v2\/media?parent=135088"}],"wp:term":[{"taxonomy":"category","embeddable":true,"href":"https:\/\/www.europesays.com\/no\/wp-json\/wp\/v2\/categories?post=135088"},{"taxonomy":"post_tag","embeddable":true,"href":"https:\/\/www.europesays.com\/no\/wp-json\/wp\/v2\/tags?post=135088"}],"curies":[{"name":"wp","href":"https:\/\/api.w.org\/{rel}","templated":true}]}}