{"id":135090,"date":"2026-01-12T02:26:32","date_gmt":"2026-01-12T02:26:32","guid":{"rendered":"https:\/\/www.europesays.com\/no\/135090\/"},"modified":"2026-01-12T02:26:32","modified_gmt":"2026-01-12T02:26:32","slug":"forsking-mange-kommunar-manglar-plan-for-nynorskbruk","status":"publish","type":"post","link":"https:\/\/www.europesays.com\/no\/135090\/","title":{"rendered":"Forsking: Mange kommunar manglar plan for nynorskbruk"},"content":{"rendered":"<p data-testid=\"textWithMarkup-markup\" data-v-62d58f52=\"\"> If\u00f8lgje spr\u00e5klova har alle offentlege organ eit ansvar for \u00e5 fremja nynorsk. Jorunn Simonsen Thingnes, f\u00f8rsteamanuensis ved H\u00f8gskulen p\u00e5 Vestlandet, og Fredrik Hope, som er konservator ved Nynorsk kultursentrum, har difor forska p\u00e5 spr\u00e5kbruksplanane til nynorskkommunane, skriv nettstaden til <a href=\"https:\/\/lnk.no\/nyhende\/ny-forsking-fa-kommunar-har-plan-for-bruk-av-nynorsk-og-mange-planar-er-utdaterte\/\" rel=\"noopener nofollow\" target=\"_blank\">Landssamanslutninga for nynorskkommunar. <\/a><\/p>\n<p data-testid=\"textWithMarkup-text\" data-v-81d7dc2b=\"\" data-v-62d58f52=\"\">Forskarane fann at av 117 kommunar med nynorskskular, hadde berre 39 planar for korleis kommunen skal bruka nynorsk. Dei meiner det er sl\u00e5ande kor lite synleg spr\u00e5klova er i spr\u00e5kbruksplanane og kor mykje talem\u00e5l er nemnt samanlikna med tema som er viktige for \u00e5 ta vare p\u00e5 skriftspr\u00e5ket.<\/p>\n<p data-testid=\"textWithMarkup-text\" data-v-81d7dc2b=\"\" data-v-62d58f52=\"\">\u2013 Det er \u00f2g overraskande lite om leiaransvar. Viss me ser til for eksempel NRK, s\u00e5 ser me kva leiarar har \u00e5 seia for \u00e5 f\u00e5 til endring for meir nynorsk, seier Hope til nettstaden.<\/p>\n<p data-testid=\"textWithMarkup-text\" data-v-81d7dc2b=\"\" data-v-62d58f52=\"\">Forskarane fann og at det er ein forskjell p\u00e5 planar vedtekne f\u00f8r og etter den nye spr\u00e5klova. I planar vedtekne etterp\u00e5 er det fleire som har som s\u00e5kalla prestisjepunkt om at dei skal fremja nynorsk. Innanfor skule og barnehage fann dei f\u00e5 spesifikke tiltak i spr\u00e5kbruksplanane. <\/p>\n<p data-testid=\"textWithMarkup-text\" data-v-81d7dc2b=\"\" data-v-62d58f52=\"\">(\u00a9NPK)<\/p>\n","protected":false},"excerpt":{"rendered":"If\u00f8lgje spr\u00e5klova har alle offentlege organ eit ansvar for \u00e5 fremja nynorsk. Jorunn Simonsen Thingnes, f\u00f8rsteamanuensis ved H\u00f8gskulen&hellip;\n","protected":false},"author":2,"featured_media":135091,"comment_status":"","ping_status":"","sticky":false,"template":"","format":"standard","meta":{"footnotes":""},"categories":[10],"tags":[20,21,24,25,15,22,23,13,30,28,29,14,16,26,27],"class_list":{"0":"post-135090","1":"post","2":"type-post","3":"status-publish","4":"format-standard","5":"has-post-thumbnail","7":"category-norge","8":"tag-breaking-news","9":"tag-breakingnews","10":"tag-featured-news","11":"tag-featurednews","12":"tag-headlines","13":"tag-latest-news","14":"tag-latestnews","15":"tag-news","16":"tag-no","17":"tag-norge","18":"tag-norway","19":"tag-nyheter","20":"tag-overskrifter","21":"tag-top-stories","22":"tag-topstories"},"share_on_mastodon":{"url":"https:\/\/pubeurope.com\/@no\/115879764482569593","error":""},"_links":{"self":[{"href":"https:\/\/www.europesays.com\/no\/wp-json\/wp\/v2\/posts\/135090","targetHints":{"allow":["GET"]}}],"collection":[{"href":"https:\/\/www.europesays.com\/no\/wp-json\/wp\/v2\/posts"}],"about":[{"href":"https:\/\/www.europesays.com\/no\/wp-json\/wp\/v2\/types\/post"}],"author":[{"embeddable":true,"href":"https:\/\/www.europesays.com\/no\/wp-json\/wp\/v2\/users\/2"}],"replies":[{"embeddable":true,"href":"https:\/\/www.europesays.com\/no\/wp-json\/wp\/v2\/comments?post=135090"}],"version-history":[{"count":0,"href":"https:\/\/www.europesays.com\/no\/wp-json\/wp\/v2\/posts\/135090\/revisions"}],"wp:featuredmedia":[{"embeddable":true,"href":"https:\/\/www.europesays.com\/no\/wp-json\/wp\/v2\/media\/135091"}],"wp:attachment":[{"href":"https:\/\/www.europesays.com\/no\/wp-json\/wp\/v2\/media?parent=135090"}],"wp:term":[{"taxonomy":"category","embeddable":true,"href":"https:\/\/www.europesays.com\/no\/wp-json\/wp\/v2\/categories?post=135090"},{"taxonomy":"post_tag","embeddable":true,"href":"https:\/\/www.europesays.com\/no\/wp-json\/wp\/v2\/tags?post=135090"}],"curies":[{"name":"wp","href":"https:\/\/api.w.org\/{rel}","templated":true}]}}