{"id":135094,"date":"2026-01-12T02:57:29","date_gmt":"2026-01-12T02:57:29","guid":{"rendered":"https:\/\/www.europesays.com\/no\/135094\/"},"modified":"2026-01-12T02:57:29","modified_gmt":"2026-01-12T02:57:29","slug":"fikk-24-minutter-pa-ski-etter-lang-reise-altaposten-no","status":"publish","type":"post","link":"https:\/\/www.europesays.com\/no\/135094\/","title":{"rendered":"(+) Fikk 24 minutter p\u00e5 ski etter lang reise &#8211; altaposten.no"},"content":{"rendered":"<ol>\n<li><a href=\"https:\/\/news.google.com\/rss\/articles\/CBMiigFBVV95cUxQVjg5QWdBckxmYmZmQVBEcDVQV2hXeGduVExNOXlheS15c0o3blNiZ2dwTG9WUTVqTlI4cm1OSGJvR3NicXUwT1M3U05ob2FGRmtMa09RVTA2b244ekVfYlJ4NTVOeDNCNG10azRYR3hfVElLMW1vOHdOQWpTSUxSZ19WbVBVZEM3aXc?oc=5\" target=\"_blank\" rel=\"nofollow noopener\">(+) Fikk 24 minutter p\u00e5 ski etter lang reise<\/a>&nbsp;&nbsp;altaposten.no<\/li>\n<li><a href=\"https:\/\/news.google.com\/rss\/articles\/CBMikgFBVV95cUxNUDJZeXV1aG8tRVlUZjREOERKM2EzVllFWWJlQ3MxdW56QUJLQ2dfZWF6YzNmSnVuRWdPM2xJVXBkX09DdGV4bjJRcnBQLWVuWVBacjRtejFZLW80NDZsaVNxLU54TWNZZlBFWVR1MnJ2ckJNOUdSWmlqWmE3YkloYmpzMzdpcng2ODA3eGQ2QmR2UQ?oc=5\" target=\"_blank\" rel=\"nofollow noopener\">Noah (19) seiret i kulda p\u00e5 Beitost\u00f8len<\/a>&nbsp;&nbsp;folkebladet.no<\/li>\n<li><a href=\"https:\/\/news.google.com\/rss\/articles\/CBMinAFBVV95cUxQMGM5NlRmTDVEVUgtRkxCZDJGdVhwRUZJc19CVlgzMjNYWmtHQTNCeGZCMGw4LUlUalI1T3lrVGFtUE54a2FUanh0TTluR1ctYjZQZTFKdVB5NDZkVi00eUNIVTBqZ2d6ODFPSGRIckVhNk5WUDluTldTdGNMWjh6THJnQ0kwdnRSd0lOTWYxRUtLWGJ5RnMwdTZUZDc?oc=5\" target=\"_blank\" rel=\"nofollow noopener\">Resultater 3,75 km klassisk K19-20 | Norgescup junior Beitost\u00f8len 2026<\/a>&nbsp;&nbsp;Sportsidioten.no<\/li>\n<li><a href=\"https:\/\/news.google.com\/rss\/articles\/CBMigwFBVV95cUxOR1RxZGhpTW9hRmtpb1Q5a2VDZEJJRlU0ZzJaTFpFdXo5YXN1SERYRlQ0T1p5OHZhbnU5ZkgteEp4VXlsV21ZTzRXYklpZnRNaVFiR01SczhpbTRsVFczQkFGd0hDallwRlVFZmpxaGZMLUd0Qm9xYUJIcTB2S2g3MDlpQQ?oc=5\" target=\"_blank\" rel=\"nofollow noopener\">VM-kvaliken henger i en tynn tr\u00e5d<\/a>&nbsp;&nbsp;Langrenn.com<\/li>\n<li><a href=\"https:\/\/news.google.com\/rss\/articles\/CBMifkFVX3lxTFBxUlFYQ0RlLWJOcVpEbGFpWm0xRmt5a3RGa1dEdFRmNC0tSkw5Y2lQVWhfc0FZRE9zNm9jVnNLelp1NVl1bUpWYmg3SWF3OFBUSFdpWHVsbk9Zb2VRcDd4LUlDTTNwT2JQRURJQzJ3NXk3cDc4azFUazRaRF9wdw?oc=5\" target=\"_blank\" rel=\"nofollow noopener\">(+) Slik gikk det i \u00e5rets f\u00f8rste norgescup<\/a>&nbsp;&nbsp;ht.no<\/li>\n<\/ol>\n","protected":false},"excerpt":{"rendered":"(+) Fikk 24 minutter p\u00e5 ski etter lang reise&nbsp;&nbsp;altaposten.no Noah (19) seiret i kulda p\u00e5 Beitost\u00f8len&nbsp;&nbsp;folkebladet.no Resultater 3,75&hellip;\n","protected":false},"author":2,"featured_media":135095,"comment_status":"","ping_status":"","sticky":false,"template":"","format":"standard","meta":{"footnotes":""},"categories":[59],"tags":[360,15528,398,30,28,29,83,82],"class_list":{"0":"post-135094","1":"post","2":"type-post","3":"status-publish","4":"format-standard","5":"has-post-thumbnail","7":"category-sport","8":"tag-alta-if","9":"tag-kautokeino-il","10":"tag-langrenn","11":"tag-no","12":"tag-norge","13":"tag-norway","14":"tag-sport","15":"tag-sports"},"share_on_mastodon":{"url":"https:\/\/pubeurope.com\/@no\/115879886387074218","error":""},"_links":{"self":[{"href":"https:\/\/www.europesays.com\/no\/wp-json\/wp\/v2\/posts\/135094","targetHints":{"allow":["GET"]}}],"collection":[{"href":"https:\/\/www.europesays.com\/no\/wp-json\/wp\/v2\/posts"}],"about":[{"href":"https:\/\/www.europesays.com\/no\/wp-json\/wp\/v2\/types\/post"}],"author":[{"embeddable":true,"href":"https:\/\/www.europesays.com\/no\/wp-json\/wp\/v2\/users\/2"}],"replies":[{"embeddable":true,"href":"https:\/\/www.europesays.com\/no\/wp-json\/wp\/v2\/comments?post=135094"}],"version-history":[{"count":0,"href":"https:\/\/www.europesays.com\/no\/wp-json\/wp\/v2\/posts\/135094\/revisions"}],"wp:featuredmedia":[{"embeddable":true,"href":"https:\/\/www.europesays.com\/no\/wp-json\/wp\/v2\/media\/135095"}],"wp:attachment":[{"href":"https:\/\/www.europesays.com\/no\/wp-json\/wp\/v2\/media?parent=135094"}],"wp:term":[{"taxonomy":"category","embeddable":true,"href":"https:\/\/www.europesays.com\/no\/wp-json\/wp\/v2\/categories?post=135094"},{"taxonomy":"post_tag","embeddable":true,"href":"https:\/\/www.europesays.com\/no\/wp-json\/wp\/v2\/tags?post=135094"}],"curies":[{"name":"wp","href":"https:\/\/api.w.org\/{rel}","templated":true}]}}