{"id":135102,"date":"2026-01-12T03:49:08","date_gmt":"2026-01-12T03:49:08","guid":{"rendered":"https:\/\/www.europesays.com\/no\/135102\/"},"modified":"2026-01-12T03:49:08","modified_gmt":"2026-01-12T03:49:08","slug":"pa-tv-tv2-trakk-seg-etter-fem-dager-pa-farmen-kjendis-fortsatt-sliten","status":"publish","type":"post","link":"https:\/\/www.europesays.com\/no\/135102\/","title":{"rendered":"P\u00e5 TV, TV2 | Trakk seg etter fem dager p\u00e5 \u00abFarmen kjendis\u00bb: \u2013 Fortsatt sliten"},"content":{"rendered":"\n<p><b>Obs, spoiler! Denne saken inneholder detaljer fra s\u00f8ndagens episode av \u00abFarmen kjendis\u00bb.<\/b><\/p>\n<p><a href=\"https:\/\/www.nettavisen.no\/\" rel=\"Follow nofollow noopener\" target=\"_blank\">Nettavisen: <\/a>Denne uken er \u00abFarmen kjendis\u00bb endelig tilbake p\u00e5 TV-skjermen, der <a href=\"https:\/\/www.nettavisen.no\/kjendis\/hemmelig-farmen-kjendis-deltakelse-noye-koordinert\/s\/5-95-2744229\" rel=\"Follow nofollow noopener\" target=\"_blank\">13 nye kjendiser skal f\u00e5 bryne seg p\u00e5 g\u00e5rdslivet<\/a> slik det var for 100 \u00e5r siden.<\/p>\n<p>Blant kjendisene i \u00e5rets sesong finner vi kjente fjes som Trude Vasstrand (61), Fritz Aanes (47) og Mari Maurstad (68).<\/p>\n<p>Oppholdet ble relativt kort for sistnevnte, som allerede i s\u00f8ndagens episode velger \u00e5 dra hjem etter bare noen dager.<\/p>\n<p>Overfor Nettavisen avsl\u00f8rer hun at ikke alt kom fram p\u00e5 TV-skjermen, og forklarer hva som faktisk skjedde bak kameraene.<\/p>\n<p>\u2013 Avtalt p\u00e5 forh\u00e5nd<\/p>\n<p>Til Nettavisen sier Maurstad at hun flere ganger har f\u00e5tt tilbud om \u00e5 delta i det popul\u00e6re programmet, uten \u00e5 v\u00e6re fristet.<\/p>\n<p>At s\u00f8nnen Stinius er med denne sesongen, er imidlertid den eneste grunnen til at hun ble med \u2013 selv om hun bare fikk fem dager fri fra teaterjobben.<\/p>\n<p>\u2013 Det var avtalt p\u00e5 forh\u00e5nd. Jeg har blitt spurt s\u00e5 mange ganger om jeg vil v\u00e6re med p\u00e5 \u00abFarmen kjendis\u00bb, men jeg har tenkt at det er for anstrengende, sier hun til Nettavisen og fortsetter:<\/p>\n<p>\u2013 Jeg sa at jeg ikke klarer \u00e5 v\u00e6re der i seks uker. I tillegg var jeg midt i en arbeidssituasjon med premiere p\u00e5 teateret. Jeg spurte om fri, men teateret sa at det blir vanskelig.<\/p>\n<p>   <img decoding=\"async\" width=\"1600\" height=\"900\" fetchpriority=\"low\"  loading=\"lazy\"  src=\"https:\/\/www.europesays.com\/no\/wp-content\/uploads\/2026\/01\/1768189748_334_mari+m2.jpg\" alt=\"\" class=\"brick-c-cFOWSL\" style=\"--brick-image-ratio: 1600 \/ 900;\"\/><\/p>\n<p>      AVTALT: Mari Maurstad sier til Nettavisen at hun hadde en avtale med produksjonen om \u00e5 reise hjem etter fem dager.<br \/>\n      Foto: TV 2\n    <\/p>\n<p>Hun er derimot glad for at oppholdet ikke ble mer enn fem dager.<\/p>\n<p>\u2013 Jeg visste fra start at jeg bare skulle v\u00e6re der i fem dager. Det var jeg veldig glad for fordi det var kjempeslitsomt. Men det var ikke jeg som var kravstor. Jeg sa at jeg kan maks v\u00e6re der i fem dager. Take it or leave it.<\/p>\n<p>Og det gikk produksjonen med p\u00e5.<\/p>\n<p>Kristoffer Arnesen, presseansvarlig for \u00abFarmen kjendis\u00bb i TV 2, bekrefter til Nettavisen at produksjonen var forberedt p\u00e5 Maurstads hjemreise.<\/p>\n<p>\u2013 Mari hadde en avtale med produksjonen om \u00e5 f\u00e5 dra hjem dersom teateret ringte. S\u00e5 dette var vi forberedt p\u00e5, ja.<\/p>\n<p>TV 2 \u00f8nsker derimot ikke \u00e5 si noe om hva som konkret var avtalt i kontrakten.<\/p>\n<p>Lurte alle deltakerne<\/p>\n<p>Maurstad sier videre at verken s\u00f8nnen eller deltakerne var forberedt p\u00e5 at hun kom til \u00e5 forlate g\u00e5rden.<\/p>\n<p>\u2013 Ingen av deltakerne visste at jeg skulle hjem etter noen dager. Jeg var den eldste og det var kanskje like s\u00e5 greit, men jeg tror ikke de savnet meg heller, sier hun og ler.<\/p>\n<p>Fem dager fri var alt Maurstad hadde i sommer \u2013 og hun brukte de dagene p\u00e5 \u00abFarmen kjendis\u00bb. Returen til teaterjobben ble alt annet enn opplagt.<\/p>\n<p>\u2013 Jeg tror ikke jeg ville pr\u00f8vd \u00e5 v\u00e6re der til slutt heller. Jeg var sliten da jeg kom hjem, og da var det rett p\u00e5 jobb. Jeg er fortsatt sliten siden jeg ikke har f\u00e5tt sommerferie heller. Jeg brukte opp sommerferien p\u00e5 \u00abFarmen kjendis\u00bb.<\/p>\n<p>Selv om dagene p\u00e5 g\u00e5rden var krevende og innebar mye arbeid, forteller 68-\u00e5ringen at hun stortrivdes med b\u00e5de menneskene og dyrene.<\/p>\n<p>\u2013 Det var lange dager og lite hvile. Jeg m\u00e5tte opp fire timer f\u00f8r jeg pleier. Men selve casten likte jeg veldig godt, og det var s\u00e5 mange fine folk der, avslutter hun.<\/p>\n","protected":false},"excerpt":{"rendered":"Obs, spoiler! Denne saken inneholder detaljer fra s\u00f8ndagens episode av \u00abFarmen kjendis\u00bb. Nettavisen: Denne uken er \u00abFarmen kjendis\u00bb&hellip;\n","protected":false},"author":2,"featured_media":134882,"comment_status":"","ping_status":"","sticky":false,"template":"","format":"standard","meta":{"footnotes":""},"categories":[58],"tags":[36,71,206,30,28,29,2981,1510,1130,72],"class_list":{"0":"post-135102","1":"post","2":"type-post","3":"status-publish","4":"format-standard","5":"has-post-thumbnail","7":"category-underholdning","8":"tag-art","9":"tag-entertainment","10":"tag-farmen","11":"tag-no","12":"tag-norge","13":"tag-norway","14":"tag-pa-tv","15":"tag-story","16":"tag-tv2","17":"tag-underholdning"},"share_on_mastodon":{"url":"https:\/\/pubeurope.com\/@no\/115880090837145229","error":""},"_links":{"self":[{"href":"https:\/\/www.europesays.com\/no\/wp-json\/wp\/v2\/posts\/135102","targetHints":{"allow":["GET"]}}],"collection":[{"href":"https:\/\/www.europesays.com\/no\/wp-json\/wp\/v2\/posts"}],"about":[{"href":"https:\/\/www.europesays.com\/no\/wp-json\/wp\/v2\/types\/post"}],"author":[{"embeddable":true,"href":"https:\/\/www.europesays.com\/no\/wp-json\/wp\/v2\/users\/2"}],"replies":[{"embeddable":true,"href":"https:\/\/www.europesays.com\/no\/wp-json\/wp\/v2\/comments?post=135102"}],"version-history":[{"count":0,"href":"https:\/\/www.europesays.com\/no\/wp-json\/wp\/v2\/posts\/135102\/revisions"}],"wp:featuredmedia":[{"embeddable":true,"href":"https:\/\/www.europesays.com\/no\/wp-json\/wp\/v2\/media\/134882"}],"wp:attachment":[{"href":"https:\/\/www.europesays.com\/no\/wp-json\/wp\/v2\/media?parent=135102"}],"wp:term":[{"taxonomy":"category","embeddable":true,"href":"https:\/\/www.europesays.com\/no\/wp-json\/wp\/v2\/categories?post=135102"},{"taxonomy":"post_tag","embeddable":true,"href":"https:\/\/www.europesays.com\/no\/wp-json\/wp\/v2\/tags?post=135102"}],"curies":[{"name":"wp","href":"https:\/\/api.w.org\/{rel}","templated":true}]}}