{"id":135103,"date":"2026-01-12T03:53:34","date_gmt":"2026-01-12T03:53:34","guid":{"rendered":"https:\/\/www.europesays.com\/no\/135103\/"},"modified":"2026-01-12T03:53:34","modified_gmt":"2026-01-12T03:53:34","slug":"modellbiler-til-salgs-kona-er-glad","status":"publish","type":"post","link":"https:\/\/www.europesays.com\/no\/135103\/","title":{"rendered":"Modellbiler til salgs: &#8211; Kona er glad"},"content":{"rendered":"<p class=\"kicker \" style=\"\">Ketil Solvik-Olsen<\/p>\n<p>    Tidligere Frp-kronprins Ketil Solvik-Olsen avsl\u00f8rer en lite kjent hobby &#8211; og hvem han mener b\u00f8r byttes ut i norsk politikk.<\/p>\n<p>\n    BLANT NORGES ST\u00d8RSTE: Ketil Solvik-Olsen har en av landets t\u00f8rste samling modellbiler, her utstilt p\u00e5 Norsk kj\u00f8ret\u00f8yhistorisk museum p\u00e5 Hunderfossen i Lillehammer. Foto: Privat\n  <\/p>\n<p>&#8211; Jeg selger det jeg har til overs.<\/p>\n<p>Mens resten av landet har \u00abvaske golvet og b\u00f8ri ved\u00bb, har ogs\u00e5 Ketil Solvik-Olsen (53) tatt sin t\u00f8rn i julestria: Han har lagt ut deler av modellbilsamlinga for salg.\u00a0<\/p>\n<p> Solvik-Olsen er mer kjent som tidligere Frp-nestleder og samferdselsminister, enn som modellbilmogul.\u00a0<\/p>\n<p>Men samlingen hans rommer 1660 biler og er trolig blant landets st\u00f8rste i sin st\u00f8rrelse. Bare \u00e9n av dem er elbil. <\/p>\n<p>        <img loading=\"lazy\" decoding=\"async\" src=\"https:\/\/www.europesays.com\/no\/wp-content\/uploads\/2026\/01\/84004736.webp.webp\" width=\"686\" height=\"913\" title=\"LEKEPLASS: Solvik-Olsens biler st\u00e5r klare til salg p\u00e5 en hobbybutikk p\u00e5 Bryne, der han bor. Foto: Privat\" alt=\"\" class=\"\" style=\"--aspect-ratio-image: 0.75; \"\/><\/p>\n<p>\n        LEKEPLASS: Solvik-Olsens biler st\u00e5r klare til salg p\u00e5 en hobbybutikk p\u00e5 Bryne, der han bor. Foto: Privat\n    <\/p>\n<p> &#8211; Jeg har holdt p\u00e5 med dette i flere ti\u00e5r. Som statsr\u00e5d hadde jeg mye plass, et helt departement, og da vokste samlingen. <\/p>\n<p>N\u00e5 skal han bytte ut rundt 100 av modellene, som ikke blir del av hans videre utstillinger.<\/p>\n<p>    <a itemprop=\"url\" href=\"https:\/\/borsen.dagbladet.no\/nyheter\/usa-truer-med-gjengjeldelse-mot-eu\/83994626\" rel=\"nofollow noopener\" target=\"_blank\"><\/p>\n<p>        <img loading=\"lazy\" decoding=\"async\" src=\"https:\/\/www.europesays.com\/no\/wp-content\/uploads\/2026\/01\/83994653.webp.webp\" width=\"980\" height=\"441\" title=\"USA truer med gjengjeldelse mot EU\" alt=\"\" class=\"lazyload\" style=\"--aspect-ratio-image: 2.22; \"\/><\/p>\n<p>        USA truer med gjengjeldelse mot EU<\/p>\n<p>    <\/a><\/p>\n<p>Museumsdealer\t<\/p>\n<p>Da han flyttet til USA i 2018, ble samleren ogs\u00e5 profesjonell. Norsk kj\u00f8ret\u00f8yhistorisk museum ville l\u00e5ne utstillingen hans.<\/p>\n<p>Mye av den hadde til da st\u00e5tt hjemme.<\/p>\n<p> &#8211; Kona er glad for det, sier han.<\/p>\n<p> J\u00e6rbuen var 18 \u00e5r i rikspolitikken og ble omtalt som Fremskrittspartiets kronprins. For to \u00e5r siden forsvant han fra toppvervet i partiet for \u00e5 prioritere familien.\u00a0\u00a0<\/p>\n<p>        <img loading=\"lazy\" decoding=\"async\" src=\"https:\/\/www.europesays.com\/no\/wp-content\/uploads\/2026\/01\/84005159.webp.webp\" width=\"980\" height=\"559\" title=\"WASHINGTON-HVISKER OG MODELLBILSAMLER: Ketil Solvik-Olsen, her da han bodde i Birmingham, Alabama. Foto: Johannes Wors\u00f8e Berg \/ Dagbladet\" alt=\"\" class=\"\" style=\"--aspect-ratio-image: 1.75; \"\/><\/p>\n<p>\n        WASHINGTON-HVISKER OG MODELLBILSAMLER: Ketil Solvik-Olsen, her da han bodde i Birmingham, Alabama. Foto: Johannes Wors\u00f8e Berg \/ Dagbladet\n    <\/p>\n<p>Som bosatt i Washington arbeidet han diplomatisk mot Trumps tollkrig og Gr\u00f8nland-trusler.\u00a0<\/p>\n<p>Nettverk og kontakter<a href=\"https:\/\/borsen.dagbladet.no\/nyheter\/gullbillett-kjekt\/82534450\" rel=\"nofollow noopener\" target=\"_blank\">\u00a0trakk i tr\u00e5der<\/a>\u00a0og sikret ham eksklusiv inngangsbillett p\u00e5 Trumps innsettelsesseremoni i \u00e5r.<\/p>\n<p> N\u00e5 er han tilknyttet PR-byr\u00e5et Geelmuyden Kiese og tankesmia Civita. P\u00e5 sp\u00f8rsm\u00e5l om han ogs\u00e5 er edderkoppen bak Fremskrittspartiets eventyrlige vekst, ler han.<\/p>\n<p>&#8211; Jeg har flere roller, men er tydelig p\u00e5 hvilken hatt jeg har. Jeg hjelper Geelmuyden Kiese prim\u00e6rt med tollkrigen, men er veldig p\u00e5passelig med at n\u00e5r jeg argumenterer her, er jeg ikke engasjert i Frp. Bare f\u00f8lelsesmessig.<\/p>\n<p>    <a itemprop=\"url\" href=\"https:\/\/borsen.dagbladet.no\/nyheter\/sylvi-stadig-storst\/83991327\" rel=\"nofollow noopener\" target=\"_blank\"><\/p>\n<p>        <img loading=\"lazy\" decoding=\"async\" src=\"https:\/\/www.europesays.com\/no\/wp-content\/uploads\/2026\/01\/83991927.webp.webp\" width=\"980\" height=\"441\" title=\"Sylvi stadig st\u00f8rst\" alt=\"\" class=\"lazyload\" style=\"--aspect-ratio-image: 2.22; \"\/><\/p>\n<p>        Sylvi stadig st\u00f8rst<\/p>\n<p>    <\/a><\/p>\n<p>Utelukker ikke comeback\t<\/p>\n<p> Frp har 27,3 prosent og\u00a0<a href=\"https:\/\/borsen.dagbladet.no\/nyheter\/sylvi-stadig-storst\/83991327\" rel=\"nofollow noopener\" target=\"_blank\">er st\u00f8rst p\u00e5 Dagbladets nye m\u00e5ling<\/a>. Solvik-Olsen utelukker ikke et comeback i norsk politikk.<\/p>\n<p>&#8211; Nei, alts\u00e5 det er ikke bare opp til meg. Men interessen har jeg. Jeg er bare litt over halvveis i livet, hvis jeg lever til jeg blir 100.\u00a0<\/p>\n<p>Solvik-Olsen har tidligere tatt til orde for et Frp med \u00abinnestemme om innvandring\u00bb. Den sindige modellbilsamleren fra Bryne mener partiet er blitt mer skikkelige i argumentasjonen.<\/p>\n<p>&#8211; Jeg er vokst opp i Frp p\u00e5 J\u00e6ren. Innvandring har aldri v\u00e6rt et sentralt tema der, det har v\u00e6rt energipolitikk, n\u00e6ringspolitikk og effektivisering. Vi har \u00e5penbart kommet et steg videre i \u00e5 vise at vi har v\u00e6rt et ansvarlig parti, og det skinner gjennom.<\/p>\n<p>    <a itemprop=\"url\" href=\"https:\/\/borsen.dagbladet.no\/nyheter\/den-er-litt-vond\/83993846\" rel=\"nofollow noopener\" target=\"_blank\"><\/p>\n<p>        <img loading=\"lazy\" decoding=\"async\" src=\"https:\/\/www.europesays.com\/no\/wp-content\/uploads\/2026\/01\/1768190013_955_83993851.webp.webp\" width=\"980\" height=\"441\" title=\"- Den er litt vond\" alt=\"\" class=\"lazyload\" style=\"--aspect-ratio-image: 2.22; \"\/><\/p>\n<p>        &#8211; Den er litt vond<\/p>\n<p>    <\/a><\/p>\n<p>Vedum-stikk\t<\/p>\n<p>Han mener Senterpartiet n\u00e5 b\u00f8r lokkes over til h\u00f8yresida og peker p\u00e5 Emilie Enger Mehl og Bj\u00f8rn Arild Gram som mer egnede partiledere enn Trygve Slagsvold Vedum.<\/p>\n<p>&#8211; Vedum virker forelsket i St\u00f8re, samtidig som partiet flytter seg mer i borgerlig retning. Jeg tror p\u00e5 regjeringsskifte i 2029, men skal det holde vann m\u00e5 Senterpartiet bytte side. Da b\u00f8r andre enn Vedum dominere. Gram er en grundigere og mer p\u00e5litelig fyr som ikke hopper og spretter s\u00e5 mye.<\/p>\n<p>    <a itemprop=\"url\" href=\"https:\/\/borsen.dagbladet.no\/nyheter\/permitterer-alle-ansatte\/84003208\" rel=\"nofollow noopener\" target=\"_blank\"><\/p>\n<p>        <img loading=\"lazy\" decoding=\"async\" src=\"https:\/\/www.europesays.com\/no\/wp-content\/uploads\/2026\/01\/84003220.webp.webp\" width=\"980\" height=\"441\" title=\"Permitterer alle ansatte\" alt=\"\" class=\"lazyload\" style=\"--aspect-ratio-image: 2.22; \"\/><\/p>\n<p>        Permitterer alle ansatte<\/p>\n<p>    <\/a><\/p>\n","protected":false},"excerpt":{"rendered":"Ketil Solvik-Olsen Tidligere Frp-kronprins Ketil Solvik-Olsen avsl\u00f8rer en lite kjent hobby &#8211; og hvem han mener b\u00f8r byttes&hellip;\n","protected":false},"author":2,"featured_media":135104,"comment_status":"","ping_status":"","sticky":false,"template":"","format":"standard","meta":{"footnotes":""},"categories":[10],"tags":[20,21,24,25,15,22,23,13,30,28,29,14,16,26,27],"class_list":{"0":"post-135103","1":"post","2":"type-post","3":"status-publish","4":"format-standard","5":"has-post-thumbnail","7":"category-norge","8":"tag-breaking-news","9":"tag-breakingnews","10":"tag-featured-news","11":"tag-featurednews","12":"tag-headlines","13":"tag-latest-news","14":"tag-latestnews","15":"tag-news","16":"tag-no","17":"tag-norge","18":"tag-norway","19":"tag-nyheter","20":"tag-overskrifter","21":"tag-top-stories","22":"tag-topstories"},"share_on_mastodon":{"url":"https:\/\/pubeurope.com\/@no\/115880106655383275","error":""},"_links":{"self":[{"href":"https:\/\/www.europesays.com\/no\/wp-json\/wp\/v2\/posts\/135103","targetHints":{"allow":["GET"]}}],"collection":[{"href":"https:\/\/www.europesays.com\/no\/wp-json\/wp\/v2\/posts"}],"about":[{"href":"https:\/\/www.europesays.com\/no\/wp-json\/wp\/v2\/types\/post"}],"author":[{"embeddable":true,"href":"https:\/\/www.europesays.com\/no\/wp-json\/wp\/v2\/users\/2"}],"replies":[{"embeddable":true,"href":"https:\/\/www.europesays.com\/no\/wp-json\/wp\/v2\/comments?post=135103"}],"version-history":[{"count":0,"href":"https:\/\/www.europesays.com\/no\/wp-json\/wp\/v2\/posts\/135103\/revisions"}],"wp:featuredmedia":[{"embeddable":true,"href":"https:\/\/www.europesays.com\/no\/wp-json\/wp\/v2\/media\/135104"}],"wp:attachment":[{"href":"https:\/\/www.europesays.com\/no\/wp-json\/wp\/v2\/media?parent=135103"}],"wp:term":[{"taxonomy":"category","embeddable":true,"href":"https:\/\/www.europesays.com\/no\/wp-json\/wp\/v2\/categories?post=135103"},{"taxonomy":"post_tag","embeddable":true,"href":"https:\/\/www.europesays.com\/no\/wp-json\/wp\/v2\/tags?post=135103"}],"curies":[{"name":"wp","href":"https:\/\/api.w.org\/{rel}","templated":true}]}}