{"id":135109,"date":"2026-01-12T04:43:45","date_gmt":"2026-01-12T04:43:45","guid":{"rendered":"https:\/\/www.europesays.com\/no\/135109\/"},"modified":"2026-01-12T04:43:45","modified_gmt":"2026-01-12T04:43:45","slug":"mange-tok-turen-til-alpinbakkane-fjordingen-no","status":"publish","type":"post","link":"https:\/\/www.europesays.com\/no\/135109\/","title":{"rendered":"Mange tok turen til alpinbakkane &#8211; fjordingen.no"},"content":{"rendered":"<ol>\n<li><a href=\"https:\/\/news.google.com\/rss\/articles\/CBMigAFBVV95cUxPS21RVjFPWTQ3dkVYd2kyeXJwY3VoQXN0S0QxRGoyeDZBVnhZdWRjc3drZTJuNjhIWWN4ay00bXMwWGxMX3h3anZhRVhnRHAzZERrNi16eXEwalBOQ0dvekRTa0F0MjRVczlZVmdVcm1HQ0RpNlZzRjUzbkpSb1VWbQ?oc=5\" target=\"_blank\" rel=\"nofollow noopener\">Mange tok turen til alpinbakkane<\/a>&nbsp;&nbsp;fjordingen.no<\/li>\n<li><a href=\"https:\/\/news.google.com\/rss\/articles\/CBMifkFVX3lxTE1sdUxqVHNxbXA3UHRuVHVEZXlhTU5fWHZ2Z3MzY1hxQlMycHJBZXluZ1JnQ0NhT3ZMVFVPdWNrWFVUbW40WE5RX24xRWJHRjFlLUd6NV9SaUM1clZZOUl4SlIzM0p3WDMzcWp1eUlWdlgwa2s2OHJOWVBGOTBHdw?oc=5\" target=\"_blank\" rel=\"nofollow noopener\">Yrande liv i bakken p\u00e5 opningsdagen<\/a>&nbsp;&nbsp;nyss.no<\/li>\n<li><a href=\"https:\/\/news.google.com\/rss\/articles\/CBMizwFBVV95cUxPSjhqU1VsYlN2NkdpeUdmTW5QMzVoVmNVaXVnS0N4ZDVhMjl3ZkE3aUh5MnlSY0trNFZMWmREWkhpVDhobXNsdGhkY2d2aWF1aEU1R2d4ZmpNU3F0d1ZTLTlkLUo3Q2hhN0RXZGdDVW5Ib0dVVXcwUl9MV1ZIcXVVSEZUYXhKc05hZHpOYlRLODVkOTE3bGRpV09DSmZJVkswQnU2NURad0w4OXZnbDB1VXdHNnpfQ3lvdUJWcWxBWVpUNlVtTDhaMlJWY1BkWGc?oc=5\" target=\"_blank\" rel=\"nofollow noopener\">\u00d8stlendingens skiguide: Alt du trenger \u00e5 vite om l\u00f8yper og bakker i hele v\u00e5rt dekningsomr\u00e5de<\/a>&nbsp;&nbsp;\u00d8stlendingen<\/li>\n<li><a href=\"https:\/\/news.google.com\/rss\/articles\/CBMigwFBVV95cUxPLWN6cjdtdWJhWjZ0YkJJaWVwOGRPR3lHVXppQi1CRzdIbTJ0ZHg0SXdmSUY5ZWVMeTVaMFVMdXZVazduRFlGaV8xUi1yaTJXcXR4SjR2cDZOSTA4cDNJWVhuMFVoek1qSHF0RERpTWc0VzdyVEx1NVJmZU8tLXd4RHNGdw?oc=5\" target=\"_blank\" rel=\"nofollow noopener\">Vestmarka, Asker Skiklubb | Endelig ut p\u00e5 ski: \u2013 Jeg bobler av glede!<\/a>&nbsp;&nbsp;Budstikka<\/li>\n<li><a href=\"https:\/\/news.google.com\/rss\/articles\/CBMiiAFBVV95cUxQc0ZoaWxJUHpwMUNkMFdoSm1qYVBLUlZDNjl1Z0NhSFJiRDJZUzBxd2xvQmVReWxfTlpFeGszb1pwOFBoaWl6TDF6ZmZUbFp1SmtKLU9hQ0FaQ1E3R1p4Q3k2RXh4WnhFa2lMZHp4aURWVFJhcGFGaFRVRFVNcGdqOThNVUdYV2NS?oc=5\" target=\"_blank\" rel=\"nofollow noopener\">Nydelege forhold under sesongopninga<\/a>&nbsp;&nbsp;fjordabladet.no<\/li>\n<\/ol>\n","protected":false},"excerpt":{"rendered":"Mange tok turen til alpinbakkane&nbsp;&nbsp;fjordingen.no Yrande liv i bakken p\u00e5 opningsdagen&nbsp;&nbsp;nyss.no \u00d8stlendingens skiguide: Alt du trenger \u00e5 vite&hellip;\n","protected":false},"author":2,"featured_media":135110,"comment_status":"","ping_status":"","sticky":false,"template":"","format":"standard","meta":{"footnotes":""},"categories":[5],"tags":[20,21,24,25,15,19,22,23,17,18,13,30,28,29,14,16,26,27],"class_list":{"0":"post-135109","1":"post","2":"type-post","3":"status-publish","4":"format-standard","5":"has-post-thumbnail","7":"category-overskrifter","8":"tag-breaking-news","9":"tag-breakingnews","10":"tag-featured-news","11":"tag-featurednews","12":"tag-headlines","13":"tag-hovedoppslag","14":"tag-latest-news","15":"tag-latestnews","16":"tag-main-news","17":"tag-mainnews","18":"tag-news","19":"tag-no","20":"tag-norge","21":"tag-norway","22":"tag-nyheter","23":"tag-overskrifter","24":"tag-top-stories","25":"tag-topstories"},"share_on_mastodon":{"url":"https:\/\/pubeurope.com\/@no\/115880303135653709","error":""},"_links":{"self":[{"href":"https:\/\/www.europesays.com\/no\/wp-json\/wp\/v2\/posts\/135109","targetHints":{"allow":["GET"]}}],"collection":[{"href":"https:\/\/www.europesays.com\/no\/wp-json\/wp\/v2\/posts"}],"about":[{"href":"https:\/\/www.europesays.com\/no\/wp-json\/wp\/v2\/types\/post"}],"author":[{"embeddable":true,"href":"https:\/\/www.europesays.com\/no\/wp-json\/wp\/v2\/users\/2"}],"replies":[{"embeddable":true,"href":"https:\/\/www.europesays.com\/no\/wp-json\/wp\/v2\/comments?post=135109"}],"version-history":[{"count":0,"href":"https:\/\/www.europesays.com\/no\/wp-json\/wp\/v2\/posts\/135109\/revisions"}],"wp:featuredmedia":[{"embeddable":true,"href":"https:\/\/www.europesays.com\/no\/wp-json\/wp\/v2\/media\/135110"}],"wp:attachment":[{"href":"https:\/\/www.europesays.com\/no\/wp-json\/wp\/v2\/media?parent=135109"}],"wp:term":[{"taxonomy":"category","embeddable":true,"href":"https:\/\/www.europesays.com\/no\/wp-json\/wp\/v2\/categories?post=135109"},{"taxonomy":"post_tag","embeddable":true,"href":"https:\/\/www.europesays.com\/no\/wp-json\/wp\/v2\/tags?post=135109"}],"curies":[{"name":"wp","href":"https:\/\/api.w.org\/{rel}","templated":true}]}}